{"id":6907,"date":"2022-12-19T18:52:06","date_gmt":"2022-12-19T17:52:06","guid":{"rendered":"https:\/\/www.ispas-ev.de\/?p=6907"},"modified":"2022-12-19T18:52:06","modified_gmt":"2022-12-19T17:52:06","slug":"presseartikel-in-prima-la-valtellina-ueber-den-besuch-der-sindelfinger-anlaesslich-60-jahre-staedtepartnerschaft","status":"publish","type":"post","link":"https:\/\/test.ispas-ev.de\/?p=6907","title":{"rendered":"Presseartikel in Prima La Valtellina \u00fcber den Besuch der Sindelfinger anl\u00e4sslich 60 Jahre St\u00e4dtepartnerschaft"},"content":{"rendered":"<p><span style=\"font-family: arial, helvetica, sans-serif; font-size: 12pt;\">Lesen Sie hier, was anl\u00e4sslich unserer B\u00fcrgerfahrt in der Presse in Sondrio stand.\u00a0<\/span><\/p>\n<p><span style=\"font-family: arial, helvetica, sans-serif; font-size: 12pt;\"><a href=\"https:\/\/www.ispas-ev.de\/wp-content\/uploads\/2022\/12\/Sondrio-Presse-Prima-La-Valteliina-uebersetzt-von-Simone-Becker.pdf\">Sondrio Presse Prima La Valteliina \u00fcbersetzt von Simone Becker<\/a><\/span><\/p>\n","protected":false},"excerpt":{"rendered":"<p>Lesen Sie hier, was anl\u00e4sslich unserer B\u00fcrgerfahrt in der Presse in Sondrio stand.\u00a0 Sondrio Presse Prima La Valteliina \u00fcbersetzt von Simone Becker<\/p>\n","protected":false},"author":16,"featured_media":6827,"comment_status":"closed","ping_status":"open","sticky":false,"template":"","format":"standard","meta":{"ngg_post_thumbnail":0},"categories":[41,24],"tags":[],"_links":{"self":[{"href":"https:\/\/test.ispas-ev.de\/index.php?rest_route=\/wp\/v2\/posts\/6907"}],"collection":[{"href":"https:\/\/test.ispas-ev.de\/index.php?rest_route=\/wp\/v2\/posts"}],"about":[{"href":"https:\/\/test.ispas-ev.de\/index.php?rest_route=\/wp\/v2\/types\/post"}],"author":[{"embeddable":true,"href":"https:\/\/test.ispas-ev.de\/index.php?rest_route=\/wp\/v2\/users\/16"}],"replies":[{"embeddable":true,"href":"https:\/\/test.ispas-ev.de\/index.php?rest_route=%2Fwp%2Fv2%2Fcomments&post=6907"}],"version-history":[{"count":1,"href":"https:\/\/test.ispas-ev.de\/index.php?rest_route=\/wp\/v2\/posts\/6907\/revisions"}],"predecessor-version":[{"id":6910,"href":"https:\/\/test.ispas-ev.de\/index.php?rest_route=\/wp\/v2\/posts\/6907\/revisions\/6910"}],"wp:featuredmedia":[{"embeddable":true,"href":"https:\/\/test.ispas-ev.de\/index.php?rest_route=\/wp\/v2\/media\/6827"}],"wp:attachment":[{"href":"https:\/\/test.ispas-ev.de\/index.php?rest_route=%2Fwp%2Fv2%2Fmedia&parent=6907"}],"wp:term":[{"taxonomy":"category","embeddable":true,"href":"https:\/\/test.ispas-ev.de\/index.php?rest_route=%2Fwp%2Fv2%2Fcategories&post=6907"},{"taxonomy":"post_tag","embeddable":true,"href":"https:\/\/test.ispas-ev.de\/index.php?rest_route=%2Fwp%2Fv2%2Ftags&post=6907"}],"curies":[{"name":"wp","href":"https:\/\/api.w.org\/{rel}","templated":true}]}}