{"id":6742,"date":"2022-11-12T17:24:37","date_gmt":"2022-11-12T16:24:37","guid":{"rendered":"https:\/\/www.ispas-ev.de\/?p=6742"},"modified":"2022-12-03T13:41:22","modified_gmt":"2022-12-03T12:41:22","slug":"reisebericht-der-ispas-buergerfahrt-nach-sondrio-vom-29-10-bis-02-11-22","status":"publish","type":"post","link":"https:\/\/test.ispas-ev.de\/?p=6742","title":{"rendered":"Reisebericht der ISPAS-B\u00fcrgerfahrt nach Sondrio vom 29.10. bis 02.11.22"},"content":{"rendered":"<p><strong><span style=\"font-family: arial, helvetica, sans-serif; font-size: 14pt;\">60 Jahre Partnerschaft Sindelfingen\/Sondrio<\/span><\/strong><\/p>\n<p><span style=\"font-family: arial, helvetica, sans-serif; font-size: 12pt;\">ISPAS-B\u00fcrgerreise, unterst\u00fctzt mit F\u00f6rdergeldern der EU, vom 29. Oktober bis 2. <\/span><span style=\"font-family: arial, helvetica, sans-serif; font-size: 12pt;\">November 2022 nach Sondrio<\/span><\/p>\n<p>&nbsp;<\/p>\n<p><span style=\"font-family: arial, helvetica, sans-serif;\"><a href=\"https:\/\/www.ispas-ev.de\/wp-content\/uploads\/2022\/11\/FB_IMG_1667209174047.jpg\"><img decoding=\"async\" loading=\"lazy\" class=\"alignnone size-medium wp-image-6732\" src=\"https:\/\/www.ispas-ev.de\/wp-content\/uploads\/2022\/11\/FB_IMG_1667209174047-225x300.jpg\" alt=\"\" width=\"225\" height=\"300\" srcset=\"https:\/\/test.ispas-ev.de\/wp-content\/uploads\/2022\/11\/FB_IMG_1667209174047-225x300.jpg 225w, https:\/\/test.ispas-ev.de\/wp-content\/uploads\/2022\/11\/FB_IMG_1667209174047-768x1024.jpg 768w, https:\/\/test.ispas-ev.de\/wp-content\/uploads\/2022\/11\/FB_IMG_1667209174047.jpg 1080w\" sizes=\"(max-width: 225px) 100vw, 225px\" \/><\/a><\/span><\/p>\n<p><span style=\"font-family: arial, helvetica, sans-serif;\">Am Samstag, 29. Oktober, reisten 44 B\u00fcrgerinnen und B\u00fcrger mit einem Bus der Firma Hassler gutgelaunt nach Sondrio. Das Wetter war wunderbar, die Sonne schien und nach mehrmaligen Stopps und einer Stadtf\u00fchrung in Feldkirch (\u00d6sterreich) kam die Gruppe gegen 17:30 Uhr in Sondrio an. Im Grand Hotel della Posta (bestes Hotel der Stadt) hie\u00df man die Reisegruppe herzlich willkommen. Die Zimmer waren schnell verteilt und um 19:30 gab es gemeinsam mit Vertretern der Stadt Sondrio ein Abendessen. Es war ein gelungener Abend. Die ersten Kontakte konnten gekn\u00fcpft werden und es gab einen regen Informationsaustausch.<\/span><\/p>\n<p><a href=\"https:\/\/www.ispas-ev.de\/wp-content\/uploads\/2022\/11\/FB_IMG_1668081893078-1.jpg\"><img decoding=\"async\" loading=\"lazy\" class=\"alignnone size-medium wp-image-6736\" src=\"https:\/\/www.ispas-ev.de\/wp-content\/uploads\/2022\/11\/FB_IMG_1668081893078-1-300x300.jpg\" alt=\"\" width=\"300\" height=\"300\" srcset=\"https:\/\/test.ispas-ev.de\/wp-content\/uploads\/2022\/11\/FB_IMG_1668081893078-1-300x300.jpg 300w, https:\/\/test.ispas-ev.de\/wp-content\/uploads\/2022\/11\/FB_IMG_1668081893078-1-150x150.jpg 150w, https:\/\/test.ispas-ev.de\/wp-content\/uploads\/2022\/11\/FB_IMG_1668081893078-1-24x24.jpg 24w, https:\/\/test.ispas-ev.de\/wp-content\/uploads\/2022\/11\/FB_IMG_1668081893078-1-48x48.jpg 48w, https:\/\/test.ispas-ev.de\/wp-content\/uploads\/2022\/11\/FB_IMG_1668081893078-1-96x96.jpg 96w, https:\/\/test.ispas-ev.de\/wp-content\/uploads\/2022\/11\/FB_IMG_1668081893078-1.jpg 769w\" sizes=\"(max-width: 300px) 100vw, 300px\" \/><\/a><\/p>\n<p><span style=\"font-family: arial, helvetica, sans-serif;\">Am Sonntag traf sich die Gruppe um 9:30 Uhr in der Hotellobby und wurde von Stefania Stoppani und weiteren Mitarbeiterinnen der Stadt Sondrio herzlich begr\u00fc\u00dft. Nach dem so genannten Rundgang \u201eFormaggio in Piazza\u201c durch die Innenstadt ging es weiterhin zu Fu\u00df, ca. 13 km, durch das Tal der Adda und durch Weinberge zur \u201eMadonna della Sassella\u201c. Dort oben angekommen wurden alle vom Verein \u201eAmici della Sassella\u201c herzlich mit einer kleinen Verkostung begr\u00fc\u00dft. Nach der Erholungspause ging die Wanderung bis Castione weiter. Dabei kamen die Wanderer noch an einer alten Weinpresse vorbei. Der Abend geh\u00f6rte ganz dem Naturfilm-Festival Sondrio, in dem unter anderem der mitgebrachte Film \u201eNaturschutzpark Sch\u00f6nbuch\u201c gezeigt wurde. Es war ein sehr interessanter Filmabend im Theater von Sondrio.<\/span><\/p>\n<p><span style=\"font-family: arial, helvetica, sans-serif;\">Bergwacht\u00a0 Alpini Ponchiera<\/span><span style=\"font-family: arial, helvetica, sans-serif;\"><a href=\"https:\/\/www.ispas-ev.de\/wp-content\/uploads\/2022\/11\/IMG-20221110-WA0005-1.jpg\"><img decoding=\"async\" loading=\"lazy\" class=\"alignnone size-medium wp-image-6737\" src=\"https:\/\/www.ispas-ev.de\/wp-content\/uploads\/2022\/11\/IMG-20221110-WA0005-1-300x225.jpg\" alt=\"\" width=\"300\" height=\"225\" srcset=\"https:\/\/test.ispas-ev.de\/wp-content\/uploads\/2022\/11\/IMG-20221110-WA0005-1-300x225.jpg 300w, https:\/\/test.ispas-ev.de\/wp-content\/uploads\/2022\/11\/IMG-20221110-WA0005-1-768x576.jpg 768w, https:\/\/test.ispas-ev.de\/wp-content\/uploads\/2022\/11\/IMG-20221110-WA0005-1.jpg 1024w\" sizes=\"(max-width: 300px) 100vw, 300px\" \/><\/a><\/span><\/p>\n<p><span style=\"font-family: arial, helvetica, sans-serif;\"><span style=\"font-family: arial, helvetica, sans-serif;\">Am dritten Tag wurden die Reisegruppe und Freunde aus Sondrio wieder am Hotel zu einer gro\u00dfen Stadtf\u00fchrung abgeholt. Sie besichtigten das Rathaus, die Bibliothek und das Museum. Nach einem l\u00e4ngeren Fu\u00dfmarsch trafen sie auf den Bergwachtverein \u201eAlpini Ponchiera\u201c der alle mit Polenta und Wein verw\u00f6hnte. Danach ging es zur neuen Fu\u00dfg\u00e4ngerbr\u00fccke \u00fcber die Cassandre des Mallero-Flusses.<\/span><span style=\"font-family: arial, helvetica, sans-serif;\">Am Abend fand der EU-Partnerschaftsabend zum Thema \u201e60 Jahre<\/span><\/span><span style=\"font-family: arial, helvetica, sans-serif;\">Sindelfingen\/Sondrio\u201c statt. Vom B\u00fcrgermeister Marco Scaremellini der Stadt Sondrio wurden die Teilnehmer der B\u00fcrgerfahrt und die st\u00e4dtische Delegation herzlich begr\u00fc\u00dft. Herr Roland Narr, Hauptamtsleiter bei der Stadt Sindelfingen, \u00fcberbrachte Gr\u00fc\u00dfe von Herrn Oberb\u00fcrgermeister Dr. V\u00f6hringer mit Schwerpunkt Europa. Die Vorsitzende des Vereins ISPAS e.V., Brigitte Stegmaier, brachte zum Ausdruck, wie wichtig Europa gerade in der heutigen Zeit der Kriege und Unruhen ist. Wie gerade f\u00fcr die Jugend europ\u00e4ische Kontakte und Begegnungen untereinander wichtig sind und nur durch Kontakte und gegenseitiges Kennenlernen Freundschaften und Vertrauen entstehen k\u00f6nnen. Simone Becker stellte die Arbeit des Vereins und die finanzielle Unterst\u00fctzung durch die EU vor und hielt ein kleines Interview mit L\u00e4ufern aus Sindelfingen und Sondrio. Mit einer Weinverkostung durch ISPAS-Mitglied Thomas Speer, mit guten Gespr\u00e4chen und neu gekn\u00fcpften Kontakten klang der Partnerschaftsabend aus.<\/span><\/p>\n<p><a href=\"https:\/\/www.ispas-ev.de\/wp-content\/uploads\/2022\/11\/IMG-20221110-WA0010.jpg\"><img decoding=\"async\" loading=\"lazy\" class=\"alignnone size-medium wp-image-6738\" src=\"https:\/\/www.ispas-ev.de\/wp-content\/uploads\/2022\/11\/IMG-20221110-WA0010-300x225.jpg\" alt=\"\" width=\"300\" height=\"225\" srcset=\"https:\/\/test.ispas-ev.de\/wp-content\/uploads\/2022\/11\/IMG-20221110-WA0010-300x225.jpg 300w, https:\/\/test.ispas-ev.de\/wp-content\/uploads\/2022\/11\/IMG-20221110-WA0010-768x576.jpg 768w, https:\/\/test.ispas-ev.de\/wp-content\/uploads\/2022\/11\/IMG-20221110-WA0010.jpg 1024w\" sizes=\"(max-width: 300px) 100vw, 300px\" \/><\/a><a href=\"https:\/\/www.ispas-ev.de\/wp-content\/uploads\/2022\/11\/IMG-20221110-WA0012-1.jpg\"><img decoding=\"async\" loading=\"lazy\" class=\"alignnone size-medium wp-image-6739\" src=\"https:\/\/www.ispas-ev.de\/wp-content\/uploads\/2022\/11\/IMG-20221110-WA0012-1-300x225.jpg\" alt=\"\" width=\"300\" height=\"225\" srcset=\"https:\/\/test.ispas-ev.de\/wp-content\/uploads\/2022\/11\/IMG-20221110-WA0012-1-300x225.jpg 300w, https:\/\/test.ispas-ev.de\/wp-content\/uploads\/2022\/11\/IMG-20221110-WA0012-1-768x576.jpg 768w, https:\/\/test.ispas-ev.de\/wp-content\/uploads\/2022\/11\/IMG-20221110-WA0012-1.jpg 1024w\" sizes=\"(max-width: 300px) 100vw, 300px\" \/><\/a><\/p>\n<p><span style=\"font-family: arial, helvetica, sans-serif;\">Am n\u00e4chsten Tag ging es mit dem Bus \u00fcber die Strada dei Vini e dei Sapori (Stra\u00dfe des Weins und der K\u00f6stlichkeiten) nach Teglio. Dort wurde gezeigt, wie die Pizzocheri hergestellt werden; die Gruppe erwartete anschlie\u00dfend ein sehr gutes Mittagessen mit Pizzocheri. Danach gab es noch einen Besuch in einem Weingut mit Verkostung von Wein, K\u00e4se und Bresaola.<\/span><\/p>\n<p><span style=\"font-family: arial, helvetica, sans-serif;\">Schlie\u00dflich f\u00fchrte am letzten Tag die Reise \u00fcber Konstanz (mit Zeit zur freien Verf\u00fcgung) zur\u00fcck nach Sindelfingen.<\/span><\/p>\n<p><span style=\"font-family: arial, helvetica, sans-serif;\">Die Teilnehmenden der B\u00fcrgerfahrt blicken auf interessante und abwechslungsreiche Tage bei \u00fcberwiegend herrlichem Wetter zur\u00fcck. Sie hatten nochmals eine interessante Fahrt \u00fcber die Berge und sind dankbar f\u00fcr all die wunderbaren Sehensw\u00fcrdigkeiten und Spezialit\u00e4ten, welche sie in Sondrio entdecken durften. Besonders zu erw\u00e4hnen sind auch die kulturellen H\u00f6hepunkte mit dem Film-Festival, wo sie so freundlich empfangen und geehrt wurden. Danke f\u00fcr die vielen Fragen und die interessanten Gespr\u00e4che, die gef\u00fchrt wurden. Diese haben den Sindelfinger B\u00fcrgerinnen und B\u00fcrgern die Stadt und die Situation in Sondrio erneut in besonderer Weise n\u00e4hergebracht.<\/span><\/p>\n<p>&nbsp;<\/p>\n<p>&nbsp;<\/p>\n<p><span style=\"font-family: arial, helvetica, sans-serif;\"><strong>\u00a0<\/strong><\/span><\/p>\n","protected":false},"excerpt":{"rendered":"<p>60 Jahre Partnerschaft Sindelfingen\/Sondrio ISPAS-B\u00fcrgerreise, unterst\u00fctzt mit F\u00f6rdergeldern der EU, vom 29. Oktober bis 2. November 2022 nach Sondrio &nbsp; Am Samstag, 29. Oktober, reisten 44 B\u00fcrgerinnen und B\u00fcrger mit [&hellip;]<\/p>\n","protected":false},"author":16,"featured_media":6738,"comment_status":"closed","ping_status":"open","sticky":false,"template":"","format":"standard","meta":{"ngg_post_thumbnail":0},"categories":[46,24],"tags":[],"_links":{"self":[{"href":"https:\/\/test.ispas-ev.de\/index.php?rest_route=\/wp\/v2\/posts\/6742"}],"collection":[{"href":"https:\/\/test.ispas-ev.de\/index.php?rest_route=\/wp\/v2\/posts"}],"about":[{"href":"https:\/\/test.ispas-ev.de\/index.php?rest_route=\/wp\/v2\/types\/post"}],"author":[{"embeddable":true,"href":"https:\/\/test.ispas-ev.de\/index.php?rest_route=\/wp\/v2\/users\/16"}],"replies":[{"embeddable":true,"href":"https:\/\/test.ispas-ev.de\/index.php?rest_route=%2Fwp%2Fv2%2Fcomments&post=6742"}],"version-history":[{"count":6,"href":"https:\/\/test.ispas-ev.de\/index.php?rest_route=\/wp\/v2\/posts\/6742\/revisions"}],"predecessor-version":[{"id":6894,"href":"https:\/\/test.ispas-ev.de\/index.php?rest_route=\/wp\/v2\/posts\/6742\/revisions\/6894"}],"wp:featuredmedia":[{"embeddable":true,"href":"https:\/\/test.ispas-ev.de\/index.php?rest_route=\/wp\/v2\/media\/6738"}],"wp:attachment":[{"href":"https:\/\/test.ispas-ev.de\/index.php?rest_route=%2Fwp%2Fv2%2Fmedia&parent=6742"}],"wp:term":[{"taxonomy":"category","embeddable":true,"href":"https:\/\/test.ispas-ev.de\/index.php?rest_route=%2Fwp%2Fv2%2Fcategories&post=6742"},{"taxonomy":"post_tag","embeddable":true,"href":"https:\/\/test.ispas-ev.de\/index.php?rest_route=%2Fwp%2Fv2%2Ftags&post=6742"}],"curies":[{"name":"wp","href":"https:\/\/api.w.org\/{rel}","templated":true}]}}