{"id":6664,"date":"2022-10-11T13:19:15","date_gmt":"2022-10-11T11:19:15","guid":{"rendered":"https:\/\/www.ispas-ev.de\/?p=6664"},"modified":"2022-10-11T13:31:42","modified_gmt":"2022-10-11T11:31:42","slug":"brief-der-vorsitzenden-im-namen-des-gesamten-vorstands-zum-tod-von-dorothea-buehler","status":"publish","type":"post","link":"https:\/\/test.ispas-ev.de\/?p=6664","title":{"rendered":"Brief der Vorsitzenden im Namen des gesamten Vorstands zum Tod von Dorothea B\u00fchler"},"content":{"rendered":"<p>Liebe ISPAS Mitglieder, liebe Freunde und Freundinnen unseres Vereins,<\/p>\n<p>Heute muss ich Sie leider dar\u00fcber informieren, dass unsere langj\u00e4hrige ehemalige Vorsitzende Dorothea B\u00fchler am Mittwoch, 5. Oktober, \u00fcberraschend verstarb. Unsere Anteilnahme gilt der gesamten Familie.<\/p>\n<p>Dorothea B\u00fchler war Gr\u00fcndungsmitglied unseres Vereins, zuerst stellvertretende Vorsitzende und 1998 wurde sie zur 1.\u00a0 Vorsitzenden gew\u00e4hlt. Bis 2002 war sie auch Sprecherin f\u00fcr die Partnerstadt Torgau. Danach wurde sie Sprecherin der Partnerstadt Chelm.<\/p>\n<p>Dorothea war bis zu ihrem Lebensende voller Ideen und an den Angeboten der breiten \u00d6ffentlichkeit sehr interessiert. Immer wieder kam sie mit neuen Ideen, die zwar nicht immer umsetzbar waren, doch viele konnten verwirklicht werden. Unseren Verein ISPAS e.V. hat sie stark gepr\u00e4gt und sich immer f\u00fcr die Partnerschaftsarbeit, auch f\u00fcr die partnerschaftliche Jugendarbeit eingesetzt. Sie hatte ein offenes Haus, war sehr gastfreundlich. Sie nahm immer wieder G\u00e4ste bei sich auf, nicht nur aus den Partnerst\u00e4dten. Es war ihr nie etwas zu viel. Sie k\u00e4mpfte daf\u00fcr, dass die Sindelfinger Partnerst\u00e4dte bekannt wurden, dass ihr Stellenwert gestiegen ist. Die Partnerstadt Chelm lag ihr bis zum Schluss sehr am Herzen. Wir sind dankbar, dass Dorothea so viele Jahre als Sindelfinger Botschafterin der Partnerschaften in unserem Verein t\u00e4tig war.<\/p>\n<p>Der pl\u00f6tzliche Tod von Dorothea ber\u00fchrt uns alle sehr. War sie doch nie krank und bis zuletzt voller Tatendrang.<\/p>\n<p>F\u00fcr Dorothea war es hoffentlich ein schmerzfreier und schneller Tod. Der Verein ISPAS hat Dorothea B\u00fchler sehr viel zu verdanken. Wir werden uns immer mit gro\u00dfer Wertsch\u00e4tzung an sie erinnern.<\/p>\n<p>Die Beerdigung findet am 24. Oktober um 12 Uhr auf dem Burghaldenfriedhof statt.<\/p>\n<p>&nbsp;<\/p>\n<p>Vorstand und erweiterter Vorstand<\/p>\n<p>Brigitte Stegmaier<\/p>\n<p>Vorsitzende<\/p>\n","protected":false},"excerpt":{"rendered":"<p>Liebe ISPAS Mitglieder, liebe Freunde und Freundinnen unseres Vereins, Heute muss ich Sie leider dar\u00fcber informieren, dass unsere langj\u00e4hrige ehemalige Vorsitzende Dorothea B\u00fchler am Mittwoch, 5. Oktober, \u00fcberraschend verstarb. Unsere [&hellip;]<\/p>\n","protected":false},"author":16,"featured_media":3102,"comment_status":"closed","ping_status":"open","sticky":false,"template":"","format":"standard","meta":{"ngg_post_thumbnail":0},"categories":[1,40],"tags":[],"_links":{"self":[{"href":"https:\/\/test.ispas-ev.de\/index.php?rest_route=\/wp\/v2\/posts\/6664"}],"collection":[{"href":"https:\/\/test.ispas-ev.de\/index.php?rest_route=\/wp\/v2\/posts"}],"about":[{"href":"https:\/\/test.ispas-ev.de\/index.php?rest_route=\/wp\/v2\/types\/post"}],"author":[{"embeddable":true,"href":"https:\/\/test.ispas-ev.de\/index.php?rest_route=\/wp\/v2\/users\/16"}],"replies":[{"embeddable":true,"href":"https:\/\/test.ispas-ev.de\/index.php?rest_route=%2Fwp%2Fv2%2Fcomments&post=6664"}],"version-history":[{"count":4,"href":"https:\/\/test.ispas-ev.de\/index.php?rest_route=\/wp\/v2\/posts\/6664\/revisions"}],"predecessor-version":[{"id":6671,"href":"https:\/\/test.ispas-ev.de\/index.php?rest_route=\/wp\/v2\/posts\/6664\/revisions\/6671"}],"wp:featuredmedia":[{"embeddable":true,"href":"https:\/\/test.ispas-ev.de\/index.php?rest_route=\/wp\/v2\/media\/3102"}],"wp:attachment":[{"href":"https:\/\/test.ispas-ev.de\/index.php?rest_route=%2Fwp%2Fv2%2Fmedia&parent=6664"}],"wp:term":[{"taxonomy":"category","embeddable":true,"href":"https:\/\/test.ispas-ev.de\/index.php?rest_route=%2Fwp%2Fv2%2Fcategories&post=6664"},{"taxonomy":"post_tag","embeddable":true,"href":"https:\/\/test.ispas-ev.de\/index.php?rest_route=%2Fwp%2Fv2%2Ftags&post=6664"}],"curies":[{"name":"wp","href":"https:\/\/api.w.org\/{rel}","templated":true}]}}