{"id":6611,"date":"2022-10-01T14:22:40","date_gmt":"2022-10-01T12:22:40","guid":{"rendered":"https:\/\/www.ispas-ev.de\/?p=6611"},"modified":"2022-10-01T14:22:40","modified_gmt":"2022-10-01T12:22:40","slug":"einladung-zur-buergerfahrt-nach-sondrio-vom-29-10-22-bis-02-11-22","status":"publish","type":"post","link":"https:\/\/test.ispas-ev.de\/?p=6611","title":{"rendered":"Einladung zur B\u00fcrgerfahrt nach Sondrio vom 29.10.22 bis 02.11.22"},"content":{"rendered":"<p>Liebe Mitglieder, Freundinnen und Freunde unseres Vereins!<\/p>\n<p>Heute k\u00f6nnen wir Ihnen nun endlich die Ausschreibung der B\u00fcrgerfahrt in unsere italienische Partnerstadt Sondrio schicken. Sie findet in der Zeit vom 29. Oktober bis 02. November 2022 statt. Da mir schon m\u00fcndliche und schriftliche Vorbuchungen vorliegen und nur noch wenige Pl\u00e4tze frei sind, bitte ich um schnelle Anmeldungen. Auch alle mir schon genannten Personen bitte ich, das Anmeldeformular ausgef\u00fcllt wieder an mich zur\u00fcckzuschicken. F\u00fcr diese Reise erhalten wir F\u00f6rdermittel der <strong>EU,<\/strong> die wir mit jeweils 50\u20ac (f\u00fcr Ausfl\u00fcge, im Endpreis schon ber\u00fccksichtigt) an die mitreisenden Personen weitergeben.<\/p>\n<p>Wir freuen uns, dass diese B\u00fcrgerfahrt nach Sondrio trotz vieler Abw\u00e4gungen, Besprechungen und immer wieder \u00c4nderungen stattfinden kann und freuen uns auf <strong>Sie.<\/strong><\/p>\n<p>Viele Gr\u00fc\u00dfe<\/p>\n<p>Brigitte Stegmaier\u00a0\u00a0\u00a0\u00a0\u00a0\u00a0\u00a0\u00a0\u00a0\u00a0\u00a0\u00a0\u00a0\u00a0\u00a0\u00a0\u00a0\u00a0\u00a0\u00a0\u00a0\u00a0\u00a0\u00a0\u00a0\u00a0\u00a0\u00a0\u00a0\u00a0\u00a0 Italia Frazzetta\u00a0\u00a0\u00a0\u00a0\u00a0\u00a0\u00a0\u00a0\u00a0\u00a0\u00a0\u00a0\u00a0\u00a0\u00a0\u00a0\u00a0\u00a0\u00a0\u00a0\u00a0\u00a0\u00a0\u00a0\u00a0\u00a0\u00a0\u00a0\u00a0\u00a0\u00a0\u00a0\u00a0\u00a0\u00a0\u00a0 Simone Becker<\/p>\n<p>Vorsitzende\u00a0\u00a0\u00a0\u00a0\u00a0\u00a0\u00a0\u00a0\u00a0\u00a0\u00a0\u00a0\u00a0\u00a0\u00a0\u00a0\u00a0\u00a0\u00a0\u00a0\u00a0\u00a0\u00a0\u00a0\u00a0\u00a0\u00a0\u00a0\u00a0\u00a0\u00a0\u00a0\u00a0\u00a0\u00a0\u00a0\u00a0\u00a0\u00a0\u00a0 Sprecherin f\u00fcr Sondrio\u00a0\u00a0\u00a0\u00a0\u00a0\u00a0\u00a0\u00a0\u00a0\u00a0\u00a0\u00a0\u00a0\u00a0\u00a0\u00a0\u00a0\u00a0\u00a0\u00a0\u00a0\u00a0\u00a0\u00a0 EU-Beauftragte von <a href=\"https:\/\/www.ispas-ev.de\/wp-content\/uploads\/2022\/10\/Ausschreibung_ISPAS_Buergerfahrt_Sondrio.pdf\">Ausschreibung_ISPAS_B\u00fcrgerfahrt_Sondrio<\/a><\/p>\n<p><a href=\"https:\/\/www.ispas-ev.de\/wp-content\/uploads\/2022\/10\/2022-Anmeldebogen-Buergerfahrt-Sondrio.docx\">2022 Anmeldebogen B\u00fcrgerfahrt Sondrio<\/a><\/p>\n","protected":false},"excerpt":{"rendered":"<p>Liebe Mitglieder, Freundinnen und Freunde unseres Vereins! Heute k\u00f6nnen wir Ihnen nun endlich die Ausschreibung der B\u00fcrgerfahrt in unsere italienische Partnerstadt Sondrio schicken. Sie findet in der Zeit vom 29. [&hellip;]<\/p>\n","protected":false},"author":16,"featured_media":0,"comment_status":"closed","ping_status":"open","sticky":false,"template":"","format":"standard","meta":{"ngg_post_thumbnail":0},"categories":[1],"tags":[],"_links":{"self":[{"href":"https:\/\/test.ispas-ev.de\/index.php?rest_route=\/wp\/v2\/posts\/6611"}],"collection":[{"href":"https:\/\/test.ispas-ev.de\/index.php?rest_route=\/wp\/v2\/posts"}],"about":[{"href":"https:\/\/test.ispas-ev.de\/index.php?rest_route=\/wp\/v2\/types\/post"}],"author":[{"embeddable":true,"href":"https:\/\/test.ispas-ev.de\/index.php?rest_route=\/wp\/v2\/users\/16"}],"replies":[{"embeddable":true,"href":"https:\/\/test.ispas-ev.de\/index.php?rest_route=%2Fwp%2Fv2%2Fcomments&post=6611"}],"version-history":[{"count":1,"href":"https:\/\/test.ispas-ev.de\/index.php?rest_route=\/wp\/v2\/posts\/6611\/revisions"}],"predecessor-version":[{"id":6614,"href":"https:\/\/test.ispas-ev.de\/index.php?rest_route=\/wp\/v2\/posts\/6611\/revisions\/6614"}],"wp:attachment":[{"href":"https:\/\/test.ispas-ev.de\/index.php?rest_route=%2Fwp%2Fv2%2Fmedia&parent=6611"}],"wp:term":[{"taxonomy":"category","embeddable":true,"href":"https:\/\/test.ispas-ev.de\/index.php?rest_route=%2Fwp%2Fv2%2Fcategories&post=6611"},{"taxonomy":"post_tag","embeddable":true,"href":"https:\/\/test.ispas-ev.de\/index.php?rest_route=%2Fwp%2Fv2%2Ftags&post=6611"}],"curies":[{"name":"wp","href":"https:\/\/api.w.org\/{rel}","templated":true}]}}