{"id":6602,"date":"2022-09-09T13:40:05","date_gmt":"2022-09-09T11:40:05","guid":{"rendered":"https:\/\/www.ispas-ev.de\/?p=6602"},"modified":"2022-09-09T13:40:05","modified_gmt":"2022-09-09T11:40:05","slug":"information-ueber-die-ispas-buergerfahrt-nach-sondrio-29-oktober-bis-02-november-2022","status":"publish","type":"post","link":"https:\/\/test.ispas-ev.de\/?p=6602","title":{"rendered":"Information \u00fcber die ISPAS-B\u00fcrgerfahrt nach Sondrio 29. Oktober bis 02. November 2022"},"content":{"rendered":"<p><span style=\"font-family: arial, helvetica, sans-serif; font-size: 12pt;\"><strong>Kurzbeschreibung: <\/strong><\/span><\/p>\n<p><span style=\"font-family: arial, helvetica, sans-serif; font-size: 12pt;\">Unsere geplante Aktivit\u00e4t ist ein 5-t\u00e4giger Besuch von ca. 40 &#8211; 50 B\u00fcrgern aus Sindelfingen nach Sondrio, Italien in 2022. Der Besuch wird von einer Delegation unter Leitung des EBM Christian Gangl von Sindelfingen begleitet. Im Mittelpunkt des Besuchs steht ein Partnerschaftsabend, an dem sich die deutschen und italienischen B\u00fcrgerinnen und B\u00fcrger untereinander und mit ihren Delegierten \u00fcber soziale und politische Aspekte austauschen. Themen sind die Gr\u00fcndung der St\u00e4dtepartnerschaft und die M\u00f6glichkeiten gemeinsamer internationaler Aktivit\u00e4ten in den Bereichen Soziales, Kultur und Jugend. Als europ\u00e4ische Themen werden die M\u00f6glichkeiten der B\u00fcrgerbeteiligung in Europa durch einen Beitrag zur &#8222;Konferenz \u00fcber die Zukunft Europas&#8220; angesprochen.<\/span><\/p>\n<p><span style=\"font-family: arial, helvetica, sans-serif; font-size: 12pt;\"><strong>Sa, 29.10.22 Tag 1<\/strong>: Ankunft in Sondrio, Italien. Unterwegs Halt f\u00fcr eine Sehensw\u00fcrdigkeit<\/span><\/p>\n<p><span style=\"font-family: arial, helvetica, sans-serif; font-size: 12pt;\"><strong>So, 30.10.22 Tag 2<\/strong>: Teilnahme am Sondrio Naturfilm-Festival<\/span><\/p>\n<p><span style=\"font-family: arial, helvetica, sans-serif; font-size: 12pt;\"><strong>Mo, 31.10.22 Tag 3<\/strong>: Begr\u00fc\u00dfung der deutschen B\u00fcrger:innen im Rathaus von Sondrio mit anschlie\u00dfender Stadtf\u00fchrung und Partnerschaftsabend der B\u00fcrger:innen beider St\u00e4dte und ihrer Delegierten.<\/span><\/p>\n<p><span style=\"font-family: arial, helvetica, sans-serif; font-size: 12pt;\"><strong>Di, 01.11.22\u00a0 Tag 4<\/strong>: Vernetzung der St\u00e4dtepartnerschaftsorganisationen und Ausflug im Umfeld von Sondrio mit traditionellem Handwerk oder Kulturerbe<\/span><\/p>\n<p><span style=\"font-family: arial, helvetica, sans-serif; font-size: 12pt;\"><strong>Mi, 02.11.22\u00a0 Tag 5<\/strong>: Abreise und R\u00fcckreise nach Deutschland. Unterwegs Halt f\u00fcr eine Sehensw\u00fcrdigkeit<\/span><\/p>\n<p><span style=\"font-family: arial, helvetica, sans-serif; font-size: 12pt;\">Der Musikverein Stadtkapelle Sindelfingen wird uns begleiten und wir hoffen auf ein Konzert in Sondrio. Absprachen dar\u00fcber laufen. Untergebracht werden wir im Hotel Post, Sondrio.<\/span><\/p>\n<p><span style=\"font-family: arial, helvetica, sans-serif; font-size: 12pt;\">Italien ist noch im Urlaubsmodus und genaue Informationen erhalte ich erst <strong>nach dem 13. September<\/strong>. Deshalb kann ich heute leider noch keine Preisangaben der B\u00fcrgerfahrt nennen. Ich hoffe, bis Ende September die Ausschreibungsunterlagen und das Anmeldeformular zu verschicken. Aber sollten Sie Interesse haben, dann lassen Sie sich bitte vormerken, denn die Nachfrage ist bisher schon sehr gro\u00df. (<a href=\"mailto:info@ispas-ev.de\">info@ispas-ev.de<\/a> oder 07031 435970, AB ist geschaltet).<\/span><\/p>\n<p>&nbsp;<\/p>\n<p>&nbsp;<\/p>\n<p>&nbsp;<\/p>\n","protected":false},"excerpt":{"rendered":"<p>Kurzbeschreibung: Unsere geplante Aktivit\u00e4t ist ein 5-t\u00e4giger Besuch von ca. 40 &#8211; 50 B\u00fcrgern aus Sindelfingen nach Sondrio, Italien in 2022. Der Besuch wird von einer Delegation unter Leitung des [&hellip;]<\/p>\n","protected":false},"author":16,"featured_media":0,"comment_status":"closed","ping_status":"open","sticky":false,"template":"","format":"standard","meta":{"ngg_post_thumbnail":0},"categories":[1,24],"tags":[],"_links":{"self":[{"href":"https:\/\/test.ispas-ev.de\/index.php?rest_route=\/wp\/v2\/posts\/6602"}],"collection":[{"href":"https:\/\/test.ispas-ev.de\/index.php?rest_route=\/wp\/v2\/posts"}],"about":[{"href":"https:\/\/test.ispas-ev.de\/index.php?rest_route=\/wp\/v2\/types\/post"}],"author":[{"embeddable":true,"href":"https:\/\/test.ispas-ev.de\/index.php?rest_route=\/wp\/v2\/users\/16"}],"replies":[{"embeddable":true,"href":"https:\/\/test.ispas-ev.de\/index.php?rest_route=%2Fwp%2Fv2%2Fcomments&post=6602"}],"version-history":[{"count":1,"href":"https:\/\/test.ispas-ev.de\/index.php?rest_route=\/wp\/v2\/posts\/6602\/revisions"}],"predecessor-version":[{"id":6603,"href":"https:\/\/test.ispas-ev.de\/index.php?rest_route=\/wp\/v2\/posts\/6602\/revisions\/6603"}],"wp:attachment":[{"href":"https:\/\/test.ispas-ev.de\/index.php?rest_route=%2Fwp%2Fv2%2Fmedia&parent=6602"}],"wp:term":[{"taxonomy":"category","embeddable":true,"href":"https:\/\/test.ispas-ev.de\/index.php?rest_route=%2Fwp%2Fv2%2Fcategories&post=6602"},{"taxonomy":"post_tag","embeddable":true,"href":"https:\/\/test.ispas-ev.de\/index.php?rest_route=%2Fwp%2Fv2%2Ftags&post=6602"}],"curies":[{"name":"wp","href":"https:\/\/api.w.org\/{rel}","templated":true}]}}