{"id":6553,"date":"2022-08-18T11:24:41","date_gmt":"2022-08-18T09:24:41","guid":{"rendered":"https:\/\/www.ispas-ev.de\/?p=6553"},"modified":"2022-08-20T19:28:44","modified_gmt":"2022-08-20T17:28:44","slug":"wanderung-und-weinverkostung-mit-barbara-und-thomas-speer","status":"publish","type":"post","link":"https:\/\/test.ispas-ev.de\/?p=6553","title":{"rendered":"Wanderung und Weinverkostung  mit Barbara und Thomas Speer"},"content":{"rendered":"<p><a href=\"https:\/\/www.ispas-ev.de\/wp-content\/uploads\/2022\/08\/Wanderung-und-Weinverkostung-mit-Barbara-und-Thomas-Speer_1.jpg\"><img decoding=\"async\" loading=\"lazy\" class=\"alignnone wp-image-6542 size-full\" src=\"https:\/\/www.ispas-ev.de\/wp-content\/uploads\/2022\/08\/Wanderung-und-Weinverkostung-mit-Barbara-und-Thomas-Speer_1.jpg\" alt=\"\" width=\"1160\" height=\"773\" srcset=\"https:\/\/test.ispas-ev.de\/wp-content\/uploads\/2022\/08\/Wanderung-und-Weinverkostung-mit-Barbara-und-Thomas-Speer_1.jpg 1160w, https:\/\/test.ispas-ev.de\/wp-content\/uploads\/2022\/08\/Wanderung-und-Weinverkostung-mit-Barbara-und-Thomas-Speer_1-300x200.jpg 300w, https:\/\/test.ispas-ev.de\/wp-content\/uploads\/2022\/08\/Wanderung-und-Weinverkostung-mit-Barbara-und-Thomas-Speer_1-1024x682.jpg 1024w, https:\/\/test.ispas-ev.de\/wp-content\/uploads\/2022\/08\/Wanderung-und-Weinverkostung-mit-Barbara-und-Thomas-Speer_1-768x512.jpg 768w\" sizes=\"(max-width: 1160px) 100vw, 1160px\" \/><\/a><\/p>\n<p><a href=\"https:\/\/www.ispas-ev.de\/wp-content\/uploads\/2022\/08\/Wanderung-und-Weinverkostung-mit-Barbara-und-Thomas-Speer_2.jpg\"><img decoding=\"async\" loading=\"lazy\" class=\"alignleft wp-image-6543 size-medium\" src=\"https:\/\/www.ispas-ev.de\/wp-content\/uploads\/2022\/08\/Wanderung-und-Weinverkostung-mit-Barbara-und-Thomas-Speer_2-300x225.jpg\" alt=\"\" width=\"300\" height=\"225\" srcset=\"https:\/\/test.ispas-ev.de\/wp-content\/uploads\/2022\/08\/Wanderung-und-Weinverkostung-mit-Barbara-und-Thomas-Speer_2-300x225.jpg 300w, https:\/\/test.ispas-ev.de\/wp-content\/uploads\/2022\/08\/Wanderung-und-Weinverkostung-mit-Barbara-und-Thomas-Speer_2-768x576.jpg 768w, https:\/\/test.ispas-ev.de\/wp-content\/uploads\/2022\/08\/Wanderung-und-Weinverkostung-mit-Barbara-und-Thomas-Speer_2.jpg 855w\" sizes=\"(max-width: 300px) 100vw, 300px\" \/><\/a>Am Samstag, 06. August wurde p\u00fcnktlich um 16 Uhr eine kleine Gruppe ISPAS-Mitglieder auf dem Wanderparkplatz Breitenholz, von Thomas Speer und seiner Frau Barbara, nach Winzerart, mit einem Glas Prosecco begr\u00fc\u00dft und somit schon auf den gemeinsamen Nachmittag eingestimmt. Nach dem leckeren Tropfen waren wir alle hochmotiviert unsere \u201eTr\u00f6pflestour\u201c in fr\u00f6hlicher Runde zu starten.<\/p>\n<p><a href=\"https:\/\/www.ispas-ev.de\/wp-content\/uploads\/2022\/08\/Wanderung-und-Weinverkostung-mit-Barbara-und-Thomas-Speer_3.jpg\"><img decoding=\"async\" loading=\"lazy\" class=\"alignright wp-image-6544 size-medium\" src=\"https:\/\/www.ispas-ev.de\/wp-content\/uploads\/2022\/08\/Wanderung-und-Weinverkostung-mit-Barbara-und-Thomas-Speer_3-300x225.jpg\" alt=\"\" width=\"300\" height=\"225\" srcset=\"https:\/\/test.ispas-ev.de\/wp-content\/uploads\/2022\/08\/Wanderung-und-Weinverkostung-mit-Barbara-und-Thomas-Speer_3-300x225.jpg 300w, https:\/\/test.ispas-ev.de\/wp-content\/uploads\/2022\/08\/Wanderung-und-Weinverkostung-mit-Barbara-und-Thomas-Speer_3.jpg 659w\" sizes=\"(max-width: 300px) 100vw, 300px\" \/><\/a>Der Weg f\u00fchrte uns hinauf in die Breitenholzer Weinberge auf naturbelassenen, idyllischen Wegen und schmalen Pfaden. In kleinen Verschnaufpausen erfuhren wir von Thomas Wissenswertes \u00fcber die Kulturlandschaft und die Geschichte des Weinbaus am Sch\u00f6nbuchhang. Am Trauf entlang konnten wir die herrlichen Ausblicke der faszinierenden Landschaft des Sch\u00f6nbuchs genie\u00dfen.<\/p>\n<div style=\"width: 640px;\" class=\"wp-video\"><!--[if lt IE 9]><script>document.createElement('video');<\/script><![endif]-->\n<video class=\"wp-video-shortcode\" id=\"video-6553-1\" width=\"640\" height=\"360\" preload=\"metadata\" controls=\"controls\"><source type=\"video\/mp4\" src=\"https:\/\/www.ispas-ev.de\/wp-content\/uploads\/Film\/Wanderung_Weinverkostung_Speer\/Wanderung_Weinverkostung_Speer.mp4?_=1\" \/><a href=\"https:\/\/www.ispas-ev.de\/wp-content\/uploads\/Film\/Wanderung_Weinverkostung_Speer\/Wanderung_Weinverkostung_Speer.mp4\">https:\/\/www.ispas-ev.de\/wp-content\/uploads\/Film\/Wanderung_Weinverkostung_Speer\/Wanderung_Weinverkostung_Speer.mp4<\/a><\/video><\/div>\n<p>Unser Weg f\u00fchrte vorbei an Weinbergparzellen bis zum Weinberg der Familie Speer. Hinab ging\u2019s auf St\u00e4ffele (Weinbergtreppen) zur Winzerh\u00fctte.<\/p>\n<p><a href=\"https:\/\/www.ispas-ev.de\/wp-content\/uploads\/2022\/08\/Wanderung-und-Weinverkostung-mit-Barbara-und-Thomas-Speer_4.jpg\"><img decoding=\"async\" loading=\"lazy\" class=\"alignnone wp-image-6545 size-full\" src=\"https:\/\/www.ispas-ev.de\/wp-content\/uploads\/2022\/08\/Wanderung-und-Weinverkostung-mit-Barbara-und-Thomas-Speer_4.jpg\" alt=\"\" width=\"669\" height=\"502\" srcset=\"https:\/\/test.ispas-ev.de\/wp-content\/uploads\/2022\/08\/Wanderung-und-Weinverkostung-mit-Barbara-und-Thomas-Speer_4.jpg 669w, https:\/\/test.ispas-ev.de\/wp-content\/uploads\/2022\/08\/Wanderung-und-Weinverkostung-mit-Barbara-und-Thomas-Speer_4-300x225.jpg 300w\" sizes=\"(max-width: 669px) 100vw, 669px\" \/><\/a><\/p>\n<p><a href=\"https:\/\/www.ispas-ev.de\/wp-content\/uploads\/2022\/08\/Wanderung-und-Weinverkostung-mit-Barbara-und-Thomas-Speer_5.jpg\"><img decoding=\"async\" loading=\"lazy\" class=\"alignnone wp-image-6546 size-full\" src=\"https:\/\/www.ispas-ev.de\/wp-content\/uploads\/2022\/08\/Wanderung-und-Weinverkostung-mit-Barbara-und-Thomas-Speer_5.jpg\" alt=\"\" width=\"682\" height=\"511\" srcset=\"https:\/\/test.ispas-ev.de\/wp-content\/uploads\/2022\/08\/Wanderung-und-Weinverkostung-mit-Barbara-und-Thomas-Speer_5.jpg 682w, https:\/\/test.ispas-ev.de\/wp-content\/uploads\/2022\/08\/Wanderung-und-Weinverkostung-mit-Barbara-und-Thomas-Speer_5-300x225.jpg 300w\" sizes=\"(max-width: 682px) 100vw, 682px\" \/><\/a><a href=\"https:\/\/www.ispas-ev.de\/wp-content\/uploads\/2022\/08\/Wanderung-und-Weinverkostung-mit-Barbara-und-Thomas-Speer_6.jpg\"><img decoding=\"async\" loading=\"lazy\" class=\"alignnone wp-image-6547 size-full\" src=\"https:\/\/www.ispas-ev.de\/wp-content\/uploads\/2022\/08\/Wanderung-und-Weinverkostung-mit-Barbara-und-Thomas-Speer_6.jpg\" alt=\"\" width=\"669\" height=\"502\" srcset=\"https:\/\/test.ispas-ev.de\/wp-content\/uploads\/2022\/08\/Wanderung-und-Weinverkostung-mit-Barbara-und-Thomas-Speer_6.jpg 669w, https:\/\/test.ispas-ev.de\/wp-content\/uploads\/2022\/08\/Wanderung-und-Weinverkostung-mit-Barbara-und-Thomas-Speer_6-300x225.jpg 300w\" sizes=\"(max-width: 669px) 100vw, 669px\" \/><\/a><a href=\"https:\/\/www.ispas-ev.de\/wp-content\/uploads\/2022\/08\/Wanderung-und-Weinverkostung-mit-Barbara-und-Thomas-Speer_7.jpg\"><img decoding=\"async\" loading=\"lazy\" class=\"alignnone wp-image-6548 size-full\" src=\"https:\/\/www.ispas-ev.de\/wp-content\/uploads\/2022\/08\/Wanderung-und-Weinverkostung-mit-Barbara-und-Thomas-Speer_7.jpg\" alt=\"\" width=\"682\" height=\"511\" srcset=\"https:\/\/test.ispas-ev.de\/wp-content\/uploads\/2022\/08\/Wanderung-und-Weinverkostung-mit-Barbara-und-Thomas-Speer_7.jpg 682w, https:\/\/test.ispas-ev.de\/wp-content\/uploads\/2022\/08\/Wanderung-und-Weinverkostung-mit-Barbara-und-Thomas-Speer_7-300x225.jpg 300w\" sizes=\"(max-width: 682px) 100vw, 682px\" \/><\/a><a href=\"https:\/\/www.ispas-ev.de\/wp-content\/uploads\/2022\/08\/Wanderung-und-Weinverkostung-mit-Barbara-und-Thomas-Speer_8.jpg\"><img decoding=\"async\" loading=\"lazy\" class=\"alignnone wp-image-6549 size-full\" src=\"https:\/\/www.ispas-ev.de\/wp-content\/uploads\/2022\/08\/Wanderung-und-Weinverkostung-mit-Barbara-und-Thomas-Speer_8.jpg\" alt=\"\" width=\"658\" height=\"493\" srcset=\"https:\/\/test.ispas-ev.de\/wp-content\/uploads\/2022\/08\/Wanderung-und-Weinverkostung-mit-Barbara-und-Thomas-Speer_8.jpg 658w, https:\/\/test.ispas-ev.de\/wp-content\/uploads\/2022\/08\/Wanderung-und-Weinverkostung-mit-Barbara-und-Thomas-Speer_8-300x225.jpg 300w\" sizes=\"(max-width: 658px) 100vw, 658px\" \/><\/a><a href=\"https:\/\/www.ispas-ev.de\/wp-content\/uploads\/2022\/08\/Wanderung-und-Weinverkostung-mit-Barbara-und-Thomas-Speer_9.jpg\"><img decoding=\"async\" loading=\"lazy\" class=\"alignnone wp-image-6550 size-full\" src=\"https:\/\/www.ispas-ev.de\/wp-content\/uploads\/2022\/08\/Wanderung-und-Weinverkostung-mit-Barbara-und-Thomas-Speer_9.jpg\" alt=\"\" width=\"658\" height=\"493\" srcset=\"https:\/\/test.ispas-ev.de\/wp-content\/uploads\/2022\/08\/Wanderung-und-Weinverkostung-mit-Barbara-und-Thomas-Speer_9.jpg 658w, https:\/\/test.ispas-ev.de\/wp-content\/uploads\/2022\/08\/Wanderung-und-Weinverkostung-mit-Barbara-und-Thomas-Speer_9-300x225.jpg 300w\" sizes=\"(max-width: 658px) 100vw, 658px\" \/><\/a>Unsere Tour fand dort ihren Abschluss mit einer Weinverkostung und einem deftigen Winzervesper.<\/p>\n<p><a href=\"https:\/\/www.ispas-ev.de\/wp-content\/uploads\/2022\/08\/Wanderung-und-Weinverkostung-mit-Barbara-und-Thomas-Speer_10.jpg\"><img decoding=\"async\" loading=\"lazy\" class=\"alignnone wp-image-6551 size-full\" src=\"https:\/\/www.ispas-ev.de\/wp-content\/uploads\/2022\/08\/Wanderung-und-Weinverkostung-mit-Barbara-und-Thomas-Speer_10.jpg\" alt=\"\" width=\"658\" height=\"493\" srcset=\"https:\/\/test.ispas-ev.de\/wp-content\/uploads\/2022\/08\/Wanderung-und-Weinverkostung-mit-Barbara-und-Thomas-Speer_10.jpg 658w, https:\/\/test.ispas-ev.de\/wp-content\/uploads\/2022\/08\/Wanderung-und-Weinverkostung-mit-Barbara-und-Thomas-Speer_10-300x225.jpg 300w\" sizes=\"(max-width: 658px) 100vw, 658px\" \/><\/a><\/p>\n<p><a href=\"https:\/\/www.ispas-ev.de\/wp-content\/uploads\/2022\/08\/Wanderung-und-Weinverkostung-mit-Barbara-und-Thomas-Speer_11.jpg\"><img decoding=\"async\" loading=\"lazy\" class=\"alignnone wp-image-6552 size-full\" src=\"https:\/\/www.ispas-ev.de\/wp-content\/uploads\/2022\/08\/Wanderung-und-Weinverkostung-mit-Barbara-und-Thomas-Speer_11.jpg\" alt=\"\" width=\"658\" height=\"493\" srcset=\"https:\/\/test.ispas-ev.de\/wp-content\/uploads\/2022\/08\/Wanderung-und-Weinverkostung-mit-Barbara-und-Thomas-Speer_11.jpg 658w, https:\/\/test.ispas-ev.de\/wp-content\/uploads\/2022\/08\/Wanderung-und-Weinverkostung-mit-Barbara-und-Thomas-Speer_11-300x225.jpg 300w\" sizes=\"(max-width: 658px) 100vw, 658px\" \/><\/a><strong>Danke Barbara und Thomas f\u00fcr diese sch\u00f6nen, geselligen Stunden!<\/strong><\/p>\n<p>Text und Bildmaterial: Bettina Schneider<\/p>\n","protected":false},"excerpt":{"rendered":"<p>Am Samstag, 06. August wurde p\u00fcnktlich um 16 Uhr eine kleine Gruppe ISPAS-Mitglieder auf dem Wanderparkplatz Breitenholz, von Thomas Speer und seiner Frau Barbara, nach Winzerart, mit einem Glas Prosecco [&hellip;]<\/p>\n","protected":false},"author":16,"featured_media":6542,"comment_status":"closed","ping_status":"open","sticky":false,"template":"","format":"standard","meta":{"ngg_post_thumbnail":0},"categories":[1],"tags":[],"_links":{"self":[{"href":"https:\/\/test.ispas-ev.de\/index.php?rest_route=\/wp\/v2\/posts\/6553"}],"collection":[{"href":"https:\/\/test.ispas-ev.de\/index.php?rest_route=\/wp\/v2\/posts"}],"about":[{"href":"https:\/\/test.ispas-ev.de\/index.php?rest_route=\/wp\/v2\/types\/post"}],"author":[{"embeddable":true,"href":"https:\/\/test.ispas-ev.de\/index.php?rest_route=\/wp\/v2\/users\/16"}],"replies":[{"embeddable":true,"href":"https:\/\/test.ispas-ev.de\/index.php?rest_route=%2Fwp%2Fv2%2Fcomments&post=6553"}],"version-history":[{"count":6,"href":"https:\/\/test.ispas-ev.de\/index.php?rest_route=\/wp\/v2\/posts\/6553\/revisions"}],"predecessor-version":[{"id":6585,"href":"https:\/\/test.ispas-ev.de\/index.php?rest_route=\/wp\/v2\/posts\/6553\/revisions\/6585"}],"wp:featuredmedia":[{"embeddable":true,"href":"https:\/\/test.ispas-ev.de\/index.php?rest_route=\/wp\/v2\/media\/6542"}],"wp:attachment":[{"href":"https:\/\/test.ispas-ev.de\/index.php?rest_route=%2Fwp%2Fv2%2Fmedia&parent=6553"}],"wp:term":[{"taxonomy":"category","embeddable":true,"href":"https:\/\/test.ispas-ev.de\/index.php?rest_route=%2Fwp%2Fv2%2Fcategories&post=6553"},{"taxonomy":"post_tag","embeddable":true,"href":"https:\/\/test.ispas-ev.de\/index.php?rest_route=%2Fwp%2Fv2%2Ftags&post=6553"}],"curies":[{"name":"wp","href":"https:\/\/api.w.org\/{rel}","templated":true}]}}