{"id":6465,"date":"2022-08-08T22:55:54","date_gmt":"2022-08-08T20:55:54","guid":{"rendered":"https:\/\/www.ispas-ev.de\/?p=6465"},"modified":"2022-10-29T18:43:36","modified_gmt":"2022-10-29T16:43:36","slug":"filme-der-partnerstaedte-2022","status":"publish","type":"post","link":"https:\/\/test.ispas-ev.de\/?p=6465","title":{"rendered":"Der 25 +2 Jahre ISPAS-Film ist endlich da!"},"content":{"rendered":"<p style=\"text-align: justify;\">Die Vereinsmitglieder hatten sich zu den Feierlichkeiten \u201e25-Jahre ISPAS\u201c einen Film \u00fcber die gelebten Beziehungen zu den Sindelfinger Partnerst\u00e4dten vorgenommen. Daraufhin stellten die Sindelfinger Partnerst\u00e4dte und Vereinsmitglieder Film- und Bildmaterial zusammen und ISPAS zur Verf\u00fcgung. Pandemiebedingt verz\u00f6gerten sich das Film Vorhaben und Kontakte zu den Partnerst\u00e4dten waren kaum m\u00f6glich. Entstanden ist ein abwechslungsreicher und kurzweiliger Film mit Beitr\u00e4gen aus den Partnerst\u00e4dten, umrahmt mit Gr\u00fc\u00dfen der ISPAS- Sprecherinnen und Sprecher und einem Gru\u00dfwort von Herrn Oberb\u00fcrgermeister Dr. Bernd V\u00f6hringer und der Vorsitzenden, Frau Brigitte Stegmaier.<\/p>\n<p>Ein Film \u00fcber die gelebten Beziehungen zu den Sindelfinger Partnerst\u00e4dten, zusammengestellt von Susanne Fuchs und Peter Carle.<\/p>\n<div style=\"width: 640px;\" class=\"wp-video\"><!--[if lt IE 9]><script>document.createElement('video');<\/script><![endif]-->\n<video class=\"wp-video-shortcode\" id=\"video-6465-1\" width=\"640\" height=\"360\" preload=\"metadata\" controls=\"controls\"><source type=\"video\/mp4\" src=\"https:\/\/www.ispas-ev.de\/wp-content\/uploads\/Film\/Partnerstaedte_2022\/ISPAS_2022.mp4?_=1\" \/><a href=\"https:\/\/www.ispas-ev.de\/wp-content\/uploads\/Film\/Partnerstaedte_2022\/ISPAS_2022.mp4\">https:\/\/www.ispas-ev.de\/wp-content\/uploads\/Film\/Partnerstaedte_2022\/ISPAS_2022.mp4<\/a><\/video><\/div>\n<p>&nbsp;<\/p>\n<p>Die einzelnen Beitr\u00e4ge unserer Partnerst\u00e4dte zu 25-Jahre ISPAS:<br \/>\n<strong><a class=\"row-title\" href=\"https:\/\/www.ispas-ev.de\/?page_id=6480\" aria-label=\"\u201eBeitrag von Che\u0142m zu 25-Jahre ISPAS\u201c (Bearbeiten)\">Beitrag von Che\u0142m<\/a><br \/>\n<a class=\"row-title\" href=\"https:\/\/www.ispas-ev.de\/?page_id=6489\" aria-label=\"\u201eBeitrag von Corbeille-Essonnes zu 25-Jahre ISPAS\u201c (Bearbeiten)\">Beitrag von Corbeil-Essonnes<\/a><br \/>\n<a class=\"row-title\" href=\"https:\/\/www.ispas-ev.de\/?page_id=6490\" aria-label=\"\u201eBeitrag von Corbeille-Essonnes zu 25-Jahre ISPAS\u201c (Bearbeiten)\">Beitrag von Dronfield<\/a><br \/>\n<a class=\"row-title\" href=\"https:\/\/www.ispas-ev.de\/?page_id=6485\" aria-label=\"\u201eBeitrag von Gy\u0151r zu 25-Jahre ISPAS\u201c (Bearbeiten)\">Beitrag von Gy\u0151r<\/a><br \/>\n<a class=\"row-title\" href=\"https:\/\/www.ispas-ev.de\/?page_id=6486\" aria-label=\"\u201eBeitrag von Schaffhausen zu 25-Jahre ISPAS\u201c (Bearbeiten)\">Beitrag von Schaffhausen<\/a><br \/>\n<a class=\"row-title\" href=\"https:\/\/www.ispas-ev.de\/?page_id=6487\" aria-label=\"\u201eBeitrag von Sondrio zu 25-Jahre ISPAS\u201c (Bearbeiten)\">Beitrag von Sondrio<\/a><br \/>\n<a class=\"row-title\" href=\"https:\/\/www.ispas-ev.de\/?page_id=6488\" aria-label=\"\u201eBeitrag von Torgau zu 25-Jahre ISPAS\u201c (Bearbeiten)\">Beitrag von Torgau<\/a><br \/>\n<\/strong><\/p>\n<p>&nbsp;<\/p>\n","protected":false},"excerpt":{"rendered":"<p>Die Vereinsmitglieder hatten sich zu den Feierlichkeiten \u201e25-Jahre ISPAS\u201c einen Film \u00fcber die gelebten Beziehungen zu den Sindelfinger Partnerst\u00e4dten vorgenommen. Daraufhin stellten die Sindelfinger Partnerst\u00e4dte und Vereinsmitglieder Film- und Bildmaterial [&hellip;]<\/p>\n","protected":false},"author":23,"featured_media":6468,"comment_status":"closed","ping_status":"open","sticky":false,"template":"","format":"standard","meta":{"ngg_post_thumbnail":0},"categories":[1,47],"tags":[],"_links":{"self":[{"href":"https:\/\/test.ispas-ev.de\/index.php?rest_route=\/wp\/v2\/posts\/6465"}],"collection":[{"href":"https:\/\/test.ispas-ev.de\/index.php?rest_route=\/wp\/v2\/posts"}],"about":[{"href":"https:\/\/test.ispas-ev.de\/index.php?rest_route=\/wp\/v2\/types\/post"}],"author":[{"embeddable":true,"href":"https:\/\/test.ispas-ev.de\/index.php?rest_route=\/wp\/v2\/users\/23"}],"replies":[{"embeddable":true,"href":"https:\/\/test.ispas-ev.de\/index.php?rest_route=%2Fwp%2Fv2%2Fcomments&post=6465"}],"version-history":[{"count":13,"href":"https:\/\/test.ispas-ev.de\/index.php?rest_route=\/wp\/v2\/posts\/6465\/revisions"}],"predecessor-version":[{"id":6527,"href":"https:\/\/test.ispas-ev.de\/index.php?rest_route=\/wp\/v2\/posts\/6465\/revisions\/6527"}],"wp:featuredmedia":[{"embeddable":true,"href":"https:\/\/test.ispas-ev.de\/index.php?rest_route=\/wp\/v2\/media\/6468"}],"wp:attachment":[{"href":"https:\/\/test.ispas-ev.de\/index.php?rest_route=%2Fwp%2Fv2%2Fmedia&parent=6465"}],"wp:term":[{"taxonomy":"category","embeddable":true,"href":"https:\/\/test.ispas-ev.de\/index.php?rest_route=%2Fwp%2Fv2%2Fcategories&post=6465"},{"taxonomy":"post_tag","embeddable":true,"href":"https:\/\/test.ispas-ev.de\/index.php?rest_route=%2Fwp%2Fv2%2Ftags&post=6465"}],"curies":[{"name":"wp","href":"https:\/\/api.w.org\/{rel}","templated":true}]}}