{"id":6400,"date":"2022-07-14T20:58:45","date_gmt":"2022-07-14T18:58:45","guid":{"rendered":"https:\/\/www.ispas-ev.de\/?p=6400"},"modified":"2022-08-20T19:10:10","modified_gmt":"2022-08-20T17:10:10","slug":"fotos-der-buergerfahrt-nach-torgau-vom-30-06-22-bis-03-07-22","status":"publish","type":"post","link":"https:\/\/test.ispas-ev.de\/?p=6400","title":{"rendered":"Fotos der B\u00fcrgerfahrt nach Torgau vom 30.06.22 bis 03.07.22"},"content":{"rendered":"<p>Fotos: Bettina Schneider<\/p>\n<p><strong>Reisegruppe<\/strong><\/p>\n<p><a href=\"https:\/\/www.ispas-ev.de\/wp-content\/uploads\/2022\/07\/Bild1-Gruppenfoto-Burg-Hartenfels.jpg\"><img decoding=\"async\" loading=\"lazy\" class=\"alignnone wp-image-6401\" src=\"https:\/\/www.ispas-ev.de\/wp-content\/uploads\/2022\/07\/Bild1-Gruppenfoto-Burg-Hartenfels-225x300.jpg\" alt=\"\" width=\"279\" height=\"372\" srcset=\"https:\/\/test.ispas-ev.de\/wp-content\/uploads\/2022\/07\/Bild1-Gruppenfoto-Burg-Hartenfels-225x300.jpg 225w, https:\/\/test.ispas-ev.de\/wp-content\/uploads\/2022\/07\/Bild1-Gruppenfoto-Burg-Hartenfels-767x1024.jpg 767w, https:\/\/test.ispas-ev.de\/wp-content\/uploads\/2022\/07\/Bild1-Gruppenfoto-Burg-Hartenfels-768x1025.jpg 768w, https:\/\/test.ispas-ev.de\/wp-content\/uploads\/2022\/07\/Bild1-Gruppenfoto-Burg-Hartenfels.jpg 783w\" sizes=\"(max-width: 279px) 100vw, 279px\" \/><\/a><\/p>\n<p>Th\u00fcringer W\u00fcrstchen<\/p>\n<p><a href=\"https:\/\/www.ispas-ev.de\/wp-content\/uploads\/2022\/07\/Thueringer-Wuerstchen.jpg\"><img decoding=\"async\" loading=\"lazy\" class=\"alignnone wp-image-6409\" src=\"https:\/\/www.ispas-ev.de\/wp-content\/uploads\/2022\/07\/Thueringer-Wuerstchen-225x300.jpg\" alt=\"\" width=\"277\" height=\"369\" srcset=\"https:\/\/test.ispas-ev.de\/wp-content\/uploads\/2022\/07\/Thueringer-Wuerstchen-225x300.jpg 225w, https:\/\/test.ispas-ev.de\/wp-content\/uploads\/2022\/07\/Thueringer-Wuerstchen.jpg 602w\" sizes=\"(max-width: 277px) 100vw, 277px\" \/><\/a><\/p>\n<p>Erfurter Paradiesg\u00e4rten und Gartenparadiese<\/p>\n<p><img decoding=\"async\" loading=\"lazy\" class=\"wp-image-6406 alignleft\" src=\"https:\/\/www.ispas-ev.de\/wp-content\/uploads\/2022\/07\/Bild6-Erfurt-Gartenparadies-300x225.jpg\" alt=\"\" width=\"274\" height=\"206\" srcset=\"https:\/\/test.ispas-ev.de\/wp-content\/uploads\/2022\/07\/Bild6-Erfurt-Gartenparadies-300x225.jpg 300w, https:\/\/test.ispas-ev.de\/wp-content\/uploads\/2022\/07\/Bild6-Erfurt-Gartenparadies-768x576.jpg 768w, https:\/\/test.ispas-ev.de\/wp-content\/uploads\/2022\/07\/Bild6-Erfurt-Gartenparadies.jpg 907w\" sizes=\"(max-width: 274px) 100vw, 274px\" \/><\/p>\n<p><a href=\"https:\/\/www.ispas-ev.de\/wp-content\/uploads\/2022\/07\/Bild3-Erfurt-Paradiesgaerten-1.jpg\"><img decoding=\"async\" loading=\"lazy\" class=\"alignnone wp-image-6403\" src=\"https:\/\/www.ispas-ev.de\/wp-content\/uploads\/2022\/07\/Bild3-Erfurt-Paradiesgaerten-1-268x300.jpg\" alt=\"\" width=\"268\" height=\"300\" srcset=\"https:\/\/test.ispas-ev.de\/wp-content\/uploads\/2022\/07\/Bild3-Erfurt-Paradiesgaerten-1-268x300.jpg 268w, https:\/\/test.ispas-ev.de\/wp-content\/uploads\/2022\/07\/Bild3-Erfurt-Paradiesgaerten-1-768x859.jpg 768w, https:\/\/test.ispas-ev.de\/wp-content\/uploads\/2022\/07\/Bild3-Erfurt-Paradiesgaerten-1.jpg 771w\" sizes=\"(max-width: 268px) 100vw, 268px\" \/><\/a><\/p>\n<p><a href=\"https:\/\/www.ispas-ev.de\/wp-content\/uploads\/2022\/07\/Bild4-Erfurt-Paradiesgaerten-2.jpg\"><img decoding=\"async\" loading=\"lazy\" class=\"alignnone wp-image-6404\" src=\"https:\/\/www.ispas-ev.de\/wp-content\/uploads\/2022\/07\/Bild4-Erfurt-Paradiesgaerten-2-300x247.jpg\" alt=\"\" width=\"273\" height=\"225\" srcset=\"https:\/\/test.ispas-ev.de\/wp-content\/uploads\/2022\/07\/Bild4-Erfurt-Paradiesgaerten-2-300x247.jpg 300w, https:\/\/test.ispas-ev.de\/wp-content\/uploads\/2022\/07\/Bild4-Erfurt-Paradiesgaerten-2.jpg 340w\" sizes=\"(max-width: 273px) 100vw, 273px\" \/><\/a><\/p>\n<p><a href=\"https:\/\/www.ispas-ev.de\/wp-content\/uploads\/2022\/07\/Bild5-Erfurt-Paradiesgaerten.jpg\"><img decoding=\"async\" loading=\"lazy\" class=\"alignnone wp-image-6405\" src=\"https:\/\/www.ispas-ev.de\/wp-content\/uploads\/2022\/07\/Bild5-Erfurt-Paradiesgaerten-300x213.jpg\" alt=\"\" width=\"275\" height=\"195\" srcset=\"https:\/\/test.ispas-ev.de\/wp-content\/uploads\/2022\/07\/Bild5-Erfurt-Paradiesgaerten-300x213.jpg 300w, https:\/\/test.ispas-ev.de\/wp-content\/uploads\/2022\/07\/Bild5-Erfurt-Paradiesgaerten.jpg 340w\" sizes=\"(max-width: 275px) 100vw, 275px\" \/><\/a><\/p>\n<p>Torgau<\/p>\n<p><a href=\"https:\/\/www.ispas-ev.de\/wp-content\/uploads\/2022\/07\/Bild7-Torgau-Hoteleingang.jpg\"><img decoding=\"async\" loading=\"lazy\" class=\"alignnone wp-image-6407\" src=\"https:\/\/www.ispas-ev.de\/wp-content\/uploads\/2022\/07\/Bild7-Torgau-Hoteleingang-216x300.jpg\" alt=\"\" width=\"278\" height=\"386\" srcset=\"https:\/\/test.ispas-ev.de\/wp-content\/uploads\/2022\/07\/Bild7-Torgau-Hoteleingang-216x300.jpg 216w, https:\/\/test.ispas-ev.de\/wp-content\/uploads\/2022\/07\/Bild7-Torgau-Hoteleingang.jpg 530w\" sizes=\"(max-width: 278px) 100vw, 278px\" \/><\/a><\/p>\n<p>&nbsp;<\/p>\n<p><a href=\"https:\/\/www.ispas-ev.de\/wp-content\/uploads\/2022\/07\/Bild8-Burg-Hartenfels-in-Erfurt.jpg\"><img decoding=\"async\" loading=\"lazy\" class=\"alignnone wp-image-6408\" src=\"https:\/\/www.ispas-ev.de\/wp-content\/uploads\/2022\/07\/Bild8-Burg-Hartenfels-in-Erfurt-225x300.jpg\" alt=\"\" width=\"276\" height=\"368\" srcset=\"https:\/\/test.ispas-ev.de\/wp-content\/uploads\/2022\/07\/Bild8-Burg-Hartenfels-in-Erfurt-225x300.jpg 225w, https:\/\/test.ispas-ev.de\/wp-content\/uploads\/2022\/07\/Bild8-Burg-Hartenfels-in-Erfurt.jpg 314w\" sizes=\"(max-width: 276px) 100vw, 276px\" \/><\/a><\/p>\n<p>Schloss Hartenfels<\/p>\n<p><a href=\"https:\/\/www.ispas-ev.de\/wp-content\/uploads\/2022\/07\/Bild10-Eingang-Laga.jpg\"><img decoding=\"async\" loading=\"lazy\" class=\"alignnone wp-image-6425\" src=\"https:\/\/www.ispas-ev.de\/wp-content\/uploads\/2022\/07\/Bild10-Eingang-Laga-300x176.jpg\" alt=\"\" width=\"287\" height=\"168\" srcset=\"https:\/\/test.ispas-ev.de\/wp-content\/uploads\/2022\/07\/Bild10-Eingang-Laga-300x176.jpg 300w, https:\/\/test.ispas-ev.de\/wp-content\/uploads\/2022\/07\/Bild10-Eingang-Laga.jpg 675w\" sizes=\"(max-width: 287px) 100vw, 287px\" \/><\/a><\/p>\n<p>Eingang Landesgartenschaugel\u00e4nde<\/p>\n<p><a href=\"https:\/\/www.ispas-ev.de\/wp-content\/uploads\/2022\/07\/Bild13-Liegestuhl-als-Werbemittel.jpg\"><img decoding=\"async\" loading=\"lazy\" class=\"alignnone wp-image-6414\" src=\"https:\/\/www.ispas-ev.de\/wp-content\/uploads\/2022\/07\/Bild13-Liegestuhl-als-Werbemittel-300x239.jpg\" alt=\"\" width=\"284\" height=\"226\" srcset=\"https:\/\/test.ispas-ev.de\/wp-content\/uploads\/2022\/07\/Bild13-Liegestuhl-als-Werbemittel-300x239.jpg 300w, https:\/\/test.ispas-ev.de\/wp-content\/uploads\/2022\/07\/Bild13-Liegestuhl-als-Werbemittel.jpg 689w\" sizes=\"(max-width: 284px) 100vw, 284px\" \/><\/a><\/p>\n<p><a href=\"https:\/\/www.ispas-ev.de\/wp-content\/uploads\/2022\/07\/Bild9-Gruppenfoto-auf-dem-Gartenschaugelaende-1.jpg\"><img decoding=\"async\" loading=\"lazy\" class=\"alignnone wp-image-6412\" src=\"https:\/\/www.ispas-ev.de\/wp-content\/uploads\/2022\/07\/Bild9-Gruppenfoto-auf-dem-Gartenschaugelaende-1-300x235.jpg\" alt=\"\" width=\"286\" height=\"224\" srcset=\"https:\/\/test.ispas-ev.de\/wp-content\/uploads\/2022\/07\/Bild9-Gruppenfoto-auf-dem-Gartenschaugelaende-1-300x235.jpg 300w, https:\/\/test.ispas-ev.de\/wp-content\/uploads\/2022\/07\/Bild9-Gruppenfoto-auf-dem-Gartenschaugelaende-1.jpg 723w\" sizes=\"(max-width: 286px) 100vw, 286px\" \/><\/a><\/p>\n<p><a href=\"https:\/\/www.ispas-ev.de\/wp-content\/uploads\/2022\/07\/Bild11-Kunst-auf-der-Laga.jpg\"><img decoding=\"async\" loading=\"lazy\" class=\"alignnone wp-image-6413\" src=\"https:\/\/www.ispas-ev.de\/wp-content\/uploads\/2022\/07\/Bild11-Kunst-auf-der-Laga-300x266.jpg\" alt=\"\" width=\"286\" height=\"254\" srcset=\"https:\/\/test.ispas-ev.de\/wp-content\/uploads\/2022\/07\/Bild11-Kunst-auf-der-Laga-300x266.jpg 300w, https:\/\/test.ispas-ev.de\/wp-content\/uploads\/2022\/07\/Bild11-Kunst-auf-der-Laga.jpg 689w\" sizes=\"(max-width: 286px) 100vw, 286px\" \/><\/a><\/p>\n<p><a href=\"https:\/\/www.ispas-ev.de\/wp-content\/uploads\/2022\/07\/Bild14-Rastplatz-auf-dem-Gelaende.jpg\"><img decoding=\"async\" loading=\"lazy\" class=\"alignnone wp-image-6416\" src=\"https:\/\/www.ispas-ev.de\/wp-content\/uploads\/2022\/07\/Bild14-Rastplatz-auf-dem-Gelaende-300x250.jpg\" alt=\"\" width=\"288\" height=\"240\" srcset=\"https:\/\/test.ispas-ev.de\/wp-content\/uploads\/2022\/07\/Bild14-Rastplatz-auf-dem-Gelaende-300x250.jpg 300w, https:\/\/test.ispas-ev.de\/wp-content\/uploads\/2022\/07\/Bild14-Rastplatz-auf-dem-Gelaende.jpg 724w\" sizes=\"(max-width: 288px) 100vw, 288px\" \/><\/a><\/p>\n<p><a href=\"https:\/\/www.ispas-ev.de\/wp-content\/uploads\/2022\/07\/Bild15-Kegelsportverein.jpg\"><img decoding=\"async\" loading=\"lazy\" class=\"alignnone size-medium wp-image-6417\" src=\"https:\/\/www.ispas-ev.de\/wp-content\/uploads\/2022\/07\/Bild15-Kegelsportverein-300x188.jpg\" alt=\"\" width=\"300\" height=\"188\" srcset=\"https:\/\/test.ispas-ev.de\/wp-content\/uploads\/2022\/07\/Bild15-Kegelsportverein-300x188.jpg 300w, https:\/\/test.ispas-ev.de\/wp-content\/uploads\/2022\/07\/Bild15-Kegelsportverein.jpg 736w\" sizes=\"(max-width: 300px) 100vw, 300px\" \/><\/a>Kegelsportverein<\/p>\n<p><a href=\"https:\/\/www.ispas-ev.de\/wp-content\/uploads\/2022\/07\/Bild16-Rast-auf-dem-Weg-nach-Bayreuth.jpg\"><img decoding=\"async\" loading=\"lazy\" class=\"alignnone size-medium wp-image-6418\" src=\"https:\/\/www.ispas-ev.de\/wp-content\/uploads\/2022\/07\/Bild16-Rast-auf-dem-Weg-nach-Bayreuth-300x219.jpg\" alt=\"\" width=\"300\" height=\"219\" srcset=\"https:\/\/test.ispas-ev.de\/wp-content\/uploads\/2022\/07\/Bild16-Rast-auf-dem-Weg-nach-Bayreuth-300x219.jpg 300w, https:\/\/test.ispas-ev.de\/wp-content\/uploads\/2022\/07\/Bild16-Rast-auf-dem-Weg-nach-Bayreuth-768x561.jpg 768w, https:\/\/test.ispas-ev.de\/wp-content\/uploads\/2022\/07\/Bild16-Rast-auf-dem-Weg-nach-Bayreuth.jpg 901w\" sizes=\"(max-width: 300px) 100vw, 300px\" \/><\/a>Auf dem Weg nach Bayreuth<\/p>\n<p><a href=\"https:\/\/www.ispas-ev.de\/wp-content\/uploads\/2022\/07\/Bild17-Wegweiser-Eremitage-Bayreuth.jpg\"><img decoding=\"async\" loading=\"lazy\" class=\"alignnone size-medium wp-image-6419\" src=\"https:\/\/www.ispas-ev.de\/wp-content\/uploads\/2022\/07\/Bild17-Wegweiser-Eremitage-Bayreuth-300x266.jpg\" alt=\"\" width=\"300\" height=\"266\" srcset=\"https:\/\/test.ispas-ev.de\/wp-content\/uploads\/2022\/07\/Bild17-Wegweiser-Eremitage-Bayreuth-300x266.jpg 300w, https:\/\/test.ispas-ev.de\/wp-content\/uploads\/2022\/07\/Bild17-Wegweiser-Eremitage-Bayreuth-768x682.jpg 768w, https:\/\/test.ispas-ev.de\/wp-content\/uploads\/2022\/07\/Bild17-Wegweiser-Eremitage-Bayreuth.jpg 900w\" sizes=\"(max-width: 300px) 100vw, 300px\" \/><\/a><\/p>\n<p>Hofgarten und Eremitage in Bayreuth<\/p>\n<p><a href=\"https:\/\/www.ispas-ev.de\/wp-content\/uploads\/2022\/07\/Bayreuth-1.jpg\"><img decoding=\"async\" loading=\"lazy\" class=\"alignnone size-medium wp-image-6420\" src=\"https:\/\/www.ispas-ev.de\/wp-content\/uploads\/2022\/07\/Bayreuth-1-300x215.jpg\" alt=\"\" width=\"300\" height=\"215\" srcset=\"https:\/\/test.ispas-ev.de\/wp-content\/uploads\/2022\/07\/Bayreuth-1-300x215.jpg 300w, https:\/\/test.ispas-ev.de\/wp-content\/uploads\/2022\/07\/Bayreuth-1.jpg 392w\" sizes=\"(max-width: 300px) 100vw, 300px\" \/><\/a><\/p>\n<p><a href=\"https:\/\/www.ispas-ev.de\/wp-content\/uploads\/2022\/07\/Bayreuth-4.jpg\"><img decoding=\"async\" loading=\"lazy\" class=\"alignnone size-medium wp-image-6423\" src=\"https:\/\/www.ispas-ev.de\/wp-content\/uploads\/2022\/07\/Bayreuth-4-300x171.jpg\" alt=\"\" width=\"300\" height=\"171\" srcset=\"https:\/\/test.ispas-ev.de\/wp-content\/uploads\/2022\/07\/Bayreuth-4-300x171.jpg 300w, https:\/\/test.ispas-ev.de\/wp-content\/uploads\/2022\/07\/Bayreuth-4.jpg 417w\" sizes=\"(max-width: 300px) 100vw, 300px\" \/><\/a><\/p>\n<p><a href=\"https:\/\/www.ispas-ev.de\/wp-content\/uploads\/2022\/07\/Bayreuth-3.jpg\"><img decoding=\"async\" loading=\"lazy\" class=\"alignnone size-medium wp-image-6422\" src=\"https:\/\/www.ispas-ev.de\/wp-content\/uploads\/2022\/07\/Bayreuth-3-300x232.jpg\" alt=\"\" width=\"300\" height=\"232\" srcset=\"https:\/\/test.ispas-ev.de\/wp-content\/uploads\/2022\/07\/Bayreuth-3-300x232.jpg 300w, https:\/\/test.ispas-ev.de\/wp-content\/uploads\/2022\/07\/Bayreuth-3.jpg 404w\" sizes=\"(max-width: 300px) 100vw, 300px\" \/><\/a><\/p>\n<p><a href=\"https:\/\/www.ispas-ev.de\/wp-content\/uploads\/2022\/07\/Bayreuth-2.jpg\"><img decoding=\"async\" loading=\"lazy\" class=\"alignnone size-medium wp-image-6421\" src=\"https:\/\/www.ispas-ev.de\/wp-content\/uploads\/2022\/07\/Bayreuth-2-300x226.jpg\" alt=\"\" width=\"300\" height=\"226\" srcset=\"https:\/\/test.ispas-ev.de\/wp-content\/uploads\/2022\/07\/Bayreuth-2-300x226.jpg 300w, https:\/\/test.ispas-ev.de\/wp-content\/uploads\/2022\/07\/Bayreuth-2.jpg 404w\" sizes=\"(max-width: 300px) 100vw, 300px\" \/><\/a><\/p>\n<p><a href=\"https:\/\/www.ispas-ev.de\/wp-content\/uploads\/2022\/07\/Bayreuth-5.jpg\"><img decoding=\"async\" loading=\"lazy\" class=\"alignnone size-medium wp-image-6424\" src=\"https:\/\/www.ispas-ev.de\/wp-content\/uploads\/2022\/07\/Bayreuth-5-300x215.jpg\" alt=\"\" width=\"300\" height=\"215\" srcset=\"https:\/\/test.ispas-ev.de\/wp-content\/uploads\/2022\/07\/Bayreuth-5-300x215.jpg 300w, https:\/\/test.ispas-ev.de\/wp-content\/uploads\/2022\/07\/Bayreuth-5.jpg 438w\" sizes=\"(max-width: 300px) 100vw, 300px\" \/><\/a><\/p>\n<div style=\"width: 640px;\" class=\"wp-video\"><!--[if lt IE 9]><script>document.createElement('video');<\/script><![endif]-->\n<video class=\"wp-video-shortcode\" id=\"video-6400-1\" width=\"640\" height=\"360\" preload=\"metadata\" controls=\"controls\"><source type=\"video\/mp4\" src=\"https:\/\/www.ispas-ev.de\/wp-content\/uploads\/Film\/Buergerfahrt_nach_Torgau_2022\/Buergerfahrt_nach_Torgau.mp4?_=1\" \/><a href=\"https:\/\/www.ispas-ev.de\/wp-content\/uploads\/Film\/Buergerfahrt_nach_Torgau_2022\/Buergerfahrt_nach_Torgau.mp4\">https:\/\/www.ispas-ev.de\/wp-content\/uploads\/Film\/Buergerfahrt_nach_Torgau_2022\/Buergerfahrt_nach_Torgau.mp4<\/a><\/video><\/div>\n","protected":false},"excerpt":{"rendered":"<p>Fotos: Bettina Schneider Reisegruppe Th\u00fcringer W\u00fcrstchen Erfurter Paradiesg\u00e4rten und Gartenparadiese Torgau &nbsp; Schloss Hartenfels Eingang Landesgartenschaugel\u00e4nde Kegelsportverein Auf dem Weg nach Bayreuth Hofgarten und Eremitage in Bayreuth<\/p>\n","protected":false},"author":16,"featured_media":6414,"comment_status":"closed","ping_status":"open","sticky":false,"template":"","format":"standard","meta":{"ngg_post_thumbnail":0},"categories":[62],"tags":[],"_links":{"self":[{"href":"https:\/\/test.ispas-ev.de\/index.php?rest_route=\/wp\/v2\/posts\/6400"}],"collection":[{"href":"https:\/\/test.ispas-ev.de\/index.php?rest_route=\/wp\/v2\/posts"}],"about":[{"href":"https:\/\/test.ispas-ev.de\/index.php?rest_route=\/wp\/v2\/types\/post"}],"author":[{"embeddable":true,"href":"https:\/\/test.ispas-ev.de\/index.php?rest_route=\/wp\/v2\/users\/16"}],"replies":[{"embeddable":true,"href":"https:\/\/test.ispas-ev.de\/index.php?rest_route=%2Fwp%2Fv2%2Fcomments&post=6400"}],"version-history":[{"count":5,"href":"https:\/\/test.ispas-ev.de\/index.php?rest_route=\/wp\/v2\/posts\/6400\/revisions"}],"predecessor-version":[{"id":6582,"href":"https:\/\/test.ispas-ev.de\/index.php?rest_route=\/wp\/v2\/posts\/6400\/revisions\/6582"}],"wp:featuredmedia":[{"embeddable":true,"href":"https:\/\/test.ispas-ev.de\/index.php?rest_route=\/wp\/v2\/media\/6414"}],"wp:attachment":[{"href":"https:\/\/test.ispas-ev.de\/index.php?rest_route=%2Fwp%2Fv2%2Fmedia&parent=6400"}],"wp:term":[{"taxonomy":"category","embeddable":true,"href":"https:\/\/test.ispas-ev.de\/index.php?rest_route=%2Fwp%2Fv2%2Fcategories&post=6400"},{"taxonomy":"post_tag","embeddable":true,"href":"https:\/\/test.ispas-ev.de\/index.php?rest_route=%2Fwp%2Fv2%2Ftags&post=6400"}],"curies":[{"name":"wp","href":"https:\/\/api.w.org\/{rel}","templated":true}]}}