{"id":6394,"date":"2022-07-14T21:40:15","date_gmt":"2022-07-14T19:40:15","guid":{"rendered":"https:\/\/www.ispas-ev.de\/?p=6394"},"modified":"2022-08-20T19:07:37","modified_gmt":"2022-08-20T17:07:37","slug":"bericht-zur-buergerfahrt-nach-torgau-vom-30-06-bis-03-07","status":"publish","type":"post","link":"https:\/\/test.ispas-ev.de\/?p=6394","title":{"rendered":"Bericht zur B\u00fcrgerfahrt nach Torgau vom 30.06. bis 03.07."},"content":{"rendered":"<p>Als Teilnehmerin an der B\u00fcrgerfahrt nach Torgau hat Brigitte Stegmaier einen anschaulichen Bericht geschrieben. Viel Spa\u00df beim Lesen.<\/p>\n<p><strong>&nbsp;<\/strong><strong>Die Reisegruppe vor dem Rathaus Torgau<\/strong><\/p>\n<p><a href=\"https:\/\/www.ispas-ev.de\/wp-content\/uploads\/2022\/07\/Bild1-Gruppenfoto-Burg-Hartenfels.jpg\"><img decoding=\"async\" loading=\"lazy\" class=\"alignnone wp-image-6401\" src=\"https:\/\/www.ispas-ev.de\/wp-content\/uploads\/2022\/07\/Bild1-Gruppenfoto-Burg-Hartenfels-225x300.jpg\" alt=\"\" width=\"306\" height=\"408\" srcset=\"https:\/\/test.ispas-ev.de\/wp-content\/uploads\/2022\/07\/Bild1-Gruppenfoto-Burg-Hartenfels-225x300.jpg 225w, https:\/\/test.ispas-ev.de\/wp-content\/uploads\/2022\/07\/Bild1-Gruppenfoto-Burg-Hartenfels-767x1024.jpg 767w, https:\/\/test.ispas-ev.de\/wp-content\/uploads\/2022\/07\/Bild1-Gruppenfoto-Burg-Hartenfels-768x1025.jpg 768w, https:\/\/test.ispas-ev.de\/wp-content\/uploads\/2022\/07\/Bild1-Gruppenfoto-Burg-Hartenfels.jpg 783w\" sizes=\"(max-width: 306px) 100vw, 306px\" \/><\/a><\/p>\n<p>29 Reisende freuten sich auf die B\u00fcrgerfahrt, die unter dem Motto \u201eG\u00e4rten\u201c stand und uns bis nach Torgau zur Landesgartenschau Sachsen f\u00fchrte. Die Reise begann am Donnerstag p\u00fcnktlich um 07:30 Uhr \u2013 bei bestem Sommerwetter. Da kann doch gleich bei den Teilnehmenden gute Laune auf.<\/p>\n<p><a href=\"https:\/\/www.ispas-ev.de\/wp-content\/uploads\/2022\/07\/Thueringer-Wuerstchen.jpg\"><img decoding=\"async\" loading=\"lazy\" class=\"alignnone wp-image-6409\" src=\"https:\/\/www.ispas-ev.de\/wp-content\/uploads\/2022\/07\/Thueringer-Wuerstchen-225x300.jpg\" alt=\"\" width=\"296\" height=\"395\" srcset=\"https:\/\/test.ispas-ev.de\/wp-content\/uploads\/2022\/07\/Thueringer-Wuerstchen-225x300.jpg 225w, https:\/\/test.ispas-ev.de\/wp-content\/uploads\/2022\/07\/Thueringer-Wuerstchen.jpg 602w\" sizes=\"(max-width: 296px) 100vw, 296px\" \/><\/a><\/p>\n<p>Die erste Station unserer Reise war <strong>Erfurt<\/strong>, Landeshauptstadt des Freistaates Th\u00fcringen. Nach einem leckeren Mittagessen im Gasthof Schloss Hubertus warteten zwei G\u00e4stef\u00fchrer f\u00fcr unsere erste Besichtigung auf dem Petersberg auf uns.<\/p>\n<p><a href=\"https:\/\/www.ispas-ev.de\/wp-content\/uploads\/2022\/07\/Bild3-Erfurt-Paradiesgaerten-1.jpg\"><img decoding=\"async\" loading=\"lazy\" class=\"alignnone wp-image-6403\" src=\"https:\/\/www.ispas-ev.de\/wp-content\/uploads\/2022\/07\/Bild3-Erfurt-Paradiesgaerten-1-268x300.jpg\" alt=\"\" width=\"297\" height=\"333\" srcset=\"https:\/\/test.ispas-ev.de\/wp-content\/uploads\/2022\/07\/Bild3-Erfurt-Paradiesgaerten-1-268x300.jpg 268w, https:\/\/test.ispas-ev.de\/wp-content\/uploads\/2022\/07\/Bild3-Erfurt-Paradiesgaerten-1-768x859.jpg 768w, https:\/\/test.ispas-ev.de\/wp-content\/uploads\/2022\/07\/Bild3-Erfurt-Paradiesgaerten-1.jpg 771w\" sizes=\"(max-width: 297px) 100vw, 297px\" \/><\/a><\/p>\n<p><a href=\"https:\/\/www.ispas-ev.de\/wp-content\/uploads\/2022\/07\/Bild4-Erfurt-Paradiesgaerten-2.jpg\"><img decoding=\"async\" loading=\"lazy\" class=\"alignnone size-medium wp-image-6404\" src=\"https:\/\/www.ispas-ev.de\/wp-content\/uploads\/2022\/07\/Bild4-Erfurt-Paradiesgaerten-2-300x247.jpg\" alt=\"\" width=\"300\" height=\"247\" srcset=\"https:\/\/test.ispas-ev.de\/wp-content\/uploads\/2022\/07\/Bild4-Erfurt-Paradiesgaerten-2-300x247.jpg 300w, https:\/\/test.ispas-ev.de\/wp-content\/uploads\/2022\/07\/Bild4-Erfurt-Paradiesgaerten-2.jpg 340w\" sizes=\"(max-width: 300px) 100vw, 300px\" \/><\/a><\/p>\n<p><a href=\"https:\/\/www.ispas-ev.de\/wp-content\/uploads\/2022\/07\/Bild5-Erfurt-Paradiesgaerten.jpg\"><img decoding=\"async\" loading=\"lazy\" class=\"alignnone size-medium wp-image-6405\" src=\"https:\/\/www.ispas-ev.de\/wp-content\/uploads\/2022\/07\/Bild5-Erfurt-Paradiesgaerten-300x213.jpg\" alt=\"\" width=\"300\" height=\"213\" srcset=\"https:\/\/test.ispas-ev.de\/wp-content\/uploads\/2022\/07\/Bild5-Erfurt-Paradiesgaerten-300x213.jpg 300w, https:\/\/test.ispas-ev.de\/wp-content\/uploads\/2022\/07\/Bild5-Erfurt-Paradiesgaerten.jpg 340w\" sizes=\"(max-width: 300px) 100vw, 300px\" \/><\/a><\/p>\n<p>\u201e<strong>Paradiesg\u00e4rten \u2013 Gartenparadiese\u201c<\/strong><\/p>\n<p>Die Ausstellung schl\u00e4gt den Bogen von der Klosterkultur des Mittelalters zur Gartenkunst der h\u00f6fischen Epoche. Im Mittelpunkt stehen neben dem fr\u00fcheren Peterskloster elf Gartendenkmale der Stiftung Th\u00fcringer Schl\u00f6sser und G\u00e4rten, die europ\u00e4ische Entwicklungen von der Renaissance bis ins 19. Jahrhundert widerspiegeln. Die Ausstellung f\u00fcgt sich kongenial in den ehemaligen Sakralraum ein und entf\u00fchrt zugleich mit einer atmosph\u00e4rischen und multimedialen Inszenierung in das Reich der Gartenkunst. <strong>Licht und Klang, Schatten und Stille spielen dabei eine gro\u00dfe Rolle.<\/strong><\/p>\n<p><a href=\"https:\/\/www.ispas-ev.de\/wp-content\/uploads\/2022\/07\/Bild6-Erfurt-Gartenparadies.jpg\"><img decoding=\"async\" loading=\"lazy\" class=\"alignnone size-medium wp-image-6406\" src=\"https:\/\/www.ispas-ev.de\/wp-content\/uploads\/2022\/07\/Bild6-Erfurt-Gartenparadies-300x225.jpg\" alt=\"\" width=\"300\" height=\"225\" srcset=\"https:\/\/test.ispas-ev.de\/wp-content\/uploads\/2022\/07\/Bild6-Erfurt-Gartenparadies-300x225.jpg 300w, https:\/\/test.ispas-ev.de\/wp-content\/uploads\/2022\/07\/Bild6-Erfurt-Gartenparadies-768x576.jpg 768w, https:\/\/test.ispas-ev.de\/wp-content\/uploads\/2022\/07\/Bild6-Erfurt-Gartenparadies.jpg 907w\" sizes=\"(max-width: 300px) 100vw, 300px\" \/><\/a><\/p>\n<p>In <strong>Torgau<\/strong> angekommen, bezogen wir unsere Hotelzimmer. Anschlie\u00dfend ging es gemeinsam zum Abendessen in das griechische Lokal \u201eSantorini\u201c. Dort wartete ein Aperol-Spritz und ein griechischer Vorspeiseteller auf uns. Alle f\u00fchlten sich sehr wohl und genossen den sch\u00f6nen Sommerabend. M\u00fcde und satt beendeten wir den ersten Tag unserer Reise.<\/p>\n<p><a href=\"https:\/\/www.ispas-ev.de\/wp-content\/uploads\/2022\/07\/Bild7-Torgau-Hoteleingang.jpg\"><img decoding=\"async\" loading=\"lazy\" class=\"alignnone wp-image-6407\" src=\"https:\/\/www.ispas-ev.de\/wp-content\/uploads\/2022\/07\/Bild7-Torgau-Hoteleingang-216x300.jpg\" alt=\"\" width=\"302\" height=\"419\" srcset=\"https:\/\/test.ispas-ev.de\/wp-content\/uploads\/2022\/07\/Bild7-Torgau-Hoteleingang-216x300.jpg 216w, https:\/\/test.ispas-ev.de\/wp-content\/uploads\/2022\/07\/Bild7-Torgau-Hoteleingang.jpg 530w\" sizes=\"(max-width: 302px) 100vw, 302px\" \/><\/a><\/p>\n<p><strong>Der zweite Tag, Freitag, war unser \u201eTorgau-Tag\u201c.<\/strong><\/p>\n<p><strong>Um 10 Uhr empfing uns Frau Oberb\u00fcrgermeister<\/strong>in Romina Barth im wundersch\u00f6nen Rathaus der Stadt. Bei Getr\u00e4nken und Keksen wurden wir mit einem Film \u00fcber die Stadtentwicklung informiert Nach dem Empfang ging es in zwei Gruppen zur Stadtf\u00fchrung. Wir bekamen \u00fcber die Stadt und ihre Geschichte viel zu h\u00f6ren. Zum Reiseplaner hinzuf\u00fcgen\/entfernen<\/p>\n<p>Ein Stadtbummel durch die historische Altstadt von Torgau gleicht einer Zeitreise in die Renaissance. Besonders beeindruckend ist der Markt mit dem Renaissance-Rathaus und dem Ensemble pr\u00e4chtiger Patrizierh\u00e4user. Zudem befinden sich in der Stadt das \u00e4lteste Spielwarengesch\u00e4ft Deutschlands und eine der \u00e4ltesten Apotheken <a href=\"http:\/\/www.germany.travel\/de\/reiseinformation\/bundeslaender\/bundeslaender\/sachsen\/sachsen.html\">Sachsens<\/a>, die Mohrenapotheke. <em>\u201eTorgaus Bauten \u00fcbertreffen an Sch\u00f6nheit alle aus der Antike\u201c,<\/em> hat Martin Luther gesagt. Das gilt damals wie heute: 500 Baudenkmale im Stil der Renaissance und der Sp\u00e4tgotik machen Torgau in Sachsen zu einem st\u00e4dtebaulichen Kleinod von internationalem Rang.<\/p>\n<p>Das beeindruckendste Bauwerk der Stadt ist Schloss Hartenfels mit dem gro\u00dfen Wendelstein: Wie ein Schneckenhaus f\u00fchrt die elegant gewundene steinerne Treppe nach oben. &nbsp;Die Schlosskirche wurde nach Luthers Vorgaben errichtet und vom Reformator 1544 pers\u00f6nlich geweiht. Doch nicht nur Luther selbst wird in Torgau geehrt. 1552 floh seine Witwe vor der Pest mit ihren Kindern nach Torgau, wo sie kurz darauf verstarb. In ihrem Sterbehaus erinnert ein Museum an die \u201eber\u00fchmteste Pfarrfrau der Welt\u201c, Katharina von Bora. Der Nachmittag stand zur freien Verf\u00fcgung, damit jeder Torgau f\u00fcr sich genie\u00dfen konnte. Zum Abendessen ging es gemeinsam in das Restaurant \u201eHerr K\u00e4the\u201c, nach der Frau von Martin Luther benannt.<\/p>\n<p><a href=\"https:\/\/www.ispas-ev.de\/wp-content\/uploads\/2022\/07\/Bild8-Burg-Hartenfels-in-Erfurt.jpg\"><img decoding=\"async\" loading=\"lazy\" class=\"alignnone wp-image-6408\" src=\"https:\/\/www.ispas-ev.de\/wp-content\/uploads\/2022\/07\/Bild8-Burg-Hartenfels-in-Erfurt-225x300.jpg\" alt=\"\" width=\"287\" height=\"383\" srcset=\"https:\/\/test.ispas-ev.de\/wp-content\/uploads\/2022\/07\/Bild8-Burg-Hartenfels-in-Erfurt-225x300.jpg 225w, https:\/\/test.ispas-ev.de\/wp-content\/uploads\/2022\/07\/Bild8-Burg-Hartenfels-in-Erfurt.jpg 314w\" sizes=\"(max-width: 287px) 100vw, 287px\" \/><\/a><\/p>\n<p>Schloss Hartenfels<\/p>\n<p><a href=\"https:\/\/www.ispas-ev.de\/wp-content\/uploads\/2022\/07\/Bild9-Gruppenfoto-auf-dem-Gartenschaugelaende-1.jpg\"><img decoding=\"async\" loading=\"lazy\" class=\"alignnone wp-image-6412\" src=\"https:\/\/www.ispas-ev.de\/wp-content\/uploads\/2022\/07\/Bild9-Gruppenfoto-auf-dem-Gartenschaugelaende-1-300x235.jpg\" alt=\"\" width=\"286\" height=\"224\" srcset=\"https:\/\/test.ispas-ev.de\/wp-content\/uploads\/2022\/07\/Bild9-Gruppenfoto-auf-dem-Gartenschaugelaende-1-300x235.jpg 300w, https:\/\/test.ispas-ev.de\/wp-content\/uploads\/2022\/07\/Bild9-Gruppenfoto-auf-dem-Gartenschaugelaende-1.jpg 723w\" sizes=\"(max-width: 286px) 100vw, 286px\" \/><\/a><\/p>\n<p><strong>Der dritte Tag<\/strong> unserer Reise f\u00fchrte uns zur \u201eLandesgartenschau Sachsen\u201c, die in Torgau zu besuchen ist. Viel Gr\u00fcn, viele verschiedene Blumen und Attraktionen f\u00fcr Kinder und Jugendliche waren zu sehen und wir wurden wieder in zwei F\u00fchrungen zu den wichtigsten Punkte der Landesgartenschau gef\u00fchrt. Und dann wurden wir vom Team, das immer mit einem Stand zum Sindelfinger Weihnachtsmarkt kommt, mit H\u00e4ppchen und Getr\u00e4nken \u00fcberrascht. Alles war liebevoll zubereitet und schmeckte lecker. Danach war Zeit, alleine \u00fcber das Landesgartenschaugel\u00e4nde zu gehen, um die Eindr\u00fccke wirken zu lassen.<\/p>\n<p><a href=\"https:\/\/www.ispas-ev.de\/wp-content\/uploads\/2022\/07\/Bild10-Eingang-Laga.jpg\"><img decoding=\"async\" loading=\"lazy\" class=\"alignnone size-medium wp-image-6425\" src=\"https:\/\/www.ispas-ev.de\/wp-content\/uploads\/2022\/07\/Bild10-Eingang-Laga-300x176.jpg\" alt=\"\" width=\"300\" height=\"176\" srcset=\"https:\/\/test.ispas-ev.de\/wp-content\/uploads\/2022\/07\/Bild10-Eingang-Laga-300x176.jpg 300w, https:\/\/test.ispas-ev.de\/wp-content\/uploads\/2022\/07\/Bild10-Eingang-Laga.jpg 675w\" sizes=\"(max-width: 300px) 100vw, 300px\" \/><\/a><\/p>\n<p><a href=\"https:\/\/www.ispas-ev.de\/wp-content\/uploads\/2022\/07\/Bild11-Kunst-auf-der-Laga.jpg\"><img decoding=\"async\" loading=\"lazy\" class=\"alignnone size-medium wp-image-6413\" src=\"https:\/\/www.ispas-ev.de\/wp-content\/uploads\/2022\/07\/Bild11-Kunst-auf-der-Laga-300x266.jpg\" alt=\"\" width=\"300\" height=\"266\" srcset=\"https:\/\/test.ispas-ev.de\/wp-content\/uploads\/2022\/07\/Bild11-Kunst-auf-der-Laga-300x266.jpg 300w, https:\/\/test.ispas-ev.de\/wp-content\/uploads\/2022\/07\/Bild11-Kunst-auf-der-Laga.jpg 689w\" sizes=\"(max-width: 300px) 100vw, 300px\" \/><\/a><\/p>\n<p><a href=\"https:\/\/www.ispas-ev.de\/wp-content\/uploads\/2022\/07\/Bild12-Interessante-Hochbeete.jpg\"><img decoding=\"async\" loading=\"lazy\" class=\"alignnone size-medium wp-image-6415\" src=\"https:\/\/www.ispas-ev.de\/wp-content\/uploads\/2022\/07\/Bild12-Interessante-Hochbeete-300x254.jpg\" alt=\"\" width=\"300\" height=\"254\" srcset=\"https:\/\/test.ispas-ev.de\/wp-content\/uploads\/2022\/07\/Bild12-Interessante-Hochbeete-300x254.jpg 300w, https:\/\/test.ispas-ev.de\/wp-content\/uploads\/2022\/07\/Bild12-Interessante-Hochbeete.jpg 691w\" sizes=\"(max-width: 300px) 100vw, 300px\" \/><\/a><\/p>\n<p><a href=\"https:\/\/www.ispas-ev.de\/wp-content\/uploads\/2022\/07\/Bild13-Liegestuhl-als-Werbemittel.jpg\"><img decoding=\"async\" loading=\"lazy\" class=\"alignnone size-medium wp-image-6414\" src=\"https:\/\/www.ispas-ev.de\/wp-content\/uploads\/2022\/07\/Bild13-Liegestuhl-als-Werbemittel-300x239.jpg\" alt=\"\" width=\"300\" height=\"239\" srcset=\"https:\/\/test.ispas-ev.de\/wp-content\/uploads\/2022\/07\/Bild13-Liegestuhl-als-Werbemittel-300x239.jpg 300w, https:\/\/test.ispas-ev.de\/wp-content\/uploads\/2022\/07\/Bild13-Liegestuhl-als-Werbemittel.jpg 689w\" sizes=\"(max-width: 300px) 100vw, 300px\" \/><\/a><\/p>\n<p><a href=\"https:\/\/www.ispas-ev.de\/wp-content\/uploads\/2022\/07\/Bild14-Rastplatz-auf-dem-Gelaende.jpg\"><img decoding=\"async\" loading=\"lazy\" class=\"alignnone size-medium wp-image-6416\" src=\"https:\/\/www.ispas-ev.de\/wp-content\/uploads\/2022\/07\/Bild14-Rastplatz-auf-dem-Gelaende-300x250.jpg\" alt=\"\" width=\"300\" height=\"250\" srcset=\"https:\/\/test.ispas-ev.de\/wp-content\/uploads\/2022\/07\/Bild14-Rastplatz-auf-dem-Gelaende-300x250.jpg 300w, https:\/\/test.ispas-ev.de\/wp-content\/uploads\/2022\/07\/Bild14-Rastplatz-auf-dem-Gelaende.jpg 724w\" sizes=\"(max-width: 300px) 100vw, 300px\" \/><\/a><\/p>\n<p>Am Abend besuchten wir noch den Kegelsportverein SSV 1952 Torgau. Dort wurden wir sehr herzlich aufgenommen und mit Getr\u00e4nken, gegrillten Steaks, Bratw\u00fcrsten und verschiedenen Salaten verw\u00f6hnt. Und der H\u00f6hepunkt: Jeder und Jede durfte kegeln. Die Kegelbahnen geh\u00f6rten uns! Dies wurde auch t\u00fcchtig genutzt und hin und wieder wurden \u201ealle Neune\u201c geworfen. Es war ein sch\u00f6ner, lustiger Abend und sp\u00e4ter am Hotel lie\u00dfen wir ihn dann noch fr\u00f6hlich ausklingen.<\/p>\n<p><a href=\"https:\/\/www.ispas-ev.de\/wp-content\/uploads\/2022\/07\/Bild15-Kegelsportverein.jpg\"><img decoding=\"async\" loading=\"lazy\" class=\"alignnone size-medium wp-image-6417\" src=\"https:\/\/www.ispas-ev.de\/wp-content\/uploads\/2022\/07\/Bild15-Kegelsportverein-300x188.jpg\" alt=\"\" width=\"300\" height=\"188\" srcset=\"https:\/\/test.ispas-ev.de\/wp-content\/uploads\/2022\/07\/Bild15-Kegelsportverein-300x188.jpg 300w, https:\/\/test.ispas-ev.de\/wp-content\/uploads\/2022\/07\/Bild15-Kegelsportverein.jpg 736w\" sizes=\"(max-width: 300px) 100vw, 300px\" \/><\/a><\/p>\n<p><strong>Der vierte und letzte Tag<\/strong> unserer B\u00fcrgerfahrt begann sehr fr\u00fch um 7.30 Uhr mit der Abfahrt nach <strong>Bayreuth. <\/strong>Im Gasthof Frankenfarm machten wir unsere Mittagsrast; danach fuhren wie zu unserer Parkanlagenf\u00fchrung \u201eZauberhafte Eremitage\u201c weiter. Dort wurden wir bereits wieder von den Stadtf\u00fchrerinnen erwartet. Die Eremitage in Bayreuth ist eine ab 1715 entstandene historische Parkanlage mit Wasserspielen und Bauwerken, die zu den Sehensw\u00fcrdigkeiten der Stadt geh\u00f6rt. Dort befinden sich auch das sogenannte Alte Schloss, das Neue Schloss sowie weitere kleinere Geb\u00e4ude. Gegliedert ist sie in einen Landschaftspark, einen geometrisch angelegten barocken Garten und einen zum Wald verwilderten Bereich. Die Eremitage ist offiziell auch ein Ortsteil der kreisfreien Stadt Bayreuth. Der Landschaftspark ist ein Kleinod des Rokokos und ein Musterbeispiel der Gartenbaukultur des 18. Jahrhunderts. Er ist abwechslungsreich gestaltet, mit einer Grotte, k\u00fcnstlichen Ruinen in Form eines Ruinentheaters, einem antiken Grabmal, der Eremitage f\u00fcr den Markgrafen Friedrich III. und verloren gegangenen Eremitage f\u00fcr die Markgr\u00e4fin Wilhelmine sowie einer Reihe von Brunnen. In den Parks der Romantik entstanden auch viele versteckte Winkel und sich st\u00e4ndig wandelnde An- und Einsichten. Der Garten ist in geometrische Bezirke mit Bosketten, Alleen und Wasseranlageneingeteilt. Das Ganze ist halbkreisf\u00f6rmig umgeben von dichtem Laubwald.<\/p>\n<p><a href=\"https:\/\/www.ispas-ev.de\/wp-content\/uploads\/2022\/07\/Bild17-Wegweiser-Eremitage-Bayreuth.jpg\"><img decoding=\"async\" loading=\"lazy\" class=\"alignnone wp-image-6419\" src=\"https:\/\/www.ispas-ev.de\/wp-content\/uploads\/2022\/07\/Bild17-Wegweiser-Eremitage-Bayreuth-300x266.jpg\" alt=\"\" width=\"327\" height=\"290\" srcset=\"https:\/\/test.ispas-ev.de\/wp-content\/uploads\/2022\/07\/Bild17-Wegweiser-Eremitage-Bayreuth-300x266.jpg 300w, https:\/\/test.ispas-ev.de\/wp-content\/uploads\/2022\/07\/Bild17-Wegweiser-Eremitage-Bayreuth-768x682.jpg 768w, https:\/\/test.ispas-ev.de\/wp-content\/uploads\/2022\/07\/Bild17-Wegweiser-Eremitage-Bayreuth.jpg 900w\" sizes=\"(max-width: 327px) 100vw, 327px\" \/><\/a><\/p>\n<p><a href=\"https:\/\/www.ispas-ev.de\/wp-content\/uploads\/2022\/07\/Bayreuth-2.jpg\"><img decoding=\"async\" loading=\"lazy\" class=\"alignnone wp-image-6421\" src=\"https:\/\/www.ispas-ev.de\/wp-content\/uploads\/2022\/07\/Bayreuth-2-300x226.jpg\" alt=\"\" width=\"324\" height=\"244\" srcset=\"https:\/\/test.ispas-ev.de\/wp-content\/uploads\/2022\/07\/Bayreuth-2-300x226.jpg 300w, https:\/\/test.ispas-ev.de\/wp-content\/uploads\/2022\/07\/Bayreuth-2.jpg 404w\" sizes=\"(max-width: 324px) 100vw, 324px\" \/><\/a><\/p>\n<p><a href=\"https:\/\/www.ispas-ev.de\/wp-content\/uploads\/2022\/07\/Bayreuth-3.jpg\"><img decoding=\"async\" loading=\"lazy\" class=\"alignnone wp-image-6422\" src=\"https:\/\/www.ispas-ev.de\/wp-content\/uploads\/2022\/07\/Bayreuth-3-300x232.jpg\" alt=\"\" width=\"326\" height=\"252\" srcset=\"https:\/\/test.ispas-ev.de\/wp-content\/uploads\/2022\/07\/Bayreuth-3-300x232.jpg 300w, https:\/\/test.ispas-ev.de\/wp-content\/uploads\/2022\/07\/Bayreuth-3.jpg 404w\" sizes=\"(max-width: 326px) 100vw, 326px\" \/><\/a><\/p>\n<p><a href=\"https:\/\/www.ispas-ev.de\/wp-content\/uploads\/2022\/07\/Bayreuth-4.jpg\"><img decoding=\"async\" loading=\"lazy\" class=\"alignnone wp-image-6423\" src=\"https:\/\/www.ispas-ev.de\/wp-content\/uploads\/2022\/07\/Bayreuth-4-300x171.jpg\" alt=\"\" width=\"326\" height=\"186\" srcset=\"https:\/\/test.ispas-ev.de\/wp-content\/uploads\/2022\/07\/Bayreuth-4-300x171.jpg 300w, https:\/\/test.ispas-ev.de\/wp-content\/uploads\/2022\/07\/Bayreuth-4.jpg 417w\" sizes=\"(max-width: 326px) 100vw, 326px\" \/><\/a><\/p>\n<p>Nach dieser sehr sch\u00f6nen und interessanten F\u00fchrung ging unsere Fahrt unterbrochen durch eine kleine Kaffeepause weiter nach Sindelfingen.<\/p>\n<p><a href=\"https:\/\/www.ispas-ev.de\/wp-content\/uploads\/2022\/07\/Bayreuth-5.jpg\"><img decoding=\"async\" loading=\"lazy\" class=\"alignnone size-medium wp-image-6424\" src=\"https:\/\/www.ispas-ev.de\/wp-content\/uploads\/2022\/07\/Bayreuth-5-300x215.jpg\" alt=\"\" width=\"300\" height=\"215\" srcset=\"https:\/\/test.ispas-ev.de\/wp-content\/uploads\/2022\/07\/Bayreuth-5-300x215.jpg 300w, https:\/\/test.ispas-ev.de\/wp-content\/uploads\/2022\/07\/Bayreuth-5.jpg 438w\" sizes=\"(max-width: 300px) 100vw, 300px\" \/><\/a><\/p>\n<p>In einem waren wir uns alle einig, Es war eine sch\u00f6ne, harmonische Reise. Trotz der starken Hitze hatten wir erlebnisreiche Tage.<\/p>\n<div style=\"width: 640px;\" class=\"wp-video\"><!--[if lt IE 9]><script>document.createElement('video');<\/script><![endif]-->\n<video class=\"wp-video-shortcode\" id=\"video-6394-1\" width=\"640\" height=\"360\" preload=\"metadata\" controls=\"controls\"><source type=\"video\/mp4\" src=\"https:\/\/www.ispas-ev.de\/wp-content\/uploads\/Film\/Buergerfahrt_nach_Torgau_2022\/Buergerfahrt_nach_Torgau.mp4?_=1\" \/><a href=\"https:\/\/www.ispas-ev.de\/wp-content\/uploads\/Film\/Buergerfahrt_nach_Torgau_2022\/Buergerfahrt_nach_Torgau.mp4\">https:\/\/www.ispas-ev.de\/wp-content\/uploads\/Film\/Buergerfahrt_nach_Torgau_2022\/Buergerfahrt_nach_Torgau.mp4<\/a><\/video><\/div>\n<p>Text: Brigitte Stegmaier, Fotos: Bettina Schneider<\/p>\n<p>&nbsp;<\/p>\n<p>&nbsp;<\/p>\n<p>&nbsp;<\/p>\n<p>&nbsp;<\/p>\n<p>&nbsp;<\/p>\n<p>&nbsp;<\/p>\n<p>&nbsp;<\/p>\n<p>&nbsp;<\/p>\n<p>&nbsp;<\/p>\n<p>&nbsp;<\/p>\n<div id=\"simple-translate\">\n<div>\n<div class=\"simple-translate-button isShow\" style=\"background-image: url('moz-extension:\/\/1b00ce31-6840-41bb-8115-a380c067f924\/icons\/512.png'); height: 22px; width: 22px; top: 8523px; left: 587px;\">&nbsp;<\/div>\n<div class=\"simple-translate-panel \" style=\"width: 300px; height: 200px; top: 0px; left: 0px; font-size: 13px; background-color: #181818;\">\n<div class=\"simple-translate-result-wrapper\" style=\"overflow: hidden;\">\n<div class=\"simple-translate-move\" draggable=\"true\">&nbsp;<\/div>\n<div class=\"simple-translate-result-contents\">\n<p class=\"simple-translate-result\" dir=\"auto\" style=\"color: #e6e6e6;\">&nbsp;<\/p>\n<p class=\"simple-translate-candidate\" dir=\"auto\" style=\"color: #aaaaaa;\">&nbsp;<\/p>\n<\/div>\n<\/div>\n<\/div>\n<\/div>\n<\/div>\n","protected":false},"excerpt":{"rendered":"<p>Als Teilnehmerin an der B\u00fcrgerfahrt nach Torgau hat Brigitte Stegmaier einen anschaulichen Bericht geschrieben. Viel Spa\u00df beim Lesen. &nbsp;Die Reisegruppe vor dem Rathaus Torgau 29 Reisende freuten sich auf die [&hellip;]<\/p>\n","protected":false},"author":16,"featured_media":6412,"comment_status":"closed","ping_status":"open","sticky":false,"template":"","format":"standard","meta":{"ngg_post_thumbnail":0},"categories":[1,21],"tags":[],"_links":{"self":[{"href":"https:\/\/test.ispas-ev.de\/index.php?rest_route=\/wp\/v2\/posts\/6394"}],"collection":[{"href":"https:\/\/test.ispas-ev.de\/index.php?rest_route=\/wp\/v2\/posts"}],"about":[{"href":"https:\/\/test.ispas-ev.de\/index.php?rest_route=\/wp\/v2\/types\/post"}],"author":[{"embeddable":true,"href":"https:\/\/test.ispas-ev.de\/index.php?rest_route=\/wp\/v2\/users\/16"}],"replies":[{"embeddable":true,"href":"https:\/\/test.ispas-ev.de\/index.php?rest_route=%2Fwp%2Fv2%2Fcomments&post=6394"}],"version-history":[{"count":9,"href":"https:\/\/test.ispas-ev.de\/index.php?rest_route=\/wp\/v2\/posts\/6394\/revisions"}],"predecessor-version":[{"id":6580,"href":"https:\/\/test.ispas-ev.de\/index.php?rest_route=\/wp\/v2\/posts\/6394\/revisions\/6580"}],"wp:featuredmedia":[{"embeddable":true,"href":"https:\/\/test.ispas-ev.de\/index.php?rest_route=\/wp\/v2\/media\/6412"}],"wp:attachment":[{"href":"https:\/\/test.ispas-ev.de\/index.php?rest_route=%2Fwp%2Fv2%2Fmedia&parent=6394"}],"wp:term":[{"taxonomy":"category","embeddable":true,"href":"https:\/\/test.ispas-ev.de\/index.php?rest_route=%2Fwp%2Fv2%2Fcategories&post=6394"},{"taxonomy":"post_tag","embeddable":true,"href":"https:\/\/test.ispas-ev.de\/index.php?rest_route=%2Fwp%2Fv2%2Ftags&post=6394"}],"curies":[{"name":"wp","href":"https:\/\/api.w.org\/{rel}","templated":true}]}}