{"id":6365,"date":"2022-06-25T15:22:13","date_gmt":"2022-06-25T13:22:13","guid":{"rendered":"https:\/\/www.ispas-ev.de\/?p=6365"},"modified":"2022-06-25T15:25:55","modified_gmt":"2022-06-25T13:25:55","slug":"strassenfest-2022-kommunalpolitisches-gespraech-am-17-06","status":"publish","type":"post","link":"https:\/\/test.ispas-ev.de\/?p=6365","title":{"rendered":"Stra\u00dfenfest 2022 &#8211; Kommunalpolitisches Gespr\u00e4ch am 17.06."},"content":{"rendered":"<p>Vor der Er\u00f6ffnung des Stra\u00dfenfestes findet immer im Rathaus ein kommunalpolitisches Gespr\u00e4ch mit den Delegationen aus den Partnerst\u00e4dten statt, anschlie\u00dfend l\u00e4dt die Stadt zum Empfang ins Hotel Ericson. So auch im Jahr 2022.<\/p>\n<p>Hier k\u00f6nnen Sie die Fotos mit OB Dr. V\u00f6hringer und Repr\u00e4sentanten der St\u00e4dte sehen, leider ohne Vertreter der Stadt Corbeil-Essonnes, die dieses Jahr leider nicht kommen konnten.<\/p>\n<p>Fotos: Stadt Sindelfingen<\/p>\n<p>Die Delegationen vor dem Rathaus<\/p>\n<p><a href=\"https:\/\/www.ispas-ev.de\/wp-content\/uploads\/2022\/06\/Kommunalpolitisches-Gespraech-2022-Delegationen-vor-dem-Rathaus.jpg\"><img decoding=\"async\" loading=\"lazy\" class=\"alignnone size-medium wp-image-6355\" src=\"https:\/\/www.ispas-ev.de\/wp-content\/uploads\/2022\/06\/Kommunalpolitisches-Gespraech-2022-Delegationen-vor-dem-Rathaus-300x200.jpg\" alt=\"\" width=\"300\" height=\"200\" srcset=\"https:\/\/test.ispas-ev.de\/wp-content\/uploads\/2022\/06\/Kommunalpolitisches-Gespraech-2022-Delegationen-vor-dem-Rathaus-300x200.jpg 300w, https:\/\/test.ispas-ev.de\/wp-content\/uploads\/2022\/06\/Kommunalpolitisches-Gespraech-2022-Delegationen-vor-dem-Rathaus-1024x682.jpg 1024w, https:\/\/test.ispas-ev.de\/wp-content\/uploads\/2022\/06\/Kommunalpolitisches-Gespraech-2022-Delegationen-vor-dem-Rathaus-768x511.jpg 768w, https:\/\/test.ispas-ev.de\/wp-content\/uploads\/2022\/06\/Kommunalpolitisches-Gespraech-2022-Delegationen-vor-dem-Rathaus.jpg 1080w\" sizes=\"(max-width: 300px) 100vw, 300px\" \/><\/a><\/p>\n<p>Empfang<\/p>\n<p><a href=\"https:\/\/www.ispas-ev.de\/wp-content\/uploads\/2022\/06\/Empfang-im-Hotel-Ericson-fuer-Delegationen.jpg\"><img decoding=\"async\" loading=\"lazy\" class=\"alignnone size-medium wp-image-6360\" src=\"https:\/\/www.ispas-ev.de\/wp-content\/uploads\/2022\/06\/Empfang-im-Hotel-Ericson-fuer-Delegationen-300x200.jpg\" alt=\"\" width=\"300\" height=\"200\" srcset=\"https:\/\/test.ispas-ev.de\/wp-content\/uploads\/2022\/06\/Empfang-im-Hotel-Ericson-fuer-Delegationen-300x200.jpg 300w, https:\/\/test.ispas-ev.de\/wp-content\/uploads\/2022\/06\/Empfang-im-Hotel-Ericson-fuer-Delegationen-1024x682.jpg 1024w, https:\/\/test.ispas-ev.de\/wp-content\/uploads\/2022\/06\/Empfang-im-Hotel-Ericson-fuer-Delegationen-768x512.jpg 768w, https:\/\/test.ispas-ev.de\/wp-content\/uploads\/2022\/06\/Empfang-im-Hotel-Ericson-fuer-Delegationen.jpg 1081w\" sizes=\"(max-width: 300px) 100vw, 300px\" \/><\/a><\/p>\n<p>Chelm und Sondrio<\/p>\n<p><a href=\"https:\/\/www.ispas-ev.de\/wp-content\/uploads\/2022\/06\/Chelm-und-Sondrio.jpg\"><img decoding=\"async\" loading=\"lazy\" class=\"alignnone size-medium wp-image-6352\" src=\"https:\/\/www.ispas-ev.de\/wp-content\/uploads\/2022\/06\/Chelm-und-Sondrio-300x200.jpg\" alt=\"\" width=\"300\" height=\"200\" srcset=\"https:\/\/test.ispas-ev.de\/wp-content\/uploads\/2022\/06\/Chelm-und-Sondrio-300x200.jpg 300w, https:\/\/test.ispas-ev.de\/wp-content\/uploads\/2022\/06\/Chelm-und-Sondrio-1024x682.jpg 1024w, https:\/\/test.ispas-ev.de\/wp-content\/uploads\/2022\/06\/Chelm-und-Sondrio-768x512.jpg 768w, https:\/\/test.ispas-ev.de\/wp-content\/uploads\/2022\/06\/Chelm-und-Sondrio.jpg 1081w\" sizes=\"(max-width: 300px) 100vw, 300px\" \/><\/a><\/p>\n<p>Dronfield<\/p>\n<p><a href=\"https:\/\/www.ispas-ev.de\/wp-content\/uploads\/2022\/06\/Dronfield.jpg\"><img decoding=\"async\" loading=\"lazy\" class=\"alignnone size-medium wp-image-6353\" src=\"https:\/\/www.ispas-ev.de\/wp-content\/uploads\/2022\/06\/Dronfield-300x200.jpg\" alt=\"\" width=\"300\" height=\"200\" srcset=\"https:\/\/test.ispas-ev.de\/wp-content\/uploads\/2022\/06\/Dronfield-300x200.jpg 300w, https:\/\/test.ispas-ev.de\/wp-content\/uploads\/2022\/06\/Dronfield-1024x682.jpg 1024w, https:\/\/test.ispas-ev.de\/wp-content\/uploads\/2022\/06\/Dronfield-768x512.jpg 768w, https:\/\/test.ispas-ev.de\/wp-content\/uploads\/2022\/06\/Dronfield.jpg 1081w\" sizes=\"(max-width: 300px) 100vw, 300px\" \/><\/a><\/p>\n<p>Gy\u00f6r<\/p>\n<p><a href=\"https:\/\/www.ispas-ev.de\/wp-content\/uploads\/2022\/06\/Gyoer.jpg\"><img decoding=\"async\" loading=\"lazy\" class=\"alignnone size-medium wp-image-6354\" src=\"https:\/\/www.ispas-ev.de\/wp-content\/uploads\/2022\/06\/Gyoer-300x200.jpg\" alt=\"\" width=\"300\" height=\"200\" srcset=\"https:\/\/test.ispas-ev.de\/wp-content\/uploads\/2022\/06\/Gyoer-300x200.jpg 300w, https:\/\/test.ispas-ev.de\/wp-content\/uploads\/2022\/06\/Gyoer-1024x682.jpg 1024w, https:\/\/test.ispas-ev.de\/wp-content\/uploads\/2022\/06\/Gyoer-768x512.jpg 768w, https:\/\/test.ispas-ev.de\/wp-content\/uploads\/2022\/06\/Gyoer.jpg 1081w\" sizes=\"(max-width: 300px) 100vw, 300px\" \/><\/a><\/p>\n<p>Schaffhausen<a href=\"https:\/\/www.ispas-ev.de\/wp-content\/uploads\/2022\/06\/Schaffhausen.jpg\"><br \/>\n<img decoding=\"async\" loading=\"lazy\" class=\"alignnone size-medium wp-image-6358\" src=\"https:\/\/www.ispas-ev.de\/wp-content\/uploads\/2022\/06\/Schaffhausen-300x200.jpg\" alt=\"\" width=\"300\" height=\"200\" srcset=\"https:\/\/test.ispas-ev.de\/wp-content\/uploads\/2022\/06\/Schaffhausen-300x200.jpg 300w, https:\/\/test.ispas-ev.de\/wp-content\/uploads\/2022\/06\/Schaffhausen-1024x682.jpg 1024w, https:\/\/test.ispas-ev.de\/wp-content\/uploads\/2022\/06\/Schaffhausen-768x512.jpg 768w, https:\/\/test.ispas-ev.de\/wp-content\/uploads\/2022\/06\/Schaffhausen.jpg 1081w\" sizes=\"(max-width: 300px) 100vw, 300px\" \/><\/a><\/p>\n<p>Torgau<\/p>\n<p><a href=\"https:\/\/www.ispas-ev.de\/wp-content\/uploads\/2022\/06\/Torgau.jpg\"><img decoding=\"async\" loading=\"lazy\" class=\"alignnone size-medium wp-image-6359\" src=\"https:\/\/www.ispas-ev.de\/wp-content\/uploads\/2022\/06\/Torgau-300x200.jpg\" alt=\"\" width=\"300\" height=\"200\" srcset=\"https:\/\/test.ispas-ev.de\/wp-content\/uploads\/2022\/06\/Torgau-300x200.jpg 300w, https:\/\/test.ispas-ev.de\/wp-content\/uploads\/2022\/06\/Torgau-1024x682.jpg 1024w, https:\/\/test.ispas-ev.de\/wp-content\/uploads\/2022\/06\/Torgau-768x512.jpg 768w, https:\/\/test.ispas-ev.de\/wp-content\/uploads\/2022\/06\/Torgau.jpg 1081w\" sizes=\"(max-width: 300px) 100vw, 300px\" \/><\/a><\/p>\n<p>&nbsp;<\/p>\n","protected":false},"excerpt":{"rendered":"<p>Vor der Er\u00f6ffnung des Stra\u00dfenfestes findet immer im Rathaus ein kommunalpolitisches Gespr\u00e4ch mit den Delegationen aus den Partnerst\u00e4dten statt, anschlie\u00dfend l\u00e4dt die Stadt zum Empfang ins Hotel Ericson. So auch [&hellip;]<\/p>\n","protected":false},"author":16,"featured_media":6356,"comment_status":"closed","ping_status":"open","sticky":false,"template":"","format":"standard","meta":{"ngg_post_thumbnail":0},"categories":[1,62,27],"tags":[],"_links":{"self":[{"href":"https:\/\/test.ispas-ev.de\/index.php?rest_route=\/wp\/v2\/posts\/6365"}],"collection":[{"href":"https:\/\/test.ispas-ev.de\/index.php?rest_route=\/wp\/v2\/posts"}],"about":[{"href":"https:\/\/test.ispas-ev.de\/index.php?rest_route=\/wp\/v2\/types\/post"}],"author":[{"embeddable":true,"href":"https:\/\/test.ispas-ev.de\/index.php?rest_route=\/wp\/v2\/users\/16"}],"replies":[{"embeddable":true,"href":"https:\/\/test.ispas-ev.de\/index.php?rest_route=%2Fwp%2Fv2%2Fcomments&post=6365"}],"version-history":[{"count":4,"href":"https:\/\/test.ispas-ev.de\/index.php?rest_route=\/wp\/v2\/posts\/6365\/revisions"}],"predecessor-version":[{"id":6370,"href":"https:\/\/test.ispas-ev.de\/index.php?rest_route=\/wp\/v2\/posts\/6365\/revisions\/6370"}],"wp:featuredmedia":[{"embeddable":true,"href":"https:\/\/test.ispas-ev.de\/index.php?rest_route=\/wp\/v2\/media\/6356"}],"wp:attachment":[{"href":"https:\/\/test.ispas-ev.de\/index.php?rest_route=%2Fwp%2Fv2%2Fmedia&parent=6365"}],"wp:term":[{"taxonomy":"category","embeddable":true,"href":"https:\/\/test.ispas-ev.de\/index.php?rest_route=%2Fwp%2Fv2%2Fcategories&post=6365"},{"taxonomy":"post_tag","embeddable":true,"href":"https:\/\/test.ispas-ev.de\/index.php?rest_route=%2Fwp%2Fv2%2Ftags&post=6365"}],"curies":[{"name":"wp","href":"https:\/\/api.w.org\/{rel}","templated":true}]}}