{"id":6346,"date":"2022-06-22T12:57:27","date_gmt":"2022-06-22T10:57:27","guid":{"rendered":"https:\/\/www.ispas-ev.de\/?p=6346"},"modified":"2022-06-22T12:57:27","modified_gmt":"2022-06-22T10:57:27","slug":"krz-bb-internationales-strassenfest-2022","status":"publish","type":"post","link":"https:\/\/test.ispas-ev.de\/?p=6346","title":{"rendered":"KRZ BB Internationales Stra\u00dfenfest 2022"},"content":{"rendered":"<p>Die KREISZEITUNG B\u00f6blinger Bote hat am 20.06.22 folgenden Artikel \u00fcber das Internationale Stra\u00dfenfest ver\u00f6ffentlicht.<\/p>\n<p><a href=\"https:\/\/www.ispas-ev.de\/wp-content\/uploads\/2022\/06\/KRZ-BB-Strassenfest.jpg\"><br \/>\n<img decoding=\"async\" loading=\"lazy\" class=\"alignnone size-medium wp-image-6347\" src=\"https:\/\/www.ispas-ev.de\/wp-content\/uploads\/2022\/06\/KRZ-BB-Strassenfest-245x300.jpg\" alt=\"\" width=\"245\" height=\"300\" srcset=\"https:\/\/test.ispas-ev.de\/wp-content\/uploads\/2022\/06\/KRZ-BB-Strassenfest-245x300.jpg 245w, https:\/\/test.ispas-ev.de\/wp-content\/uploads\/2022\/06\/KRZ-BB-Strassenfest-768x942.jpg 768w, https:\/\/test.ispas-ev.de\/wp-content\/uploads\/2022\/06\/KRZ-BB-Strassenfest.jpg 810w\" sizes=\"(max-width: 245px) 100vw, 245px\" \/><\/a><\/p>\n","protected":false},"excerpt":{"rendered":"<p>Die KREISZEITUNG B\u00f6blinger Bote hat am 20.06.22 folgenden Artikel \u00fcber das Internationale Stra\u00dfenfest ver\u00f6ffentlicht.<\/p>\n","protected":false},"author":16,"featured_media":3879,"comment_status":"closed","ping_status":"open","sticky":false,"template":"","format":"standard","meta":{"ngg_post_thumbnail":0},"categories":[1,41,27],"tags":[],"_links":{"self":[{"href":"https:\/\/test.ispas-ev.de\/index.php?rest_route=\/wp\/v2\/posts\/6346"}],"collection":[{"href":"https:\/\/test.ispas-ev.de\/index.php?rest_route=\/wp\/v2\/posts"}],"about":[{"href":"https:\/\/test.ispas-ev.de\/index.php?rest_route=\/wp\/v2\/types\/post"}],"author":[{"embeddable":true,"href":"https:\/\/test.ispas-ev.de\/index.php?rest_route=\/wp\/v2\/users\/16"}],"replies":[{"embeddable":true,"href":"https:\/\/test.ispas-ev.de\/index.php?rest_route=%2Fwp%2Fv2%2Fcomments&post=6346"}],"version-history":[{"count":3,"href":"https:\/\/test.ispas-ev.de\/index.php?rest_route=\/wp\/v2\/posts\/6346\/revisions"}],"predecessor-version":[{"id":6350,"href":"https:\/\/test.ispas-ev.de\/index.php?rest_route=\/wp\/v2\/posts\/6346\/revisions\/6350"}],"wp:featuredmedia":[{"embeddable":true,"href":"https:\/\/test.ispas-ev.de\/index.php?rest_route=\/wp\/v2\/media\/3879"}],"wp:attachment":[{"href":"https:\/\/test.ispas-ev.de\/index.php?rest_route=%2Fwp%2Fv2%2Fmedia&parent=6346"}],"wp:term":[{"taxonomy":"category","embeddable":true,"href":"https:\/\/test.ispas-ev.de\/index.php?rest_route=%2Fwp%2Fv2%2Fcategories&post=6346"},{"taxonomy":"post_tag","embeddable":true,"href":"https:\/\/test.ispas-ev.de\/index.php?rest_route=%2Fwp%2Fv2%2Ftags&post=6346"}],"curies":[{"name":"wp","href":"https:\/\/api.w.org\/{rel}","templated":true}]}}