{"id":6318,"date":"2022-06-18T10:35:45","date_gmt":"2022-06-18T08:35:45","guid":{"rendered":"https:\/\/www.ispas-ev.de\/?p=6318"},"modified":"2022-06-21T14:21:11","modified_gmt":"2022-06-21T12:21:11","slug":"ukraine-und-die-auswirkungen-auf-unsere-laender-30-05-2022","status":"publish","type":"post","link":"https:\/\/test.ispas-ev.de\/?p=6318","title":{"rendered":"\u201eUkraine und die Auswirkungen auf unsere L\u00e4nder\u201c &#8211; Online am 30. Mai 2022"},"content":{"rendered":"<p><a href=\"https:\/\/www.ispas-ev.de\/wp-content\/uploads\/2022\/06\/Bild3-Mentimeter-Gedankensammlung-e1655134297823.png\"><img decoding=\"async\" loading=\"lazy\" class=\"size-medium wp-image-6256 alignright\" src=\"https:\/\/www.ispas-ev.de\/wp-content\/uploads\/2022\/06\/Bild3-Mentimeter-Gedankensammlung-e1655134297823-300x145.png\" alt=\"\" width=\"300\" height=\"145\" srcset=\"https:\/\/test.ispas-ev.de\/wp-content\/uploads\/2022\/06\/Bild3-Mentimeter-Gedankensammlung-e1655134297823-300x145.png 300w, https:\/\/test.ispas-ev.de\/wp-content\/uploads\/2022\/06\/Bild3-Mentimeter-Gedankensammlung-e1655134297823.png 605w\" sizes=\"(max-width: 300px) 100vw, 300px\" \/><\/a>Und noch einmal ging es am 30. Mai in unseren Online-Gespr\u00e4chen um den Krieg in der Ukraine und deren Auswirkungen auf unsere europ\u00e4ischen L\u00e4nder. 36 Jugendliche und 11 Erwachsene aus unseren Partnerst\u00e4dten Gy\u00f6r\/Ungarn, Sondrio\/Italien, Chelm\/Polen, Dronfield\/England und aus Sindelfingen beteiligten sich an dieser gro\u00dfen europ\u00e4ischen Runde. Nach kurzem Kennenlernen in kleinen Gruppen, besch\u00e4ftigten wir uns gemeinsam mit den Auswirkungen, welche der Krieg in der Ukraine f\u00fcr uns alle mit sich bringt. Mit viel Engagement berichten die polnischen Jugendlichen von ihrer Hilfe f\u00fcr die zahlreichen ukrainischen Fl\u00fcchtlinge, welche immer noch in ihrer Heimatstadt Chelm ankommen. Schnell kommt man in die Diskussion, wie wichtig Frieden auf der Welt aber auch im eigenen Umfeld ist und was jeder einzelne dazu beitragen kann. Sichtbar macht das Sarah Egeler, Referentin f\u00fcr internationale Jugendarbeit, mit dem Tool \u201eMentimeter\u201c, auf welchem jeder Teilnehmende seine Gedanken eintragen kann.<\/p>\n<p><strong>Mentimeter-Thema: Welche meiner Handlungen der letzten Wochen hat zu einem friedlichen Zusammenleben beigetragen?<\/strong><\/p>\n<p>Die gemeinsame Diskussion, durch welche Sarah Egeler f\u00fchrt, fand gro\u00dfen Anklang bei den Jugendlichen. Es bedeutet ihnen viel, \u00fcber ihre Erlebnisse zu sprechen und ihre Gedanken mit den Jugendlichen aus anderen europ\u00e4ischen L\u00e4ndern zu teilen. Auch wir Erwachsenen sp\u00fcren, wie wichtig es ist, den Austausch zu erm\u00f6glichen und den Jugendlichen einfach mal zuzuh\u00f6ren. Wir werden uns im September wieder treffen, mit neuen Themen, welche die Jugendlichen f\u00fcr wichtig und relevant halten.<\/p>\n<p>Autorin Simone Becker<\/p>\n","protected":false},"excerpt":{"rendered":"<p>Und noch einmal ging es am 30. Mai in unseren Online-Gespr\u00e4chen um den Krieg in der Ukraine und deren Auswirkungen auf unsere europ\u00e4ischen L\u00e4nder. 36 Jugendliche und 11 Erwachsene aus [&hellip;]<\/p>\n","protected":false},"author":16,"featured_media":6256,"comment_status":"closed","ping_status":"open","sticky":false,"template":"","format":"standard","meta":{"ngg_post_thumbnail":0},"categories":[1,45,26],"tags":[],"_links":{"self":[{"href":"https:\/\/test.ispas-ev.de\/index.php?rest_route=\/wp\/v2\/posts\/6318"}],"collection":[{"href":"https:\/\/test.ispas-ev.de\/index.php?rest_route=\/wp\/v2\/posts"}],"about":[{"href":"https:\/\/test.ispas-ev.de\/index.php?rest_route=\/wp\/v2\/types\/post"}],"author":[{"embeddable":true,"href":"https:\/\/test.ispas-ev.de\/index.php?rest_route=\/wp\/v2\/users\/16"}],"replies":[{"embeddable":true,"href":"https:\/\/test.ispas-ev.de\/index.php?rest_route=%2Fwp%2Fv2%2Fcomments&post=6318"}],"version-history":[{"count":8,"href":"https:\/\/test.ispas-ev.de\/index.php?rest_route=\/wp\/v2\/posts\/6318\/revisions"}],"predecessor-version":[{"id":6340,"href":"https:\/\/test.ispas-ev.de\/index.php?rest_route=\/wp\/v2\/posts\/6318\/revisions\/6340"}],"wp:featuredmedia":[{"embeddable":true,"href":"https:\/\/test.ispas-ev.de\/index.php?rest_route=\/wp\/v2\/media\/6256"}],"wp:attachment":[{"href":"https:\/\/test.ispas-ev.de\/index.php?rest_route=%2Fwp%2Fv2%2Fmedia&parent=6318"}],"wp:term":[{"taxonomy":"category","embeddable":true,"href":"https:\/\/test.ispas-ev.de\/index.php?rest_route=%2Fwp%2Fv2%2Fcategories&post=6318"},{"taxonomy":"post_tag","embeddable":true,"href":"https:\/\/test.ispas-ev.de\/index.php?rest_route=%2Fwp%2Fv2%2Ftags&post=6318"}],"curies":[{"name":"wp","href":"https:\/\/api.w.org\/{rel}","templated":true}]}}