{"id":6274,"date":"2022-06-18T09:18:20","date_gmt":"2022-06-18T07:18:20","guid":{"rendered":"https:\/\/www.ispas-ev.de\/?p=6274"},"modified":"2022-06-18T10:41:40","modified_gmt":"2022-06-18T08:41:40","slug":"online-veranstaltung-28-maerz-2022-helfen-hilfe-fuer-die-ukraine","status":"publish","type":"post","link":"https:\/\/test.ispas-ev.de\/?p=6274","title":{"rendered":"\u201eHelfen \u2013 Hilfe f\u00fcr die Ukraine\u201c &#8211; Online am 28. M\u00e4rz 2022"},"content":{"rendered":"<p><a href=\"https:\/\/www.ispas-ev.de\/wp-content\/uploads\/2022\/06\/Bild6.png\"><img decoding=\"async\" loading=\"lazy\" class=\"size-medium wp-image-6252 alignright\" src=\"https:\/\/www.ispas-ev.de\/wp-content\/uploads\/2022\/06\/Bild6-300x244.png\" alt=\"\" width=\"300\" height=\"244\" srcset=\"https:\/\/test.ispas-ev.de\/wp-content\/uploads\/2022\/06\/Bild6-300x244.png 300w, https:\/\/test.ispas-ev.de\/wp-content\/uploads\/2022\/06\/Bild6.png 474w\" sizes=\"(max-width: 300px) 100vw, 300px\" \/><\/a><span style=\"font-family: arial, helvetica, sans-serif;\">Unter den Jugendlichen unserer europ\u00e4ischen Partnerschulen war das Thema schnell klar: \u201eWas passiert in der Ukraine? Wir wollen dar\u00fcber sprechen\u201c. Diese Anregung gab uns bei ISPAS die Motivation, erneut die Sch\u00fclerinnen und Sch\u00fcler unserer Partnerschulen in einer Online-Veranstaltung zusammenkommen zu lassen. Das Thema \u201eHelfen \u2013 Hilfe f\u00fcr die Ukraine\u201c sollte zu regem Austausch und neuen Ideen unter den Sch\u00fclerinnen und Sch\u00fclern der verschiedenen europ\u00e4ischen L\u00e4nder f\u00fchren. Die Verbindung zu Sindelfingen lag auf der Hand. Die Organisation \u201eHelfen statt Hamstern\u201c erm\u00f6glicht umfangreiche Hilfe f\u00fcr die Menschen in der Ukraine, die in unsere Sindelfinger Partnerstadt Chelm\/Polen gebracht wird. Zus\u00e4tzlich zu unseren italienischen und ungarischen Jugendlichen haben die Sch\u00fclerinnen und Sch\u00fcler aus Chelm\/Polen und aus Dronfield\/England an unserer Online-Veranstaltung teilgenommen. Den \u00fcber 50 interessierten Jugendlichen und Erwachsenen zeigte Max Reinhardt, Mitinitiator der Organisation, den Weg von den Anf\u00e4ngen von \u201eHelfen statt Hamstern\u201c, der zu den heutigen gewaltigen Spenden-Transporten von Sindelfingen nach Chelm, nach Rum\u00e4nien und in die Moldau f\u00fchrt.<\/span><\/p>\n<h2 style=\"text-align: justify;\"><strong><span style=\"font-family: arial, helvetica, sans-serif;\">Bilder von Max Reinhardt, Mitinitiator der Organisation \u201eHelfen statt Hamstern\u201c<\/span><\/strong><\/h2>\n<p style=\"text-align: justify;\"><a href=\"https:\/\/www.ispas-ev.de\/wp-content\/uploads\/2022\/06\/Bild5.png\"><img decoding=\"async\" loading=\"lazy\" class=\"alignnone size-medium wp-image-6253\" src=\"https:\/\/www.ispas-ev.de\/wp-content\/uploads\/2022\/06\/Bild5-300x123.png\" alt=\"\" width=\"300\" height=\"123\" srcset=\"https:\/\/test.ispas-ev.de\/wp-content\/uploads\/2022\/06\/Bild5-300x123.png 300w, https:\/\/test.ispas-ev.de\/wp-content\/uploads\/2022\/06\/Bild5.png 605w\" sizes=\"(max-width: 300px) 100vw, 300px\" \/><\/a><\/p>\n<p style=\"text-align: justify;\"><span style=\"font-family: arial, helvetica, sans-serif;\">Auch die polnischen Sch\u00fclerinnen und Sch\u00fcler konnten von der gro\u00dfen Hilfsbereitschaft ihrer Stadt Chelm berichten.\u00a0 Von der Ankunft der gefl\u00fcchteten Ukrainer an ihrem Bahnhof in Chelm, von der Hilfe, welche sie durch die Mitarbeiter des Rathauses und den vielen ehrenamtlichen Helferinnen und Helfern bekommen, von den Fl\u00fcchtlingsunterk\u00fcnften und den vielen Spenden, die \u00fcberall gesammelt werden, um alle neu angekommenen Menschen zu versorgen.<\/span><\/p>\n<h2 style=\"text-align: justify;\"><strong>Bilder der polnischen Sch\u00fclerinnen und Sch\u00fcler aus ihrer Heimatstadt Chelm, nahe der ukrainischen Grenze<\/strong><\/h2>\n<p style=\"text-align: justify;\"><a href=\"https:\/\/www.ispas-ev.de\/wp-content\/uploads\/2022\/06\/Bild7.png\"><img decoding=\"async\" loading=\"lazy\" class=\"alignnone size-medium wp-image-6251\" src=\"https:\/\/www.ispas-ev.de\/wp-content\/uploads\/2022\/06\/Bild7-300x99.png\" alt=\"\" width=\"300\" height=\"99\" srcset=\"https:\/\/test.ispas-ev.de\/wp-content\/uploads\/2022\/06\/Bild7-300x99.png 300w, https:\/\/test.ispas-ev.de\/wp-content\/uploads\/2022\/06\/Bild7.png 605w\" sizes=\"(max-width: 300px) 100vw, 300px\" \/><\/a><\/p>\n<p style=\"text-align: justify;\"><a href=\"https:\/\/www.ispas-ev.de\/wp-content\/uploads\/2022\/06\/Bild8.png\"><img decoding=\"async\" loading=\"lazy\" class=\"alignnone size-medium wp-image-6250\" src=\"https:\/\/www.ispas-ev.de\/wp-content\/uploads\/2022\/06\/Bild8-300x172.png\" alt=\"\" width=\"300\" height=\"172\" srcset=\"https:\/\/test.ispas-ev.de\/wp-content\/uploads\/2022\/06\/Bild8-300x172.png 300w, https:\/\/test.ispas-ev.de\/wp-content\/uploads\/2022\/06\/Bild8.png 458w\" sizes=\"(max-width: 300px) 100vw, 300px\" \/><\/a><\/p>\n<p style=\"text-align: justify;\">In all unseren europ\u00e4ischen Partnerst\u00e4dten ist die Hilfsbereitschaft gro\u00df, und unter den Sch\u00fclerinnen und Sch\u00fclern der Wunsch zu helfen intensiv zu sp\u00fcren. Mit dem Tool \u201eMentimeter\u201c fasste Sarah Egeler, Referentin f\u00fcr internationale Jugendarbeit, die vielen Ideen aller zusammen. Voller Freude am gegenseitigen Austausch verabschiedeten wir uns nach einer guten Stunde voneinander, mit einer Sammlung toller Ideen zu neuem Engagement beim gegenseitigen Helfen, verbunden mit der Bitte, uns wieder zu treffen, zum Thema \u201eUkraine \u2013 und die Auswirkungen auf unsere L\u00e4nder\u201c.<\/p>\n<p style=\"text-align: justify;\">Autorin Simone Becker<\/p>\n<p style=\"text-align: justify;\">\n","protected":false},"excerpt":{"rendered":"<p>Unter den Jugendlichen unserer europ\u00e4ischen Partnerschulen war das Thema schnell klar: \u201eWas passiert in der Ukraine? Wir wollen dar\u00fcber sprechen\u201c. Diese Anregung gab uns bei ISPAS die Motivation, erneut die [&hellip;]<\/p>\n","protected":false},"author":16,"featured_media":6252,"comment_status":"closed","ping_status":"open","sticky":false,"template":"","format":"standard","meta":{"ngg_post_thumbnail":0},"categories":[1,45,26],"tags":[],"_links":{"self":[{"href":"https:\/\/test.ispas-ev.de\/index.php?rest_route=\/wp\/v2\/posts\/6274"}],"collection":[{"href":"https:\/\/test.ispas-ev.de\/index.php?rest_route=\/wp\/v2\/posts"}],"about":[{"href":"https:\/\/test.ispas-ev.de\/index.php?rest_route=\/wp\/v2\/types\/post"}],"author":[{"embeddable":true,"href":"https:\/\/test.ispas-ev.de\/index.php?rest_route=\/wp\/v2\/users\/16"}],"replies":[{"embeddable":true,"href":"https:\/\/test.ispas-ev.de\/index.php?rest_route=%2Fwp%2Fv2%2Fcomments&post=6274"}],"version-history":[{"count":10,"href":"https:\/\/test.ispas-ev.de\/index.php?rest_route=\/wp\/v2\/posts\/6274\/revisions"}],"predecessor-version":[{"id":6330,"href":"https:\/\/test.ispas-ev.de\/index.php?rest_route=\/wp\/v2\/posts\/6274\/revisions\/6330"}],"wp:featuredmedia":[{"embeddable":true,"href":"https:\/\/test.ispas-ev.de\/index.php?rest_route=\/wp\/v2\/media\/6252"}],"wp:attachment":[{"href":"https:\/\/test.ispas-ev.de\/index.php?rest_route=%2Fwp%2Fv2%2Fmedia&parent=6274"}],"wp:term":[{"taxonomy":"category","embeddable":true,"href":"https:\/\/test.ispas-ev.de\/index.php?rest_route=%2Fwp%2Fv2%2Fcategories&post=6274"},{"taxonomy":"post_tag","embeddable":true,"href":"https:\/\/test.ispas-ev.de\/index.php?rest_route=%2Fwp%2Fv2%2Ftags&post=6274"}],"curies":[{"name":"wp","href":"https:\/\/api.w.org\/{rel}","templated":true}]}}