{"id":6130,"date":"2022-03-02T20:59:20","date_gmt":"2022-03-02T19:59:20","guid":{"rendered":"https:\/\/www.ispas-ev.de\/?p=6130"},"modified":"2022-04-13T14:07:42","modified_gmt":"2022-04-13T12:07:42","slug":"hilfsersuchen-aus-chelm-fuer-ukraine-fluechtlinge","status":"publish","type":"post","link":"https:\/\/test.ispas-ev.de\/?p=6130","title":{"rendered":"Hilfsersuchen aus Chelm f\u00fcr Ukraine-Fl\u00fcchtlinge"},"content":{"rendered":"<p><span style=\"font-family: arial, helvetica, sans-serif;\">Liebe Mitglieder, Freundinnen und Freunde unseres Vereins<\/span><\/p>\n<p><span style=\"font-family: arial, helvetica, sans-serif;\">Die Fl\u00fcchtlingswelle aus der Ukraine nach Polen rollt t\u00e4glich weiter. Die Stadt Chelm nimmt pro Tag 600 Fl\u00fcchtlinge auf, eine ganz sch\u00f6n hohe Zahl.<\/span><\/p>\n<p><span style=\"font-family: arial, helvetica, sans-serif;\">Die Stadt Chelm hat aufgelistet, was am n\u00f6tigsten gebraucht wird. Gerne leite ich diese Liste an Sie weiter und bitte nochmals um gro\u00dfz\u00fcgige Unterst\u00fctzung.<\/span><\/p>\n<p><span style=\"font-family: arial, helvetica, sans-serif;\">In K\u00fcrze wird auch ein Spendenkonto eingerichtet werden. N\u00e4here Einzelheiten dar\u00fcber erfahren Sie zu einem sp\u00e4teren Zeitpunkt.<\/span><\/p>\n<p><span style=\"font-family: arial, helvetica, sans-serif;\"><strong>Was dringend ben\u00f6tigt wird:<\/strong><\/span><\/p>\n<p><span style=\"font-family: arial, helvetica, sans-serif;\">&#8211; haltbare Lebensmittel<\/span><\/p>\n<p><span style=\"font-family: arial, helvetica, sans-serif;\">&#8211; Einwegbesteck, -teller<\/span><\/p>\n<p><span style=\"font-family: arial, helvetica, sans-serif;\">&#8211; Zahnpasta, Zahnb\u00fcrste<\/span><\/p>\n<p><span style=\"font-family: arial, helvetica, sans-serif;\">&#8211; Unterw\u00e4sche f\u00fcr M\u00e4nner (auch thermoaktive), f\u00fcr Frauen, f\u00fcr Kinder<\/span><\/p>\n<p><span style=\"font-family: arial, helvetica, sans-serif;\">&#8211; Pampers Nr. 5 (f\u00fcr Kinder mit Gewicht bis 15 kg)<\/span><\/p>\n<p><span style=\"font-family: arial, helvetica, sans-serif;\">&#8211; Pampers f\u00fcr Senioren<\/span><\/p>\n<p><span style=\"font-family: arial, helvetica, sans-serif;\">&#8211; feuchte Handt\u00fccher<\/span><\/p>\n<p><span style=\"font-family: arial, helvetica, sans-serif;\">&#8211; Verbandsmittel<\/span><\/p>\n<p><span style=\"font-family: arial, helvetica, sans-serif;\">&#8211; Kosmetika (Seifen, Handcremen usw.)<\/span><\/p>\n<p><span style=\"font-family: arial, helvetica, sans-serif;\">&#8211; Papierhandt\u00fccher<\/span><\/p>\n<p><span style=\"font-family: arial, helvetica, sans-serif;\">&#8211; Toilettenpapier<\/span><\/p>\n<p><span style=\"font-family: arial, helvetica, sans-serif;\">&#8211; Bettw\u00e4sche, Decken, Schlafs\u00e4cke<\/span><\/p>\n<p><span style=\"font-family: arial, helvetica, sans-serif;\">und spezialisierte Fachger\u00e4te, die den Soldaten in Einsatz in der Ukraine behilflich sein k\u00f6nnten.<\/span><\/p>\n<p><span style=\"font-family: arial, helvetica, sans-serif;\">Vielen Dank f\u00fcr alles was Sie f\u00fcr die Kriegsfl\u00fcchtlinge und f\u00fcr unsere Partnerstadt Chelm tun.<\/span><\/p>\n<p><span style=\"font-family: arial, helvetica, sans-serif;\">Viele Gr\u00fc\u00dfe<\/span><\/p>\n<p><span style=\"font-family: arial, helvetica, sans-serif;\">Brigitte Stegmaier, Vorsitzende<\/span><\/p>\n","protected":false},"excerpt":{"rendered":"<p>Liebe Mitglieder, Freundinnen und Freunde unseres Vereins Die Fl\u00fcchtlingswelle aus der Ukraine nach Polen rollt t\u00e4glich weiter. Die Stadt Chelm nimmt pro Tag 600 Fl\u00fcchtlinge auf, eine ganz sch\u00f6n hohe [&hellip;]<\/p>\n","protected":false},"author":16,"featured_media":0,"comment_status":"closed","ping_status":"open","sticky":false,"template":"","format":"standard","meta":{"ngg_post_thumbnail":0},"categories":[1,23],"tags":[],"_links":{"self":[{"href":"https:\/\/test.ispas-ev.de\/index.php?rest_route=\/wp\/v2\/posts\/6130"}],"collection":[{"href":"https:\/\/test.ispas-ev.de\/index.php?rest_route=\/wp\/v2\/posts"}],"about":[{"href":"https:\/\/test.ispas-ev.de\/index.php?rest_route=\/wp\/v2\/types\/post"}],"author":[{"embeddable":true,"href":"https:\/\/test.ispas-ev.de\/index.php?rest_route=\/wp\/v2\/users\/16"}],"replies":[{"embeddable":true,"href":"https:\/\/test.ispas-ev.de\/index.php?rest_route=%2Fwp%2Fv2%2Fcomments&post=6130"}],"version-history":[{"count":2,"href":"https:\/\/test.ispas-ev.de\/index.php?rest_route=\/wp\/v2\/posts\/6130\/revisions"}],"predecessor-version":[{"id":6152,"href":"https:\/\/test.ispas-ev.de\/index.php?rest_route=\/wp\/v2\/posts\/6130\/revisions\/6152"}],"wp:attachment":[{"href":"https:\/\/test.ispas-ev.de\/index.php?rest_route=%2Fwp%2Fv2%2Fmedia&parent=6130"}],"wp:term":[{"taxonomy":"category","embeddable":true,"href":"https:\/\/test.ispas-ev.de\/index.php?rest_route=%2Fwp%2Fv2%2Fcategories&post=6130"},{"taxonomy":"post_tag","embeddable":true,"href":"https:\/\/test.ispas-ev.de\/index.php?rest_route=%2Fwp%2Fv2%2Ftags&post=6130"}],"curies":[{"name":"wp","href":"https:\/\/api.w.org\/{rel}","templated":true}]}}