{"id":6084,"date":"2022-01-15T14:54:48","date_gmt":"2022-01-15T13:54:48","guid":{"rendered":"https:\/\/www.ispas-ev.de\/?p=6084"},"modified":"2022-04-13T14:12:33","modified_gmt":"2022-04-13T12:12:33","slug":"geburtstagswuerdigung-ute-walkers-in-der-oertlichen-presse","status":"publish","type":"post","link":"https:\/\/test.ispas-ev.de\/?p=6084","title":{"rendered":"Geburtstagsw\u00fcrdigung Ute Walkers in der \u00f6rtlichen Presse"},"content":{"rendered":"<p>Unsere stellvertretende Vorsitzende und Sprecherin f\u00fcr Torgau Ute Walker wurde anl\u00e4sslich ihres 70. Geburtstages sowohl in der SZ\/BZ als auch in der KRZ BB wegen ihres umfangreichen ehrenamtlichen Engagements gew\u00fcrdigt.<\/p>\n<p><a href=\"https:\/\/www.ispas-ev.de\/wp-content\/uploads\/2017\/07\/SZBZLogo_web_400x400.jpg\"><img decoding=\"async\" loading=\"lazy\" class=\"alignnone wp-image-3873\" src=\"https:\/\/www.ispas-ev.de\/wp-content\/uploads\/2017\/07\/SZBZLogo_web_400x400-300x300.jpg\" alt=\"\" width=\"104\" height=\"104\" srcset=\"https:\/\/test.ispas-ev.de\/wp-content\/uploads\/2017\/07\/SZBZLogo_web_400x400-300x300.jpg 300w, https:\/\/test.ispas-ev.de\/wp-content\/uploads\/2017\/07\/SZBZLogo_web_400x400-150x150.jpg 150w, https:\/\/test.ispas-ev.de\/wp-content\/uploads\/2017\/07\/SZBZLogo_web_400x400.jpg 400w\" sizes=\"(max-width: 104px) 100vw, 104px\" \/><\/a><\/p>\n<p><a href=\"https:\/\/www.ispas-ev.de\/wp-content\/uploads\/2022\/01\/Utes_70-Jahre_Presse_6395.png\"><br \/>\n<img decoding=\"async\" loading=\"lazy\" class=\"alignnone size-medium wp-image-6085\" src=\"https:\/\/www.ispas-ev.de\/wp-content\/uploads\/2022\/01\/Utes_70-Jahre_Presse_6395-300x169.png\" alt=\"\" width=\"300\" height=\"169\" srcset=\"https:\/\/test.ispas-ev.de\/wp-content\/uploads\/2022\/01\/Utes_70-Jahre_Presse_6395-300x169.png 300w, https:\/\/test.ispas-ev.de\/wp-content\/uploads\/2022\/01\/Utes_70-Jahre_Presse_6395-1024x577.png 1024w, https:\/\/test.ispas-ev.de\/wp-content\/uploads\/2022\/01\/Utes_70-Jahre_Presse_6395-768x433.png 768w, https:\/\/test.ispas-ev.de\/wp-content\/uploads\/2022\/01\/Utes_70-Jahre_Presse_6395.png 1136w\" sizes=\"(max-width: 300px) 100vw, 300px\" \/><\/a><\/p>\n<p>&nbsp;<\/p>\n<p>&nbsp;<\/p>\n<p><a href=\"https:\/\/www.ispas-ev.de\/wp-content\/uploads\/2017\/07\/KRZ_icon_print.png\"><img decoding=\"async\" loading=\"lazy\" class=\"alignnone wp-image-3879\" src=\"https:\/\/www.ispas-ev.de\/wp-content\/uploads\/2017\/07\/KRZ_icon_print-300x209.png\" alt=\"\" width=\"149\" height=\"103\" srcset=\"https:\/\/test.ispas-ev.de\/wp-content\/uploads\/2017\/07\/KRZ_icon_print-300x209.png 300w, https:\/\/test.ispas-ev.de\/wp-content\/uploads\/2017\/07\/KRZ_icon_print.png 330w\" sizes=\"(max-width: 149px) 100vw, 149px\" \/><\/a><\/p>\n<p><a href=\"https:\/\/www.ispas-ev.de\/wp-content\/uploads\/2022\/01\/2022_Geburtstagswuerdigung_Ute.docx\">2022_Geburtstagsw\u00fcrdigung_Ute<\/a><\/p>\n","protected":false},"excerpt":{"rendered":"<p>Unsere stellvertretende Vorsitzende und Sprecherin f\u00fcr Torgau Ute Walker wurde anl\u00e4sslich ihres 70. Geburtstages sowohl in der SZ\/BZ als auch in der KRZ BB wegen ihres umfangreichen ehrenamtlichen Engagements gew\u00fcrdigt. [&hellip;]<\/p>\n","protected":false},"author":16,"featured_media":0,"comment_status":"closed","ping_status":"open","sticky":false,"template":"","format":"standard","meta":{"ngg_post_thumbnail":0},"categories":[1,41],"tags":[],"_links":{"self":[{"href":"https:\/\/test.ispas-ev.de\/index.php?rest_route=\/wp\/v2\/posts\/6084"}],"collection":[{"href":"https:\/\/test.ispas-ev.de\/index.php?rest_route=\/wp\/v2\/posts"}],"about":[{"href":"https:\/\/test.ispas-ev.de\/index.php?rest_route=\/wp\/v2\/types\/post"}],"author":[{"embeddable":true,"href":"https:\/\/test.ispas-ev.de\/index.php?rest_route=\/wp\/v2\/users\/16"}],"replies":[{"embeddable":true,"href":"https:\/\/test.ispas-ev.de\/index.php?rest_route=%2Fwp%2Fv2%2Fcomments&post=6084"}],"version-history":[{"count":4,"href":"https:\/\/test.ispas-ev.de\/index.php?rest_route=\/wp\/v2\/posts\/6084\/revisions"}],"predecessor-version":[{"id":6095,"href":"https:\/\/test.ispas-ev.de\/index.php?rest_route=\/wp\/v2\/posts\/6084\/revisions\/6095"}],"wp:attachment":[{"href":"https:\/\/test.ispas-ev.de\/index.php?rest_route=%2Fwp%2Fv2%2Fmedia&parent=6084"}],"wp:term":[{"taxonomy":"category","embeddable":true,"href":"https:\/\/test.ispas-ev.de\/index.php?rest_route=%2Fwp%2Fv2%2Fcategories&post=6084"},{"taxonomy":"post_tag","embeddable":true,"href":"https:\/\/test.ispas-ev.de\/index.php?rest_route=%2Fwp%2Fv2%2Ftags&post=6084"}],"curies":[{"name":"wp","href":"https:\/\/api.w.org\/{rel}","templated":true}]}}