{"id":5987,"date":"2021-10-12T14:46:29","date_gmt":"2021-10-12T12:46:29","guid":{"rendered":"https:\/\/www.ispas-ev.de\/?p=5987"},"modified":"2022-06-10T15:08:12","modified_gmt":"2022-06-10T13:08:12","slug":"gemeinsamer-herbstspaziergang-am-8-oktober","status":"publish","type":"post","link":"https:\/\/test.ispas-ev.de\/?p=5987","title":{"rendered":"Gemeinsamer Herbstspaziergang am 8. Oktober"},"content":{"rendered":"<p><span style=\"font-family: arial, helvetica, sans-serif;\">Einige ISPAS-Mitglieder trafen sich am 8. Oktober um 15.30 Uhr vor der Schranke hinter dem Krankenhaus zu einem l\u00e4ngeren Spaziergang im Sindelfinger Wald. Sie spazierten bis zum Forsthaus und dann weiter zum Gasthaus des Schwarzwaldvereins zum gem\u00fctlichen Teil bei gutem Essen. Nach sch\u00f6nen, fr\u00f6hlichen Stunden zusammen,&nbsp; waren alle der Meinung, dass so eine Aktion unbedingt wiederholt werden sollte.<\/span><\/p>\n<p><span style=\"font-family: arial, helvetica, sans-serif;\"><a href=\"https:\/\/www.ispas-ev.de\/wp-content\/uploads\/2021\/10\/Foto-Treffpunkt-Herbstspaziergang.jpg\"><img decoding=\"async\" loading=\"lazy\" class=\"alignnone wp-image-5967\" src=\"https:\/\/www.ispas-ev.de\/wp-content\/uploads\/2021\/10\/Foto-Treffpunkt-Herbstspaziergang-225x300.jpg\" alt=\"\" width=\"200\" height=\"267\" srcset=\"https:\/\/test.ispas-ev.de\/wp-content\/uploads\/2021\/10\/Foto-Treffpunkt-Herbstspaziergang-225x300.jpg 225w, https:\/\/test.ispas-ev.de\/wp-content\/uploads\/2021\/10\/Foto-Treffpunkt-Herbstspaziergang-768x1024.jpg 768w, https:\/\/test.ispas-ev.de\/wp-content\/uploads\/2021\/10\/Foto-Treffpunkt-Herbstspaziergang.jpg 960w\" sizes=\"(max-width: 200px) 100vw, 200px\" \/><\/a><\/span><\/p>\n<p>&nbsp;<\/p>\n<p><a href=\"https:\/\/www.ispas-ev.de\/wp-content\/uploads\/2021\/10\/IMG_6234-Bild-2-Herbstspaziergang.jpg\"><img decoding=\"async\" loading=\"lazy\" class=\"alignnone size-medium wp-image-5968\" src=\"https:\/\/www.ispas-ev.de\/wp-content\/uploads\/2021\/10\/IMG_6234-Bild-2-Herbstspaziergang-300x225.jpg\" alt=\"\" width=\"300\" height=\"225\" srcset=\"https:\/\/test.ispas-ev.de\/wp-content\/uploads\/2021\/10\/IMG_6234-Bild-2-Herbstspaziergang-300x225.jpg 300w, https:\/\/test.ispas-ev.de\/wp-content\/uploads\/2021\/10\/IMG_6234-Bild-2-Herbstspaziergang-1024x768.jpg 1024w, https:\/\/test.ispas-ev.de\/wp-content\/uploads\/2021\/10\/IMG_6234-Bild-2-Herbstspaziergang-768x576.jpg 768w, https:\/\/test.ispas-ev.de\/wp-content\/uploads\/2021\/10\/IMG_6234-Bild-2-Herbstspaziergang-1536x1152.jpg 1536w, https:\/\/test.ispas-ev.de\/wp-content\/uploads\/2021\/10\/IMG_6234-Bild-2-Herbstspaziergang.jpg 1600w\" sizes=\"(max-width: 300px) 100vw, 300px\" \/><\/a><\/p>\n<p><a href=\"https:\/\/www.ispas-ev.de\/wp-content\/uploads\/2021\/10\/signal-2021-10-10-111522-Bild-1-Herbstspaziergang-1.jpeg\"><img decoding=\"async\" loading=\"lazy\" class=\"alignnone size-medium wp-image-5964\" src=\"https:\/\/www.ispas-ev.de\/wp-content\/uploads\/2021\/10\/signal-2021-10-10-111522-Bild-1-Herbstspaziergang-1-300x225.jpeg\" alt=\"\" width=\"300\" height=\"225\" srcset=\"https:\/\/test.ispas-ev.de\/wp-content\/uploads\/2021\/10\/signal-2021-10-10-111522-Bild-1-Herbstspaziergang-1-300x225.jpeg 300w, https:\/\/test.ispas-ev.de\/wp-content\/uploads\/2021\/10\/signal-2021-10-10-111522-Bild-1-Herbstspaziergang-1-1024x768.jpeg 1024w, https:\/\/test.ispas-ev.de\/wp-content\/uploads\/2021\/10\/signal-2021-10-10-111522-Bild-1-Herbstspaziergang-1-768x576.jpeg 768w, https:\/\/test.ispas-ev.de\/wp-content\/uploads\/2021\/10\/signal-2021-10-10-111522-Bild-1-Herbstspaziergang-1-1536x1152.jpeg 1536w, https:\/\/test.ispas-ev.de\/wp-content\/uploads\/2021\/10\/signal-2021-10-10-111522-Bild-1-Herbstspaziergang-1.jpeg 1600w\" sizes=\"(max-width: 300px) 100vw, 300px\" \/><\/a><\/p>\n","protected":false},"excerpt":{"rendered":"<p>Einige ISPAS-Mitglieder trafen sich am 8. Oktober um 15.30 Uhr vor der Schranke hinter dem Krankenhaus zu einem l\u00e4ngeren Spaziergang im Sindelfinger Wald. Sie spazierten bis zum Forsthaus und dann [&hellip;]<\/p>\n","protected":false},"author":16,"featured_media":5968,"comment_status":"closed","ping_status":"open","sticky":false,"template":"","format":"standard","meta":{"ngg_post_thumbnail":0},"categories":[1,62,31],"tags":[],"_links":{"self":[{"href":"https:\/\/test.ispas-ev.de\/index.php?rest_route=\/wp\/v2\/posts\/5987"}],"collection":[{"href":"https:\/\/test.ispas-ev.de\/index.php?rest_route=\/wp\/v2\/posts"}],"about":[{"href":"https:\/\/test.ispas-ev.de\/index.php?rest_route=\/wp\/v2\/types\/post"}],"author":[{"embeddable":true,"href":"https:\/\/test.ispas-ev.de\/index.php?rest_route=\/wp\/v2\/users\/16"}],"replies":[{"embeddable":true,"href":"https:\/\/test.ispas-ev.de\/index.php?rest_route=%2Fwp%2Fv2%2Fcomments&post=5987"}],"version-history":[{"count":6,"href":"https:\/\/test.ispas-ev.de\/index.php?rest_route=\/wp\/v2\/posts\/5987\/revisions"}],"predecessor-version":[{"id":6245,"href":"https:\/\/test.ispas-ev.de\/index.php?rest_route=\/wp\/v2\/posts\/5987\/revisions\/6245"}],"wp:featuredmedia":[{"embeddable":true,"href":"https:\/\/test.ispas-ev.de\/index.php?rest_route=\/wp\/v2\/media\/5968"}],"wp:attachment":[{"href":"https:\/\/test.ispas-ev.de\/index.php?rest_route=%2Fwp%2Fv2%2Fmedia&parent=5987"}],"wp:term":[{"taxonomy":"category","embeddable":true,"href":"https:\/\/test.ispas-ev.de\/index.php?rest_route=%2Fwp%2Fv2%2Fcategories&post=5987"},{"taxonomy":"post_tag","embeddable":true,"href":"https:\/\/test.ispas-ev.de\/index.php?rest_route=%2Fwp%2Fv2%2Ftags&post=5987"}],"curies":[{"name":"wp","href":"https:\/\/api.w.org\/{rel}","templated":true}]}}