{"id":5954,"date":"2021-10-12T14:25:27","date_gmt":"2021-10-12T12:25:27","guid":{"rendered":"https:\/\/www.ispas-ev.de\/?p=5954"},"modified":"2022-04-13T14:15:01","modified_gmt":"2022-04-13T12:15:01","slug":"delegation-der-stadt-in-torgau-vom-1-bis-3-oktober","status":"publish","type":"post","link":"https:\/\/test.ispas-ev.de\/?p=5954","title":{"rendered":"Delegation der Stadt in Torgau vom 1. bis 3. Oktober"},"content":{"rendered":"<p><span style=\"font-family: arial, helvetica, sans-serif;\">Eine Delegation der Stadt Sindelfingen war anl\u00e4sslich des Tages der deutschen Einheit und des Lichterfestes in unserer s\u00e4chsischen Partnerstadt Torgau. Die Teilnehmer schreiben: &#8222;Sch\u00f6n war&#8217;s und wir sollen herzliche Gr\u00fc\u00dfe \u00fcbermitteln.&#8220; Dankesch\u00f6n f\u00fcr die Gr\u00fc\u00dfe und die Fotos.\u00a0 Die folgenden Fotos zeigen den Aufenthalt in Torgau.<\/span><\/p>\n<p><span style=\"font-family: arial, helvetica, sans-serif;\"><strong>Kranzniederlegung<\/strong><\/span><\/p>\n<p><a href=\"https:\/\/www.ispas-ev.de\/wp-content\/uploads\/2021\/10\/Kranzniederlegung-am-Tag-der-Deutschen-Einheit-scaled-e1634040680808.jpg\"><img decoding=\"async\" loading=\"lazy\" class=\"alignnone size-medium wp-image-5979\" src=\"https:\/\/www.ispas-ev.de\/wp-content\/uploads\/2021\/10\/Kranzniederlegung-am-Tag-der-Deutschen-Einheit-scaled-e1634040680808-300x179.jpg\" alt=\"\" width=\"300\" height=\"179\" srcset=\"https:\/\/test.ispas-ev.de\/wp-content\/uploads\/2021\/10\/Kranzniederlegung-am-Tag-der-Deutschen-Einheit-scaled-e1634040680808-300x179.jpg 300w, https:\/\/test.ispas-ev.de\/wp-content\/uploads\/2021\/10\/Kranzniederlegung-am-Tag-der-Deutschen-Einheit-scaled-e1634040680808-1024x613.jpg 1024w, https:\/\/test.ispas-ev.de\/wp-content\/uploads\/2021\/10\/Kranzniederlegung-am-Tag-der-Deutschen-Einheit-scaled-e1634040680808-768x459.jpg 768w, https:\/\/test.ispas-ev.de\/wp-content\/uploads\/2021\/10\/Kranzniederlegung-am-Tag-der-Deutschen-Einheit-scaled-e1634040680808-1536x919.jpg 1536w, https:\/\/test.ispas-ev.de\/wp-content\/uploads\/2021\/10\/Kranzniederlegung-am-Tag-der-Deutschen-Einheit-scaled-e1634040680808-2048x1225.jpg 2048w\" sizes=\"(max-width: 300px) 100vw, 300px\" \/><\/a><\/p>\n<p><strong>Die Delegation vor dem Wendelstein auf Schloss Hartenfels<\/strong><\/p>\n<p><a href=\"https:\/\/www.ispas-ev.de\/wp-content\/uploads\/2021\/10\/PHOTO-2021-10-03-18-20-07-1.jpg\"><img decoding=\"async\" loading=\"lazy\" class=\"alignnone wp-image-5976\" src=\"https:\/\/www.ispas-ev.de\/wp-content\/uploads\/2021\/10\/PHOTO-2021-10-03-18-20-07-1-225x300.jpg\" alt=\"\" width=\"299\" height=\"399\" srcset=\"https:\/\/test.ispas-ev.de\/wp-content\/uploads\/2021\/10\/PHOTO-2021-10-03-18-20-07-1-225x300.jpg 225w, https:\/\/test.ispas-ev.de\/wp-content\/uploads\/2021\/10\/PHOTO-2021-10-03-18-20-07-1.jpg 768w\" sizes=\"(max-width: 299px) 100vw, 299px\" \/><\/a><\/p>\n<p><strong>Die Baustelle der s\u00e4chsischen Landesgartenschau 2022<\/strong><\/p>\n<p><a href=\"https:\/\/www.ispas-ev.de\/wp-content\/uploads\/2021\/10\/PHOTO-2021-10-03-18-20-07Delegation-in-Torgau-2-1.jpg\"><img decoding=\"async\" loading=\"lazy\" class=\"alignnone size-medium wp-image-5959\" src=\"https:\/\/www.ispas-ev.de\/wp-content\/uploads\/2021\/10\/PHOTO-2021-10-03-18-20-07Delegation-in-Torgau-2-1-300x225.jpg\" alt=\"\" width=\"300\" height=\"225\" srcset=\"https:\/\/test.ispas-ev.de\/wp-content\/uploads\/2021\/10\/PHOTO-2021-10-03-18-20-07Delegation-in-Torgau-2-1-300x225.jpg 300w, https:\/\/test.ispas-ev.de\/wp-content\/uploads\/2021\/10\/PHOTO-2021-10-03-18-20-07Delegation-in-Torgau-2-1-768x576.jpg 768w, https:\/\/test.ispas-ev.de\/wp-content\/uploads\/2021\/10\/PHOTO-2021-10-03-18-20-07Delegation-in-Torgau-2-1.jpg 1024w\" sizes=\"(max-width: 300px) 100vw, 300px\" \/><\/a><\/p>\n<p><strong>Torgau bei Nacht w\u00e4hrend des Lichterfestes<\/strong><\/p>\n<p><a href=\"https:\/\/www.ispas-ev.de\/wp-content\/uploads\/2021\/10\/PHOTO-2021-10-03-18-20-07-Delegation-in-Torgau.jpg\"><img decoding=\"async\" loading=\"lazy\" class=\"alignnone size-medium wp-image-5969\" src=\"https:\/\/www.ispas-ev.de\/wp-content\/uploads\/2021\/10\/PHOTO-2021-10-03-18-20-07-Delegation-in-Torgau-300x225.jpg\" alt=\"\" width=\"300\" height=\"225\" srcset=\"https:\/\/test.ispas-ev.de\/wp-content\/uploads\/2021\/10\/PHOTO-2021-10-03-18-20-07-Delegation-in-Torgau-300x225.jpg 300w, https:\/\/test.ispas-ev.de\/wp-content\/uploads\/2021\/10\/PHOTO-2021-10-03-18-20-07-Delegation-in-Torgau-768x576.jpg 768w, https:\/\/test.ispas-ev.de\/wp-content\/uploads\/2021\/10\/PHOTO-2021-10-03-18-20-07-Delegation-in-Torgau.jpg 1024w\" sizes=\"(max-width: 300px) 100vw, 300px\" \/><\/a><\/p>\n","protected":false},"excerpt":{"rendered":"<p>Eine Delegation der Stadt Sindelfingen war anl\u00e4sslich des Tages der deutschen Einheit und des Lichterfestes in unserer s\u00e4chsischen Partnerstadt Torgau. Die Teilnehmer schreiben: &#8222;Sch\u00f6n war&#8217;s und wir sollen herzliche Gr\u00fc\u00dfe [&hellip;]<\/p>\n","protected":false},"author":16,"featured_media":0,"comment_status":"closed","ping_status":"open","sticky":false,"template":"","format":"standard","meta":{"ngg_post_thumbnail":0},"categories":[1,21],"tags":[],"_links":{"self":[{"href":"https:\/\/test.ispas-ev.de\/index.php?rest_route=\/wp\/v2\/posts\/5954"}],"collection":[{"href":"https:\/\/test.ispas-ev.de\/index.php?rest_route=\/wp\/v2\/posts"}],"about":[{"href":"https:\/\/test.ispas-ev.de\/index.php?rest_route=\/wp\/v2\/types\/post"}],"author":[{"embeddable":true,"href":"https:\/\/test.ispas-ev.de\/index.php?rest_route=\/wp\/v2\/users\/16"}],"replies":[{"embeddable":true,"href":"https:\/\/test.ispas-ev.de\/index.php?rest_route=%2Fwp%2Fv2%2Fcomments&post=5954"}],"version-history":[{"count":9,"href":"https:\/\/test.ispas-ev.de\/index.php?rest_route=\/wp\/v2\/posts\/5954\/revisions"}],"predecessor-version":[{"id":6334,"href":"https:\/\/test.ispas-ev.de\/index.php?rest_route=\/wp\/v2\/posts\/5954\/revisions\/6334"}],"wp:attachment":[{"href":"https:\/\/test.ispas-ev.de\/index.php?rest_route=%2Fwp%2Fv2%2Fmedia&parent=5954"}],"wp:term":[{"taxonomy":"category","embeddable":true,"href":"https:\/\/test.ispas-ev.de\/index.php?rest_route=%2Fwp%2Fv2%2Fcategories&post=5954"},{"taxonomy":"post_tag","embeddable":true,"href":"https:\/\/test.ispas-ev.de\/index.php?rest_route=%2Fwp%2Fv2%2Ftags&post=5954"}],"curies":[{"name":"wp","href":"https:\/\/api.w.org\/{rel}","templated":true}]}}