{"id":5816,"date":"2021-05-20T13:19:23","date_gmt":"2021-05-20T11:19:23","guid":{"rendered":"https:\/\/www.ispas-ev.de\/?p=5816"},"modified":"2022-04-13T14:20:01","modified_gmt":"2022-04-13T12:20:01","slug":"information-ueber-deutsch-franzoesischen-sprachaufenthalt-fuer-jugendliche","status":"publish","type":"post","link":"https:\/\/test.ispas-ev.de\/?p=5816","title":{"rendered":"Information \u00fcber deutsch-franz\u00f6sischen Sprachaufenthalt f\u00fcr Jugendliche"},"content":{"rendered":"<p><span style=\"font-family: arial, helvetica, sans-serif;\">Wir m\u00f6chten alle an der franz\u00f6sischen Sprache interessierten Jugendlichen \u00fcber folgendes Angebot informieren. Wir haben jedoch keinen Flyer erhalten und bitte daher darum, bei Interesse die untenstehende Telefonnummer anzurufen:<\/span><\/p>\n<p><span style=\"font-family: arial, helvetica, sans-serif;\">Guten Tag,<\/span><br \/>\n<span style=\"font-family: arial, helvetica, sans-serif;\">Bonjour \u00e0 toutes et \u00e0 tous,<\/span><\/p>\n<p><span style=\"font-family: arial, helvetica, sans-serif;\">wie jedes Jahr organisiert die IGP Edingen-Neckarhausen mit F\u00f6rderung des Deutsch-Franz\u00f6sischen Jugendwerks (DFJW)<\/span><br \/>\n<span style=\"font-family: arial, helvetica, sans-serif;\">einen deutsch-franz\u00f6sischen Tandem-Sprachaufenthalt f\u00fcr Jugendliche (<strong>15 bis 17 Jahre<\/strong>).<\/span><br \/>\n<span style=\"font-family: arial, helvetica, sans-serif;\">Er findet vom<strong> 6. bis 13. August in Berlin und anschlie\u00dfend bis 21. August in Sommi\u00e8res (Provence)<\/strong> statt.<\/span><br \/>\n<span style=\"font-family: arial, helvetica, sans-serif;\">In Anlage finden Sie zur Information und Anmeldung den Flyer f\u00fcr diesen Sprachaufenthalt. Wir stehen Ihnen f\u00fcr weitere Informationen gern zur Verf\u00fcgung.<\/span><\/p>\n<p><span style=\"font-family: arial, helvetica, sans-serif;\">Freundliche Gr\u00fc\u00dfe aus dem Plouguerneau-Haus.<\/span><br \/>\n<span style=\"font-family: arial, helvetica, sans-serif;\">Merci et bonne journ\u00e9e<\/span><\/p>\n<p><span style=\"font-family: arial, helvetica, sans-serif;\"><b>Erwin Hund<\/b><\/span><\/p>\n<p><span style=\"font-family: arial, helvetica, sans-serif;\"><b>Regionaler Berater Deutsch-Franz\u00f6sischer B\u00fcrgerfonds<\/b><\/span><br \/>\n<span style=\"font-family: arial, helvetica, sans-serif;\">Baden-W\u00fcrttemberg &#8211; Bayern &#8211; Bretagne<\/span><\/p>\n<p><span style=\"font-family: arial, helvetica, sans-serif;\"><strong>Tel. 0176-2266 9712<\/strong><\/span><\/p>\n","protected":false},"excerpt":{"rendered":"<p>Wir m\u00f6chten alle an der franz\u00f6sischen Sprache interessierten Jugendlichen \u00fcber folgendes Angebot informieren. Wir haben jedoch keinen Flyer erhalten und bitte daher darum, bei Interesse die untenstehende Telefonnummer anzurufen: Guten [&hellip;]<\/p>\n","protected":false},"author":16,"featured_media":0,"comment_status":"closed","ping_status":"open","sticky":false,"template":"","format":"standard","meta":{"ngg_post_thumbnail":0},"categories":[1],"tags":[],"_links":{"self":[{"href":"https:\/\/test.ispas-ev.de\/index.php?rest_route=\/wp\/v2\/posts\/5816"}],"collection":[{"href":"https:\/\/test.ispas-ev.de\/index.php?rest_route=\/wp\/v2\/posts"}],"about":[{"href":"https:\/\/test.ispas-ev.de\/index.php?rest_route=\/wp\/v2\/types\/post"}],"author":[{"embeddable":true,"href":"https:\/\/test.ispas-ev.de\/index.php?rest_route=\/wp\/v2\/users\/16"}],"replies":[{"embeddable":true,"href":"https:\/\/test.ispas-ev.de\/index.php?rest_route=%2Fwp%2Fv2%2Fcomments&post=5816"}],"version-history":[{"count":4,"href":"https:\/\/test.ispas-ev.de\/index.php?rest_route=\/wp\/v2\/posts\/5816\/revisions"}],"predecessor-version":[{"id":6159,"href":"https:\/\/test.ispas-ev.de\/index.php?rest_route=\/wp\/v2\/posts\/5816\/revisions\/6159"}],"wp:attachment":[{"href":"https:\/\/test.ispas-ev.de\/index.php?rest_route=%2Fwp%2Fv2%2Fmedia&parent=5816"}],"wp:term":[{"taxonomy":"category","embeddable":true,"href":"https:\/\/test.ispas-ev.de\/index.php?rest_route=%2Fwp%2Fv2%2Fcategories&post=5816"},{"taxonomy":"post_tag","embeddable":true,"href":"https:\/\/test.ispas-ev.de\/index.php?rest_route=%2Fwp%2Fv2%2Ftags&post=5816"}],"curies":[{"name":"wp","href":"https:\/\/api.w.org\/{rel}","templated":true}]}}