{"id":5807,"date":"2021-05-20T12:53:09","date_gmt":"2021-05-20T10:53:09","guid":{"rendered":"https:\/\/www.ispas-ev.de\/?p=5807"},"modified":"2022-04-13T14:21:03","modified_gmt":"2022-04-13T12:21:03","slug":"nachruf-dieter-e-huelle","status":"publish","type":"post","link":"https:\/\/test.ispas-ev.de\/?p=5807","title":{"rendered":"Nachruf Dieter E. H\u00fclle"},"content":{"rendered":"<p>&nbsp;<\/p>\n<p><a href=\"https:\/\/www.ispas-ev.de\/wp-content\/uploads\/2021\/05\/image002-2.jpg\"><img decoding=\"async\" loading=\"lazy\" class=\"alignnone size-medium wp-image-5808\" src=\"https:\/\/www.ispas-ev.de\/wp-content\/uploads\/2021\/05\/image002-2-300x197.jpg\" alt=\"\" width=\"300\" height=\"197\" srcset=\"https:\/\/test.ispas-ev.de\/wp-content\/uploads\/2021\/05\/image002-2-300x197.jpg 300w, https:\/\/test.ispas-ev.de\/wp-content\/uploads\/2021\/05\/image002-2.jpg 605w\" sizes=\"(max-width: 300px) 100vw, 300px\" \/><\/a><\/p>\n<p>&nbsp;<\/p>\n<p><span style=\"font-family: arial, helvetica, sans-serif;\"><strong>Z<span style=\"font-family: arial, helvetica, sans-serif;\">um Tod von Dieter E. H\u00fclle<\/span><\/strong><\/span><\/p>\n<p><span style=\"font-family: arial, helvetica, sans-serif;\"><strong>\u00a0<\/strong>Am Sonntag, 16. Mai 2021, verstarb im Alter von 86 Jahren Dieter E. H\u00fclle. Er war Gr\u00fcndungsmitglied unseres Vereins und in den Anfangsjahren Sprecher f\u00fcr Schaffhausen. Als damaliger Kulturamtsleiter half er mit bei der Partnerstadtsuche in Ungarn und der ehemaligen DDR. Besonders f\u00fcr Gy\u00f6r setzte er sich ein. Er liebte Ungarn mit seiner Mentalit\u00e4t und Vielfalt. Eine erste B\u00fcrgerfahrt nach Gy\u00f6r organisierte er zusammen mit dem damaligen Verkehrsamtsleiter der Stadt, Herrn Junker, und ein Bus voller Sindelfingerinnen und Sindelfingern wurden herzlich von den Gy\u00f6rern aufgenommen und mit gutem Essen und Getr\u00e4nken versorgt.<\/span><\/p>\n<p><span style=\"font-family: arial, helvetica, sans-serif;\">Dieter E. H\u00fclle hat sich immer f\u00fcr die Belange des Vereins eingesetzt, auch zum Wohle Sindelfingens, und weit \u00fcber seine T\u00e4tigkeit als Leiter des Kulturamtes hinaus.\u00a0 Wir haben ihm viel zu verdanken und werden sein Andenken stets in Ehren halten.<\/span><\/p>\n<p>&nbsp;<\/p>\n<p><span style=\"font-family: arial, helvetica, sans-serif;\">Brigitte Stegmaier<\/span><\/p>\n<p><span style=\"font-family: arial, helvetica, sans-serif;\">Vorsitzende<\/span><\/p>\n<p>&nbsp;<\/p>\n<p>&nbsp;<\/p>\n<p>&nbsp;<\/p>\n<p>&nbsp;<\/p>\n","protected":false},"excerpt":{"rendered":"<p>&nbsp; &nbsp; Zum Tod von Dieter E. H\u00fclle \u00a0Am Sonntag, 16. Mai 2021, verstarb im Alter von 86 Jahren Dieter E. H\u00fclle. Er war Gr\u00fcndungsmitglied unseres Vereins und in den [&hellip;]<\/p>\n","protected":false},"author":16,"featured_media":0,"comment_status":"closed","ping_status":"open","sticky":false,"template":"","format":"standard","meta":{"ngg_post_thumbnail":0},"categories":[1,40,31],"tags":[],"_links":{"self":[{"href":"https:\/\/test.ispas-ev.de\/index.php?rest_route=\/wp\/v2\/posts\/5807"}],"collection":[{"href":"https:\/\/test.ispas-ev.de\/index.php?rest_route=\/wp\/v2\/posts"}],"about":[{"href":"https:\/\/test.ispas-ev.de\/index.php?rest_route=\/wp\/v2\/types\/post"}],"author":[{"embeddable":true,"href":"https:\/\/test.ispas-ev.de\/index.php?rest_route=\/wp\/v2\/users\/16"}],"replies":[{"embeddable":true,"href":"https:\/\/test.ispas-ev.de\/index.php?rest_route=%2Fwp%2Fv2%2Fcomments&post=5807"}],"version-history":[{"count":4,"href":"https:\/\/test.ispas-ev.de\/index.php?rest_route=\/wp\/v2\/posts\/5807\/revisions"}],"predecessor-version":[{"id":6161,"href":"https:\/\/test.ispas-ev.de\/index.php?rest_route=\/wp\/v2\/posts\/5807\/revisions\/6161"}],"wp:attachment":[{"href":"https:\/\/test.ispas-ev.de\/index.php?rest_route=%2Fwp%2Fv2%2Fmedia&parent=5807"}],"wp:term":[{"taxonomy":"category","embeddable":true,"href":"https:\/\/test.ispas-ev.de\/index.php?rest_route=%2Fwp%2Fv2%2Fcategories&post=5807"},{"taxonomy":"post_tag","embeddable":true,"href":"https:\/\/test.ispas-ev.de\/index.php?rest_route=%2Fwp%2Fv2%2Ftags&post=5807"}],"curies":[{"name":"wp","href":"https:\/\/api.w.org\/{rel}","templated":true}]}}