{"id":5782,"date":"2021-04-21T14:31:12","date_gmt":"2021-04-21T12:31:12","guid":{"rendered":"https:\/\/www.ispas-ev.de\/?p=5782"},"modified":"2022-04-13T14:22:01","modified_gmt":"2022-04-13T12:22:01","slug":"nachruf-walter-frohnmayer","status":"publish","type":"post","link":"https:\/\/test.ispas-ev.de\/?p=5782","title":{"rendered":"Nachruf Walter Frohnmayer"},"content":{"rendered":"<h1><\/h1>\n<h1><a href=\"https:\/\/www.ispas-ev.de\/wp-content\/uploads\/2021\/04\/Walter-Frohnmayer.jpg\"><img decoding=\"async\" loading=\"lazy\" class=\"alignnone size-full wp-image-5812\" src=\"https:\/\/www.ispas-ev.de\/wp-content\/uploads\/2021\/04\/Walter-Frohnmayer.jpg\" alt=\"\" width=\"299\" height=\"168\" \/><\/a><\/h1>\n<h1><span style=\"font-size: 14pt; font-family: arial, helvetica, sans-serif;\">Am 14. April dieses Jahres verstarb unser langj\u00e4hriges Mitglied Walter Frohnmayer.<\/span><\/h1>\n<p><span style=\"font-family: arial, helvetica, sans-serif;\">1996 wurde er Mitglied in unserem Verein. Schon in der Zeit als Gemeinderat setzte sich Walter Frohnmayer stets f\u00fcr die Sindelfinger Partnerst\u00e4dte ein. Auch nach seinem Ausscheiden aus den st\u00e4dtischen Gremien hielt er Kontakte in die Partnerst\u00e4dte und nahm an verschiedenen B\u00fcrgerfahrten teil. Sein partnerschaftliches Wissen floss in den Anfangsjahren sehr stark in die Vereinsarbeit ein.<\/span><br \/>\n<span style=\"font-family: arial, helvetica, sans-serif;\">ISPAS verliert ein treues Mitglied, einen gro\u00dfen F\u00fcrsprecher der Partnerschaftsarbeit.<\/span><\/p>\n<p><span style=\"font-family: arial, helvetica, sans-serif;\">Wir sind in Gedanken bei seiner Frau und Familie und w\u00fcnschen f\u00fcr die kommende Zeit alles Gute und viel Kraft.<\/span><\/p>\n<p><span style=\"font-family: arial, helvetica, sans-serif;\">F\u00fcr den Vorstand<\/span><\/p>\n<p><span style=\"font-family: arial, helvetica, sans-serif;\">Brigitte Stegmaier<\/span><\/p>\n<p>Vorsitzende<\/p>\n","protected":false},"excerpt":{"rendered":"<p>Am 14. April dieses Jahres verstarb unser langj\u00e4hriges Mitglied Walter Frohnmayer. 1996 wurde er Mitglied in unserem Verein. Schon in der Zeit als Gemeinderat setzte sich Walter Frohnmayer stets f\u00fcr [&hellip;]<\/p>\n","protected":false},"author":16,"featured_media":0,"comment_status":"closed","ping_status":"open","sticky":false,"template":"","format":"standard","meta":{"ngg_post_thumbnail":0},"categories":[1,40,31],"tags":[],"_links":{"self":[{"href":"https:\/\/test.ispas-ev.de\/index.php?rest_route=\/wp\/v2\/posts\/5782"}],"collection":[{"href":"https:\/\/test.ispas-ev.de\/index.php?rest_route=\/wp\/v2\/posts"}],"about":[{"href":"https:\/\/test.ispas-ev.de\/index.php?rest_route=\/wp\/v2\/types\/post"}],"author":[{"embeddable":true,"href":"https:\/\/test.ispas-ev.de\/index.php?rest_route=\/wp\/v2\/users\/16"}],"replies":[{"embeddable":true,"href":"https:\/\/test.ispas-ev.de\/index.php?rest_route=%2Fwp%2Fv2%2Fcomments&post=5782"}],"version-history":[{"count":4,"href":"https:\/\/test.ispas-ev.de\/index.php?rest_route=\/wp\/v2\/posts\/5782\/revisions"}],"predecessor-version":[{"id":6162,"href":"https:\/\/test.ispas-ev.de\/index.php?rest_route=\/wp\/v2\/posts\/5782\/revisions\/6162"}],"wp:attachment":[{"href":"https:\/\/test.ispas-ev.de\/index.php?rest_route=%2Fwp%2Fv2%2Fmedia&parent=5782"}],"wp:term":[{"taxonomy":"category","embeddable":true,"href":"https:\/\/test.ispas-ev.de\/index.php?rest_route=%2Fwp%2Fv2%2Fcategories&post=5782"},{"taxonomy":"post_tag","embeddable":true,"href":"https:\/\/test.ispas-ev.de\/index.php?rest_route=%2Fwp%2Fv2%2Ftags&post=5782"}],"curies":[{"name":"wp","href":"https:\/\/api.w.org\/{rel}","templated":true}]}}