{"id":5771,"date":"2021-02-13T17:06:25","date_gmt":"2021-02-13T16:06:25","guid":{"rendered":"https:\/\/www.ispas-ev.de\/?p=5771"},"modified":"2022-04-13T14:24:44","modified_gmt":"2022-04-13T12:24:44","slug":"online-event-in-kooperation-mit-ig-kultur-gemeinsam-singen","status":"publish","type":"post","link":"https:\/\/test.ispas-ev.de\/?p=5771","title":{"rendered":"Online-Event in Kooperation mit IG Kultur: Gemeinsam Singen"},"content":{"rendered":"<p><span style=\"font-family: arial, helvetica, sans-serif;\">In Kooperation mit der IG Kultur laden wir erneut zum gemeinsamen Singen ein:<\/span><\/p>\n<p><span style=\"font-family: arial, helvetica, sans-serif;\">Dear friends in the partner cities of Sindelfingen,<\/span><br \/>\n<span style=\"font-family: arial, helvetica, sans-serif;\">Chers amis dans les villes jumelles de la ville de Sindelfingen,<\/span><br \/>\n<span style=\"font-family: arial, helvetica, sans-serif;\">Cari amici nelle citt\u00e0 gemelle della citt\u00e0 di Sindelfingen,<\/span><br \/>\n<span style=\"font-family: arial, helvetica, sans-serif;\">Drodzy przyjaciele w bli\u017aniaczych miastach Sindelfingen,<\/span><br \/>\n<span style=\"font-family: arial, helvetica, sans-serif;\">Kedves bar\u00e1taim Sindelfingen testv\u00e9rv\u00e1ros\u00e1ban,<\/span><\/p>\n<p><span style=\"font-family: arial, helvetica, sans-serif;\">Liebe Freunde in den Partnerst\u00e4dten der Stadt Sindelfingen<\/span><\/p>\n<p><span style=\"font-family: arial, helvetica, sans-serif;\">in diesen Zeiten sind neue Ideen gefragt, um die Dinge auf die wir zur Zeit verzichten m\u00fcssen, sinnvoll zu ersetzen. Ganz besonders gilt das im Bereich der zwischenmenschlichen Begegnungen und auch bei der Kunst und Kultur.<\/span><br \/>\n<span style=\"font-family: arial, helvetica, sans-serif;\">Deshalb freue ich mich auf eine ganz besondere Veranstaltung:<\/span><\/p>\n<p><span style=\"font-family: arial, helvetica, sans-serif;\">Am 22.02.2021 um 18:30 Uhr wird ein musikalisches Event zum Mitsingen kostenfrei \u00fcber YouTube gestreamt. Die in unserer Gegend sehr bekannten K\u00fcnstler Patrick Bopp (S\u00e4nger der \u00e0 cappella Formation F\u00fcenf <a href=\"https:\/\/www.fuenf.com\/\">https:\/\/www.fuenf.com\/<\/a>), und die Hanke Brothers \u00a0(<a href=\"https:\/\/www.hankebrothers.de\/\">https:\/\/www.hankebrothers.de\/<\/a>) werden den Abend bilingual (in deutscher und englischer Sprache) moderieren. Sie werden bekannte Lieder und Texte pr\u00e4sentieren, die Melodie mitspielen und so und die Zuschauer vor den Bildschirmen zum Mitsingen animieren. Die Zuschauenden k\u00f6nnen zu Hause mitsingen, und falls gew\u00fcnscht \u00fcber die Chatfunktion in YouTube selbst mit gestalten. Zwar nimmt so jede\/r alleine von zu Hause aus teil, aber man ist trotzdem Teil einer Gemeinschaft. Die Veranstaltung ist somit eine sch\u00f6ne Gelegenheit f\u00fcr das Miteinander, das gemeinsame Singen und Musizieren, das stets f\u00fcr gute Laune sorgt.<\/span><br \/>\n<span style=\"font-family: arial, helvetica, sans-serif;\">Im Vorfeld k\u00f6nnen Liedw\u00fcnsche gemeldet werden, die an die K\u00fcnstler weitergeleitet und, sofern m\u00f6glich, in das Mitsingprogramm eingebaut werden.<\/span><br \/>\n<span style=\"font-family: arial, helvetica, sans-serif;\">Bitte per Email an : <strong><a href=\"mailto:song@igkultur.de\">song@igkultur.de<\/a><\/strong><strong>\u00a0<\/strong><\/span><\/p>\n<p><span style=\"font-family: arial, helvetica, sans-serif;\">Die Veranstaltung spricht nicht nur die Menschen in Sindelfingen\/B\u00f6blingen und Umgebung an, sondern wir m\u00f6chten sehr gerne auch die Partnerst\u00e4dte einbeziehen. Dies soll den \u00fcber die Grenzen hinausgehenden Zusammenhalt in dieser au\u00dfergew\u00f6hnlichen Situation zus\u00e4tzlich st\u00e4rken.<\/span><\/p>\n<p><span style=\"font-family: arial, helvetica, sans-serif;\">Deshalb meine Bitte an die Freunde in den Partnerst\u00e4dten: W\u00fcrden Sie diese Information bitte entweder gezielt an musizierende Einzelpersonen oder Gruppen, oder noch lieber an die allgemeine Bev\u00f6lkerung, Ihrer Stadt weitergeben? Und \u2013 falls Sie davon erfahren &#8211;\u00a0 mir mitteilen, wenn jemand plant dabei zu sein?<\/span><\/p>\n<p><span style=\"font-family: arial, helvetica, sans-serif;\">Auf diesem Youtube-Link wird die Veranstaltung zu sehen sein: <a href=\"https:\/\/youtu.be\/cxCLq3iEPvQ\">https:\/\/youtu.be\/cxCLq3iEPvQ<\/a>.<\/span><\/p>\n<p>&nbsp;<\/p>\n<p><span style=\"font-family: arial, helvetica, sans-serif;\">&#8212;&#8212;&#8212;&#8212;&#8212;&#8212;&#8212;&#8212;&#8212;&#8212;&#8212;&#8212;&#8212;&#8212;&#8212;&#8212;&#8212;-<\/span><\/p>\n<p><span style=\"font-family: arial, helvetica, sans-serif;\"><strong>Singing for everyone feat. Patrick Bopp + HANKE BROTHERS<\/strong><\/span><\/p>\n<p><span style=\"font-family: arial, helvetica, sans-serif;\">Dear friends of our twin towns,<\/span><\/p>\n<p><span style=\"font-family: arial, helvetica, sans-serif;\">these are times when we are looking for new ideas which can replace the things we have been forced to give up, especially our social contacts, art and culture. This is why I am glad to pass an offer to you from our neighbour town Sindelfingen.<\/span><\/p>\n<p><span style=\"font-family: arial, helvetica, sans-serif;\"><strong>O<\/strong><strong>n Monday, February 22nd at 6.30 p.m. we will stream a free musical event on YouTube.<\/strong><\/span><\/p>\n<p><span style=\"font-family: arial, helvetica, sans-serif;\">The well-known artists Patrick Bopp (singer of the \u00e0 cappella band F\u00fcenf: <a href=\"https:\/\/www.fuenf.com\/\">www.fuenf.com<\/a>) and the Hanke Brothers (<a href=\"https:\/\/www.hankebrothers.de\/\">www.hankebrothers.de<\/a>) will present an evening programme in German and English. They will offer us songs and texts and invite the spectators to join in. Everybody can sing from home or add something to the chat. Even if we are separated from one another we can feel being part of a community! Singing and making music together helps to keep in a good mood.<\/span><\/p>\n<p><span style=\"font-family: arial, helvetica, sans-serif;\">You may tell us your choice of songs in advance which we will add to the programme if possible. (e-mail: <strong><a href=\"mailto:song@igkultur.de\">song@igkultur.de<\/a><\/strong> )<\/span><\/p>\n<p><span style=\"font-family: arial, helvetica, sans-serif;\">Our presentation is addressed not only to the people in Germany but also to our friends in our twin towns. Let us enforce our solidarity beyond all borders in this extraordinary situation!<\/span><\/p>\n<p><span style=\"font-family: arial, helvetica, sans-serif;\">We friendly ask you to forward this information to all people in your town interested in music. Please let us know if there are people who would like to take part in our project.<\/span><\/p>\n<p>&nbsp;<\/p>\n<p><span style=\"font-family: arial, helvetica, sans-serif;\"><strong>This will be the YouTube link: <a href=\"https:\/\/youtu.be\/cxCLq3iEPvQ\">https:\/\/youtu.be\/cxCLq3iEPvQ<\/a><\/strong><\/span><\/p>\n<p><span style=\"font-family: arial, helvetica, sans-serif;\">You\u2018ll get more information on our website <a href=\"http:\/\/www.igkultur.de\/\">www.igkultur.de<\/a> or you can write directly to the organizer Mr Hilmar Kallweit : <a href=\"mailto:hilmar.kallweit@igkultur.de\">hilmar.kallweit@igkultur.de<\/a> (phone +491608654424) .<\/span><\/p>\n<p><span style=\"font-family: arial, helvetica, sans-serif;\">We hope that you will be joining us. Thank you for informing the people in your town.<\/span><\/p>\n<p>&nbsp;<\/p>\n<p><span style=\"font-family: arial, helvetica, sans-serif;\">Best wishes from your twin town,<\/span><\/p>\n<p><span style=\"font-family: arial, helvetica, sans-serif;\">take care,<\/span><\/p>\n<p><span style=\"font-family: arial, helvetica, sans-serif;\">=================================<\/span><\/p>\n<p><span style=\"font-family: arial, helvetica, sans-serif;\"><strong>Chante pour tout le monde avec <\/strong><strong>Patrick Bopp + HANKE BROTHERS<\/strong><\/span><\/p>\n<p><span style=\"font-family: arial, helvetica, sans-serif;\">Chers amis,<\/span><\/p>\n<p><span style=\"font-family: arial, helvetica, sans-serif;\">dans ce temps difficile on cherche des id\u00e9es qui pourraient remplacer les choses auxquelles il faut renoncer actuellement, surtout nos contactes personnels ainsi que l\u2018art et la culture. Je suis donc tr\u00e8s content de pouvoir vous offrir une action de notre ville voisine Sindelfingen.<\/span><\/p>\n<p><span style=\"font-family: arial, helvetica, sans-serif;\"><strong>Le lundi 22 fevrier \u00e0 18h30, nous diffuserons un \u00e9v\u00e8nement musical gratuit sur YouTube.<\/strong><\/span><\/p>\n<p><span style=\"font-family: arial, helvetica, sans-serif;\">La soir\u00e9e sera organis\u00e9e en allemand et en anglais et un peu fran\u00e7ais par les bien-connus Patrick Bopp (chanteur de la groupe \u00e0 cappella F\u00fcenf:\u00a0 <a href=\"https:\/\/www.fuenf.com\/\">www.fuenf.com<\/a>) et les Hanke Brothers (<a href=\"https:\/\/www.hankebrothers.de\/\">www.hankebrothers.de<\/a>). Ils vont pr\u00e9senter des chansons et des textes connus de sorte que les spectateurs puissent se joindre aux chants. Les spectateurs pourront chanter dans leur domiciles ou s\u2018engager dans le chat YouTube. Bien que chacun soit seul on prendra part \u00e0 une communaut\u00e9! Chanter et faire de la musique ensemble nous donne aussi l\u2018occasion d\u2018am\u00e9liorer notre humeur.<\/span><\/p>\n<p><span style=\"font-family: arial, helvetica, sans-serif;\">Vous pouvez nous envoyer votre choix de chansons qui sera int\u00e9gr\u00e9 \u2013 si possible \u2013 dans le programme. (e-mail: <strong><a href=\"mailto:song@igkultur.de\">song@igkultur.de<\/a><\/strong>)<\/span><\/p>\n<p>&nbsp;<\/p>\n<p><span style=\"font-family: arial, helvetica, sans-serif;\">C\u2018est un \u00e9v\u00e9nement qui n\u2018est pas seulement adress\u00e9 aux habitants an Allemagne mais aussi \u00e0 nos amis dans les villes jumel\u00e9es: Que nos relations soient renforc\u00e9es au-del\u00e0 les fronti\u00e8res dans cette situation extraordinaire!<\/span><\/p>\n<p><span style=\"font-family: arial, helvetica, sans-serif;\">Nous serions reconnaissants si vous pouviez distribuer ces informations parmi les habitants de votre villes qui sont interess\u00e9s \u00e0 la musique et on vous remercie de nous en faire part.<\/span><\/p>\n<p><span style=\"font-family: arial, helvetica, sans-serif;\"><strong>Vous trouverez la pr\u00e9sentation sur: <\/strong><strong><a href=\"https:\/\/youtu.be\/cxCLq3iEPvQ\">https:\/\/youtu.be\/cxCLq3iEPvQ<\/a><\/strong><\/span><\/p>\n<p><span style=\"font-family: arial, helvetica, sans-serif;\">Pour plus d\u2018informations adressez-vous \u00e0 l\u2018organisateur M Hilmar Kallweit, <a href=\"mailto:hilmar.kallweit@igkultur.de\">hilmar.kallweit@igkultur.de<\/a>, T\u00e9l\u00e9phone: +49 160 865 4424.<\/span><\/p>\n<p><span style=\"font-family: arial, helvetica, sans-serif;\">J\u2018esp\u00e8re avoir \u00e9veill\u00e9 votre int\u00e9r\u00eat et je vous remercie de vouloir propager notre offre dans votre ville.<\/span><\/p>\n<p><span style=\"font-family: arial, helvetica, sans-serif;\">Bitte teilen Sie die E-Mail in Ihren St\u00e4dten!<\/span><\/p>\n<p><span style=\"font-family: arial, helvetica, sans-serif;\">Viele Gr\u00fc\u00dfe<\/span><\/p>\n<p><span style=\"font-family: arial, helvetica, sans-serif;\">Ingo Liedtke<\/span><br \/>\n<span style=\"font-family: arial, helvetica, sans-serif;\">Interessengemeinschaft Kultur<\/span><br \/>\n<span style=\"font-family: arial, helvetica, sans-serif;\">Sindelfingen\/B\u00f6blingen e. V.<\/span><br \/>\n<span style=\"font-family: arial, helvetica, sans-serif;\"><a href=\"http:\/\/www.igkultur.de\">www.igkultur.de<\/a><\/span><br \/>\n<span style=\"font-family: arial, helvetica, sans-serif;\">Tel. 01608209743<\/span><\/p>\n<p>&nbsp;<\/p>\n","protected":false},"excerpt":{"rendered":"<p>In Kooperation mit der IG Kultur laden wir erneut zum gemeinsamen Singen ein: Dear friends in the partner cities of Sindelfingen, Chers amis dans les villes jumelles de la ville [&hellip;]<\/p>\n","protected":false},"author":16,"featured_media":0,"comment_status":"closed","ping_status":"open","sticky":false,"template":"","format":"standard","meta":{"ngg_post_thumbnail":0},"categories":[1],"tags":[],"_links":{"self":[{"href":"https:\/\/test.ispas-ev.de\/index.php?rest_route=\/wp\/v2\/posts\/5771"}],"collection":[{"href":"https:\/\/test.ispas-ev.de\/index.php?rest_route=\/wp\/v2\/posts"}],"about":[{"href":"https:\/\/test.ispas-ev.de\/index.php?rest_route=\/wp\/v2\/types\/post"}],"author":[{"embeddable":true,"href":"https:\/\/test.ispas-ev.de\/index.php?rest_route=\/wp\/v2\/users\/16"}],"replies":[{"embeddable":true,"href":"https:\/\/test.ispas-ev.de\/index.php?rest_route=%2Fwp%2Fv2%2Fcomments&post=5771"}],"version-history":[{"count":3,"href":"https:\/\/test.ispas-ev.de\/index.php?rest_route=\/wp\/v2\/posts\/5771\/revisions"}],"predecessor-version":[{"id":6165,"href":"https:\/\/test.ispas-ev.de\/index.php?rest_route=\/wp\/v2\/posts\/5771\/revisions\/6165"}],"wp:attachment":[{"href":"https:\/\/test.ispas-ev.de\/index.php?rest_route=%2Fwp%2Fv2%2Fmedia&parent=5771"}],"wp:term":[{"taxonomy":"category","embeddable":true,"href":"https:\/\/test.ispas-ev.de\/index.php?rest_route=%2Fwp%2Fv2%2Fcategories&post=5771"},{"taxonomy":"post_tag","embeddable":true,"href":"https:\/\/test.ispas-ev.de\/index.php?rest_route=%2Fwp%2Fv2%2Ftags&post=5771"}],"curies":[{"name":"wp","href":"https:\/\/api.w.org\/{rel}","templated":true}]}}