{"id":5681,"date":"2021-01-06T15:28:50","date_gmt":"2021-01-06T14:28:50","guid":{"rendered":"https:\/\/www.ispas-ev.de\/?p=5681"},"modified":"2021-01-06T15:29:41","modified_gmt":"2021-01-06T14:29:41","slug":"antwort-aus-torgau-bzgl-der-pandemie-stand-dezember","status":"publish","type":"post","link":"https:\/\/test.ispas-ev.de\/?p=5681","title":{"rendered":"Antwort aus Torgau bzgl. der Pandemie Stand Dezember"},"content":{"rendered":"<p>Heute m\u00f6chte Brigitte Stegmaier Ihnen einen \u00dcberblick dar\u00fcber geben, wie es im Corona-Winter in unseren Partnerst\u00e4dten aussieht. Mitte Dezember hat sie mit allen f\u00fcr unseren Verein zust\u00e4ndigen Personen Mail- oder Telefonkontakt gehabt. Hier nun die folgende Mitteilung aus:<\/p>\n<p><strong>Torgau: <\/strong>In Sachsen sind die Fallzahlen im Moment sehr hoch. Aus Torgau sind die Bestimmungen und Regelungen \u00e4hnlich wie bei uns. Es bestehen keine Kontakte mit der Stadt, nur mit Freunden aus Torgau. Auch in Torgau wurden alle Veranstaltungen und Festivit\u00e4ten mit Weihnachtsmarkt abgesagt. Viele B\u00fcrgerinnen und B\u00fcrger haben Angst um Arbeitspl\u00e4tze und Auskommen. Wie gesagt wurde, hat die Stadtverwaltung die Coronalage im Griff.<\/p>\n","protected":false},"excerpt":{"rendered":"<p>Heute m\u00f6chte Brigitte Stegmaier Ihnen einen \u00dcberblick dar\u00fcber geben, wie es im Corona-Winter in unseren Partnerst\u00e4dten aussieht. Mitte Dezember hat sie mit allen f\u00fcr unseren Verein zust\u00e4ndigen Personen Mail- oder [&hellip;]<\/p>\n","protected":false},"author":16,"featured_media":0,"comment_status":"closed","ping_status":"open","sticky":false,"template":"","format":"standard","meta":{"ngg_post_thumbnail":0},"categories":[21],"tags":[],"_links":{"self":[{"href":"https:\/\/test.ispas-ev.de\/index.php?rest_route=\/wp\/v2\/posts\/5681"}],"collection":[{"href":"https:\/\/test.ispas-ev.de\/index.php?rest_route=\/wp\/v2\/posts"}],"about":[{"href":"https:\/\/test.ispas-ev.de\/index.php?rest_route=\/wp\/v2\/types\/post"}],"author":[{"embeddable":true,"href":"https:\/\/test.ispas-ev.de\/index.php?rest_route=\/wp\/v2\/users\/16"}],"replies":[{"embeddable":true,"href":"https:\/\/test.ispas-ev.de\/index.php?rest_route=%2Fwp%2Fv2%2Fcomments&post=5681"}],"version-history":[{"count":2,"href":"https:\/\/test.ispas-ev.de\/index.php?rest_route=\/wp\/v2\/posts\/5681\/revisions"}],"predecessor-version":[{"id":5696,"href":"https:\/\/test.ispas-ev.de\/index.php?rest_route=\/wp\/v2\/posts\/5681\/revisions\/5696"}],"wp:attachment":[{"href":"https:\/\/test.ispas-ev.de\/index.php?rest_route=%2Fwp%2Fv2%2Fmedia&parent=5681"}],"wp:term":[{"taxonomy":"category","embeddable":true,"href":"https:\/\/test.ispas-ev.de\/index.php?rest_route=%2Fwp%2Fv2%2Fcategories&post=5681"},{"taxonomy":"post_tag","embeddable":true,"href":"https:\/\/test.ispas-ev.de\/index.php?rest_route=%2Fwp%2Fv2%2Ftags&post=5681"}],"curies":[{"name":"wp","href":"https:\/\/api.w.org\/{rel}","templated":true}]}}