{"id":5679,"date":"2021-01-06T15:26:24","date_gmt":"2021-01-06T14:26:24","guid":{"rendered":"https:\/\/www.ispas-ev.de\/?p=5679"},"modified":"2021-01-06T15:30:52","modified_gmt":"2021-01-06T14:30:52","slug":"antwort-aus-sondrio-bzgl-der-pandemie-stand-dezember","status":"publish","type":"post","link":"https:\/\/test.ispas-ev.de\/?p=5679","title":{"rendered":"Antwort aus Sondrio bzgl. der Pandemie Stand Dezember"},"content":{"rendered":"<p>Heute m\u00f6chte Brigitte Stegmaier Ihnen einen \u00dcberblick dar\u00fcber geben, wie es im Corona-Winter in unseren Partnerst\u00e4dten aussieht. Mitte Dezember hat sie mit allen f\u00fcr unseren Verein zust\u00e4ndigen Personen Mail- oder Telefonkontakt gehabt. Hier nun die Mitteilung aus:<\/p>\n<p><strong>Sondrio: <\/strong>ich freue mich sehr, von Dir zu h\u00f6ren und zu wissen, dass es Dir gut geht. Ich denke, was im Moment wirklich z\u00e4hlt ist die Gesundheit.<\/p>\n<p>Es tut mir leid, dass wir in diesem Jahr das Strassenfest, den Volkstrauertag und die ISPAS-Jubil\u00e4umsfeier nicht hatten, aber ich bin sicher, dass wir das im n\u00e4chsten Jahr mit einem tollen Fest wieder gutmachen k\u00f6nnen!<\/p>\n<p>Ich w\u00fcnsche Dir auch weiterhin eine sch\u00f6ne Adventszeit.<\/p>\n<p>Liebe Gr\u00fc\u00dfe\u00a0 nach Sindelfingen, Stefania<\/p>\n<p>In Sondrio gibt es <strong>7802 best\u00e4tigte F\u00e4lle<\/strong> von COVID-19. Das entspricht <strong>einem je 23<\/strong> Einwohnern. Schulen sind teilweise geschlossen. Unterricht erhalten nur die Abschlussklassen.<\/p>\n<p>&nbsp;<\/p>\n","protected":false},"excerpt":{"rendered":"<p>Heute m\u00f6chte Brigitte Stegmaier Ihnen einen \u00dcberblick dar\u00fcber geben, wie es im Corona-Winter in unseren Partnerst\u00e4dten aussieht. Mitte Dezember hat sie mit allen f\u00fcr unseren Verein zust\u00e4ndigen Personen Mail- oder [&hellip;]<\/p>\n","protected":false},"author":16,"featured_media":0,"comment_status":"closed","ping_status":"open","sticky":false,"template":"","format":"standard","meta":{"ngg_post_thumbnail":0},"categories":[24],"tags":[],"_links":{"self":[{"href":"https:\/\/test.ispas-ev.de\/index.php?rest_route=\/wp\/v2\/posts\/5679"}],"collection":[{"href":"https:\/\/test.ispas-ev.de\/index.php?rest_route=\/wp\/v2\/posts"}],"about":[{"href":"https:\/\/test.ispas-ev.de\/index.php?rest_route=\/wp\/v2\/types\/post"}],"author":[{"embeddable":true,"href":"https:\/\/test.ispas-ev.de\/index.php?rest_route=\/wp\/v2\/users\/16"}],"replies":[{"embeddable":true,"href":"https:\/\/test.ispas-ev.de\/index.php?rest_route=%2Fwp%2Fv2%2Fcomments&post=5679"}],"version-history":[{"count":3,"href":"https:\/\/test.ispas-ev.de\/index.php?rest_route=\/wp\/v2\/posts\/5679\/revisions"}],"predecessor-version":[{"id":5697,"href":"https:\/\/test.ispas-ev.de\/index.php?rest_route=\/wp\/v2\/posts\/5679\/revisions\/5697"}],"wp:attachment":[{"href":"https:\/\/test.ispas-ev.de\/index.php?rest_route=%2Fwp%2Fv2%2Fmedia&parent=5679"}],"wp:term":[{"taxonomy":"category","embeddable":true,"href":"https:\/\/test.ispas-ev.de\/index.php?rest_route=%2Fwp%2Fv2%2Fcategories&post=5679"},{"taxonomy":"post_tag","embeddable":true,"href":"https:\/\/test.ispas-ev.de\/index.php?rest_route=%2Fwp%2Fv2%2Ftags&post=5679"}],"curies":[{"name":"wp","href":"https:\/\/api.w.org\/{rel}","templated":true}]}}