{"id":5674,"date":"2021-01-06T15:21:36","date_gmt":"2021-01-06T14:21:36","guid":{"rendered":"https:\/\/www.ispas-ev.de\/?p=5674"},"modified":"2021-01-06T15:34:40","modified_gmt":"2021-01-06T14:34:40","slug":"antwort-aus-gyoer-bzgl-der-pandemie-stand-dezember","status":"publish","type":"post","link":"https:\/\/test.ispas-ev.de\/?p=5674","title":{"rendered":"Antwort aus Gy\u00f6r bzgl. der Pandemie Stand Dezember"},"content":{"rendered":"<p>Heute m\u00f6chte Brigitte Stegmaier Ihnen einen \u00dcberblick dar\u00fcber geben, wie es im Corona-Winter in unseren Partnerst\u00e4dten aussieht. Mitte Dezember hat sie mit allen f\u00fcr unseren Verein zust\u00e4ndigen Personen Mail- oder Telefonkontakt gehabt. Hier nun die Mitteilung aus:<\/p>\n<p><strong>Gy\u00f6r:<\/strong> Es ist sch\u00f6n, von Dir zu h\u00f6ren! Ich hoffe, dass es Euch auch gut geht! Momentan ist bei uns alles in Ordnung. Die Infektionsrate ist aber auch hier, in Ungarn sehr hoch, und Gy\u0151r leider ist unter den meistinfizierten St\u00e4dten.\u00a0 Seit 11. November haben wir auch Einschr\u00e4nkungen, aber wir sehen deren Wirkung noch nicht. Die Zahlen steigen noch immer, und es gibt schon fast 200 Verstorbene\/Tag.<\/p>\n<p>Wir haben folgende Einschr\u00e4nkungen:<\/p>\n<ul>\n<li>Zwischen 20:00 Uhr und 05:00 Uhr darf man nicht auf die Stra\u00dfe gehen.<\/li>\n<li>Die Kinos\/Theater\/Bibliotheken\/Museen\/Sportanlagen sind geschlossen.<\/li>\n<li>Die Restaurants sind geschlossen, sie d\u00fcrfen aber Speisen zum Mitnehmen verkaufen oder ausliefern.<\/li>\n<li>Alle Veranstaltungen sind verboten, so gibt es dieses Jahr auch keinen Christkindlmarkt in Gy\u0151r. Die Zahl der Personen, die privat sich treffen d\u00fcrfen ist Maximum 10.<\/li>\n<li>Die Mittelschulen und Universit\u00e4ten haben Online-Unterricht. Die Kinderg\u00e4rten und Grundschulen sind noch ge\u00f6ffnet, deswegen bin ich ein bisschen unruhig, da Lili in den Kindergarten gehen muss (bei uns wurde jetzt das home office leider nicht genehmigt).<\/li>\n<\/ul>\n<p>Ich hoffe wirklich, dass wir bald eine effektive Vakzine haben werden und dieses ganze Virus hinter uns haben k\u00f6nnen!<\/p>\n<p>Ich w\u00fcnsche Dir und auch Gudrun alles Gute, bleibt gesund!<\/p>\n<p>Liebe Gr\u00fc\u00dfe, Orsolya<\/p>\n","protected":false},"excerpt":{"rendered":"<p>Heute m\u00f6chte Brigitte Stegmaier Ihnen einen \u00dcberblick dar\u00fcber geben, wie es im Corona-Winter in unseren Partnerst\u00e4dten aussieht. Mitte Dezember hat sie mit allen f\u00fcr unseren Verein zust\u00e4ndigen Personen Mail- oder [&hellip;]<\/p>\n","protected":false},"author":16,"featured_media":0,"comment_status":"closed","ping_status":"open","sticky":false,"template":"","format":"standard","meta":{"ngg_post_thumbnail":0},"categories":[28],"tags":[],"_links":{"self":[{"href":"https:\/\/test.ispas-ev.de\/index.php?rest_route=\/wp\/v2\/posts\/5674"}],"collection":[{"href":"https:\/\/test.ispas-ev.de\/index.php?rest_route=\/wp\/v2\/posts"}],"about":[{"href":"https:\/\/test.ispas-ev.de\/index.php?rest_route=\/wp\/v2\/types\/post"}],"author":[{"embeddable":true,"href":"https:\/\/test.ispas-ev.de\/index.php?rest_route=\/wp\/v2\/users\/16"}],"replies":[{"embeddable":true,"href":"https:\/\/test.ispas-ev.de\/index.php?rest_route=%2Fwp%2Fv2%2Fcomments&post=5674"}],"version-history":[{"count":3,"href":"https:\/\/test.ispas-ev.de\/index.php?rest_route=\/wp\/v2\/posts\/5674\/revisions"}],"predecessor-version":[{"id":5699,"href":"https:\/\/test.ispas-ev.de\/index.php?rest_route=\/wp\/v2\/posts\/5674\/revisions\/5699"}],"wp:attachment":[{"href":"https:\/\/test.ispas-ev.de\/index.php?rest_route=%2Fwp%2Fv2%2Fmedia&parent=5674"}],"wp:term":[{"taxonomy":"category","embeddable":true,"href":"https:\/\/test.ispas-ev.de\/index.php?rest_route=%2Fwp%2Fv2%2Fcategories&post=5674"},{"taxonomy":"post_tag","embeddable":true,"href":"https:\/\/test.ispas-ev.de\/index.php?rest_route=%2Fwp%2Fv2%2Ftags&post=5674"}],"curies":[{"name":"wp","href":"https:\/\/api.w.org\/{rel}","templated":true}]}}