{"id":5668,"date":"2021-01-06T14:52:45","date_gmt":"2021-01-06T13:52:45","guid":{"rendered":"https:\/\/www.ispas-ev.de\/?p=5668"},"modified":"2021-01-06T15:35:39","modified_gmt":"2021-01-06T14:35:39","slug":"antwort-aus-corbeil-essonnes-bzgl-der-pandemie-stand-dezember","status":"publish","type":"post","link":"https:\/\/test.ispas-ev.de\/?p=5668","title":{"rendered":"Antwort aus Corbeil-Essonnes bzgl. der Pandemie Stand Dezember"},"content":{"rendered":"<p>Heute m\u00f6chte Brigitte Stegmaier Ihnen einen \u00dcberblick dar\u00fcber geben, wie es im Corona-Winter in unseren Partnerst\u00e4dten aussieht. Mitte Dezember hat sie mit allen f\u00fcr unseren Verein zust\u00e4ndigen Personen Mail- oder Telefonkontakt gehabt. Hier nun die Mitteilung aus:<\/p>\n<p><strong>Corbeil-Essonnes: <\/strong>Leider ist der Kontakt zwischen unserem Verein und der franz\u00f6sischen Partnerstadt nicht sehr aktiv. Die Kontakte laufen \u00fcber das st\u00e4dtische Partnerschaftsb\u00fcro. Auf meine Mail habe ich bisher keine Antwort erhalten. Schade! Aber ich bin dar\u00fcber informiert, dass die Lage nach wie vor sehr ernst ist. Frankreich verzeichnet zwar sinkende COVID-19-Infektionszahlen, \u00fcberschreitet jedoch die Zahl der Neuinfektionen von 50 F\u00e4llen pro 100.000 Einwohner auf sieben Tage, weshalb ganz Frankreich, mit Ausnahme der Regionen Bretagne und Korsika sowie der \u00dcberseegebiete Guadeloupe, La R\u00e9union und Martinique als <a href=\"https:\/\/www.rki.de\/DE\/Content\/InfAZ\/N\/Neuartiges_Coronavirus\/Risikogebiete_neu.html\">Risikogebiet<\/a> eingestuft ist. Seit\u00a015. Dezember 2020 gilt landesweit eine bu\u00dfgeldbewehrte Ausgangssperre von 20 bis\u00a06 Uhr. Bestimmte Ausnahmetatbest\u00e4nde k\u00f6nnen in dringenden F\u00e4llen und unter Mitf\u00fchrung einer Ausgangsbescheinigung geltend gemacht werden. Die Bescheinigungen k\u00f6nnen als <a href=\"https:\/\/www.gouvernement.fr\/info-coronavirus\/ressources-a-partager\">Leerformular<\/a> zum Ausdruck, <a href=\"https:\/\/media.interieur.gouv.fr\/deplacement-covid-19\/\">online<\/a> oder in der franz\u00f6sischen Corona-App <a href=\"https:\/\/www.gouvernement.fr\/info-coronavirus\/tousanticovid\">\u201eTous Anti Covid\u201c<\/a>\u00a0ausgef\u00fcllt\u00a0werden. Da die franz\u00f6sische und die deutsche Corona-App derzeit nicht miteinander kompatibel sind, sollten regelm\u00e4\u00dfige Pendler oder Grenzg\u00e4nger bis auf Weiteres beide Apps gleichzeitig installieren und nutzen. Gastronomiebetriebe, Museen, Konzerts\u00e4le, Sporthallen, Vergn\u00fcgungsparks, Diskotheken und \u00e4hnliche Veranstaltungsorte sind derzeit geschlossen. Landesweit besteht f\u00fcr alle Personen ab 11 Jahren eine strafbewehrte Verpflichtung zum Tragen eines Mund-Nasen-Schutzes in allen \u00f6ffentlich zug\u00e4nglichen, geschlossenen R\u00e4umen (z.B. Flugh\u00e4fen, Bahnh\u00f6fe,\u00a0 Banken, Gesch\u00e4fte). Die Verpflichtung zum Tragen eines Mund-Nasen-Schutzes gilt auch in allen \u00f6ffentlichen Verkehrsmitteln (z.B. Flugzeug, Zug, Metro, Bus, Taxis und Sammeltaxis). Verkehrsunternehmen m\u00fcssen &#8211; im Rahmen des M\u00f6glichen, z.B. \u00fcber entsprechende Sitzplatzreservierung &#8211; Abstandswahrung in den Transportmitteln, Flugh\u00e4fen, Bahnh\u00f6fen etc. erm\u00f6glichen und Desinfektionsmittel bereitstellen. In den meisten franz\u00f6sischen St\u00e4dten gehen die \u00f6rtlichen Beh\u00f6rden dazu \u00fcber, die Pflicht zum Tragen eines Mund-Nasen-Schutzes in der \u00d6ffentlichkeit auch auf sonstige \u00f6ffentliche Pl\u00e4tze, Stra\u00dfen oder Anlagen mit dichtem Publikumsverkehr zu erweitern. Unter anderem in Paris und den umliegenden D\u00e9partements Seine-Saint-Denis, Hauts-de-Seine und Val-de-Marne sowie in Marseille, Toulouse und Stra\u00dfburg gilt Maskenpflicht im gesamten Stadtgebiet.<\/p>\n","protected":false},"excerpt":{"rendered":"<p>Heute m\u00f6chte Brigitte Stegmaier Ihnen einen \u00dcberblick dar\u00fcber geben, wie es im Corona-Winter in unseren Partnerst\u00e4dten aussieht. Mitte Dezember hat sie mit allen f\u00fcr unseren Verein zust\u00e4ndigen Personen Mail- oder [&hellip;]<\/p>\n","protected":false},"author":16,"featured_media":0,"comment_status":"closed","ping_status":"open","sticky":false,"template":"","format":"standard","meta":{"ngg_post_thumbnail":0},"categories":[25],"tags":[],"_links":{"self":[{"href":"https:\/\/test.ispas-ev.de\/index.php?rest_route=\/wp\/v2\/posts\/5668"}],"collection":[{"href":"https:\/\/test.ispas-ev.de\/index.php?rest_route=\/wp\/v2\/posts"}],"about":[{"href":"https:\/\/test.ispas-ev.de\/index.php?rest_route=\/wp\/v2\/types\/post"}],"author":[{"embeddable":true,"href":"https:\/\/test.ispas-ev.de\/index.php?rest_route=\/wp\/v2\/users\/16"}],"replies":[{"embeddable":true,"href":"https:\/\/test.ispas-ev.de\/index.php?rest_route=%2Fwp%2Fv2%2Fcomments&post=5668"}],"version-history":[{"count":3,"href":"https:\/\/test.ispas-ev.de\/index.php?rest_route=\/wp\/v2\/posts\/5668\/revisions"}],"predecessor-version":[{"id":5701,"href":"https:\/\/test.ispas-ev.de\/index.php?rest_route=\/wp\/v2\/posts\/5668\/revisions\/5701"}],"wp:attachment":[{"href":"https:\/\/test.ispas-ev.de\/index.php?rest_route=%2Fwp%2Fv2%2Fmedia&parent=5668"}],"wp:term":[{"taxonomy":"category","embeddable":true,"href":"https:\/\/test.ispas-ev.de\/index.php?rest_route=%2Fwp%2Fv2%2Fcategories&post=5668"},{"taxonomy":"post_tag","embeddable":true,"href":"https:\/\/test.ispas-ev.de\/index.php?rest_route=%2Fwp%2Fv2%2Ftags&post=5668"}],"curies":[{"name":"wp","href":"https:\/\/api.w.org\/{rel}","templated":true}]}}