{"id":5666,"date":"2021-01-06T14:50:00","date_gmt":"2021-01-06T13:50:00","guid":{"rendered":"https:\/\/www.ispas-ev.de\/?p=5666"},"modified":"2021-01-06T15:36:44","modified_gmt":"2021-01-06T14:36:44","slug":"antwort-aus-chelm-bzgl-der-pandemie-stand-dezember","status":"publish","type":"post","link":"https:\/\/test.ispas-ev.de\/?p=5666","title":{"rendered":"Antwort aus Chelm bzgl. der Pandemie Stand Dezember"},"content":{"rendered":"<p>Heute m\u00f6chte Brigitte Stegmaier Ihnen einen \u00dcberblick dar\u00fcber geben, wie es im Corona-Winter in unseren Partnerst\u00e4dten aussieht. Mitte Dezember hat sie mit allen f\u00fcr unseren Verein zust\u00e4ndigen Personen Mail- oder Telefonkontakt gehabt. Hier nun die Mitteilung aus:<\/p>\n<p><strong>Chelm: <\/strong>Vielen Dank f\u00fcr Ihre E-mail. Bei uns in Che\u0142m sieht die Situation auch nicht so optimistisch aus. Unser Leben ist auch bei Coronavirus sehr beschr\u00e4nkt. Die Schulen, Universit\u00e4ten, Restaurants sind geschlossen. Es besteht die Pflicht, die Schutzmasken zu tragen. Kulturelle Veranstaltungen, Treffen und Kontakte \u00fcber 5 Personen sind verboten. Die Zeit ist sehr schwer. In der Stadt ist\u00a0 viel los. Neue Strassen sind gebaut. Wir konzentrieren uns jetzt auf Aktivit\u00e4ten, die keine Bedrohung f\u00fcr die menschliche Gesundheit bilden. Wir realisieren jetzt ein Zyklus der Wandmalereien. Letztens sind auf Chelmer Geb\u00e4ude Bilder eines Malers erschienen, der in Che\u0142m geboren wurde. In der Stadt haben wir neue Weihnachtsbeleuchtungen, die die Weihnachtsatmosph\u00e4re einf\u00fchren. Wir planen auch Figuren der B\u00e4ren in verschiedenen Pl\u00e4tzen der Stadt zu lokalisieren. Sie sollen den Charakter verschiedener Institutionen pr\u00e4sentieren, z.B. ein B\u00e4r mit einem Buch wird sich neben der Bibliothek befinden. (wie in Berlin :)). Wenn es um Gesundheit geht, bin ich gesund. Mein Bruder hatte Covid-19. Manche Mitarbeiter sind auch krank. Letzte Woche wurden wir im Stadtamt untersucht wegen Antik\u00f6rper. Ich und meine Kollegen aus der Abteilung sind gesund. Alles vor uns. Ich hoffe, dass die dritte Welle kommt nach den Impfungen. Es w\u00e4re sch\u00f6n, n\u00e4chstes Jahr zur Normalit\u00e4t zur\u00fcckzukommen und wieder einander besuchen. Ich w\u00fcnsche Ihnen frohe und gesunde Weihnachten und besseres Neues Jahr.<\/p>\n<p>Liebe Gr\u00fcsse an alle Freunde aus Sindelfingen, Aneta Szostak<\/p>\n","protected":false},"excerpt":{"rendered":"<p>Heute m\u00f6chte Brigitte Stegmaier Ihnen einen \u00dcberblick dar\u00fcber geben, wie es im Corona-Winter in unseren Partnerst\u00e4dten aussieht. Mitte Dezember hat sie mit allen f\u00fcr unseren Verein zust\u00e4ndigen Personen Mail- oder [&hellip;]<\/p>\n","protected":false},"author":16,"featured_media":0,"comment_status":"closed","ping_status":"open","sticky":false,"template":"","format":"standard","meta":{"ngg_post_thumbnail":0},"categories":[23],"tags":[],"_links":{"self":[{"href":"https:\/\/test.ispas-ev.de\/index.php?rest_route=\/wp\/v2\/posts\/5666"}],"collection":[{"href":"https:\/\/test.ispas-ev.de\/index.php?rest_route=\/wp\/v2\/posts"}],"about":[{"href":"https:\/\/test.ispas-ev.de\/index.php?rest_route=\/wp\/v2\/types\/post"}],"author":[{"embeddable":true,"href":"https:\/\/test.ispas-ev.de\/index.php?rest_route=\/wp\/v2\/users\/16"}],"replies":[{"embeddable":true,"href":"https:\/\/test.ispas-ev.de\/index.php?rest_route=%2Fwp%2Fv2%2Fcomments&post=5666"}],"version-history":[{"count":4,"href":"https:\/\/test.ispas-ev.de\/index.php?rest_route=\/wp\/v2\/posts\/5666\/revisions"}],"predecessor-version":[{"id":5702,"href":"https:\/\/test.ispas-ev.de\/index.php?rest_route=\/wp\/v2\/posts\/5666\/revisions\/5702"}],"wp:attachment":[{"href":"https:\/\/test.ispas-ev.de\/index.php?rest_route=%2Fwp%2Fv2%2Fmedia&parent=5666"}],"wp:term":[{"taxonomy":"category","embeddable":true,"href":"https:\/\/test.ispas-ev.de\/index.php?rest_route=%2Fwp%2Fv2%2Fcategories&post=5666"},{"taxonomy":"post_tag","embeddable":true,"href":"https:\/\/test.ispas-ev.de\/index.php?rest_route=%2Fwp%2Fv2%2Ftags&post=5666"}],"curies":[{"name":"wp","href":"https:\/\/api.w.org\/{rel}","templated":true}]}}