{"id":5644,"date":"2020-11-20T15:35:25","date_gmt":"2020-11-20T14:35:25","guid":{"rendered":"https:\/\/www.ispas-ev.de\/?p=5644"},"modified":"2020-11-20T15:35:25","modified_gmt":"2020-11-20T14:35:25","slug":"krz-bb-vereinigte-voelkerverstaendigung","status":"publish","type":"post","link":"https:\/\/test.ispas-ev.de\/?p=5644","title":{"rendered":"KRZ BB: Vereinigte V\u00f6lkerverst\u00e4ndigung"},"content":{"rendered":"<p><a href=\"https:\/\/www.ispas-ev.de\/wp-content\/uploads\/2017\/07\/KRZ_icon_print.png\"><img decoding=\"async\" loading=\"lazy\" class=\"alignnone wp-image-3879\" src=\"https:\/\/www.ispas-ev.de\/wp-content\/uploads\/2017\/07\/KRZ_icon_print-300x209.png\" alt=\"\" width=\"162\" height=\"113\" srcset=\"https:\/\/test.ispas-ev.de\/wp-content\/uploads\/2017\/07\/KRZ_icon_print-300x209.png 300w, https:\/\/test.ispas-ev.de\/wp-content\/uploads\/2017\/07\/KRZ_icon_print.png 330w\" sizes=\"(max-width: 162px) 100vw, 162px\" \/><\/a><\/p>\n<p>Siegfried Dannecker von der Kreiszeitung B\u00f6blinger Bote\u00a0 schrieb anl\u00e4sslich des ausgefallenen 25-Jahr-Jubil\u00e4ums einen ausf\u00fchrlichen Artikel\u00a0 \u00fcber den Werdegang und die Bedeutung von ISPAS e.V.<a href=\"https:\/\/www.ispas-ev.de\/wp-content\/uploads\/2020\/11\/20201119_185958.png\"><img decoding=\"async\" loading=\"lazy\" class=\"alignnone size-medium wp-image-5638\" src=\"https:\/\/www.ispas-ev.de\/wp-content\/uploads\/2020\/11\/20201119_185958-206x300.png\" alt=\"\" width=\"206\" height=\"300\" srcset=\"https:\/\/test.ispas-ev.de\/wp-content\/uploads\/2020\/11\/20201119_185958-206x300.png 206w, https:\/\/test.ispas-ev.de\/wp-content\/uploads\/2020\/11\/20201119_185958.png 670w\" sizes=\"(max-width: 206px) 100vw, 206px\" \/><br \/>\n<\/a><\/p>\n","protected":false},"excerpt":{"rendered":"<p>Siegfried Dannecker von der Kreiszeitung B\u00f6blinger Bote\u00a0 schrieb anl\u00e4sslich des ausgefallenen 25-Jahr-Jubil\u00e4ums einen ausf\u00fchrlichen Artikel\u00a0 \u00fcber den Werdegang und die Bedeutung von ISPAS e.V.<\/p>\n","protected":false},"author":16,"featured_media":0,"comment_status":"closed","ping_status":"open","sticky":false,"template":"","format":"standard","meta":{"ngg_post_thumbnail":0},"categories":[41],"tags":[],"_links":{"self":[{"href":"https:\/\/test.ispas-ev.de\/index.php?rest_route=\/wp\/v2\/posts\/5644"}],"collection":[{"href":"https:\/\/test.ispas-ev.de\/index.php?rest_route=\/wp\/v2\/posts"}],"about":[{"href":"https:\/\/test.ispas-ev.de\/index.php?rest_route=\/wp\/v2\/types\/post"}],"author":[{"embeddable":true,"href":"https:\/\/test.ispas-ev.de\/index.php?rest_route=\/wp\/v2\/users\/16"}],"replies":[{"embeddable":true,"href":"https:\/\/test.ispas-ev.de\/index.php?rest_route=%2Fwp%2Fv2%2Fcomments&post=5644"}],"version-history":[{"count":6,"href":"https:\/\/test.ispas-ev.de\/index.php?rest_route=\/wp\/v2\/posts\/5644\/revisions"}],"predecessor-version":[{"id":5650,"href":"https:\/\/test.ispas-ev.de\/index.php?rest_route=\/wp\/v2\/posts\/5644\/revisions\/5650"}],"wp:attachment":[{"href":"https:\/\/test.ispas-ev.de\/index.php?rest_route=%2Fwp%2Fv2%2Fmedia&parent=5644"}],"wp:term":[{"taxonomy":"category","embeddable":true,"href":"https:\/\/test.ispas-ev.de\/index.php?rest_route=%2Fwp%2Fv2%2Fcategories&post=5644"},{"taxonomy":"post_tag","embeddable":true,"href":"https:\/\/test.ispas-ev.de\/index.php?rest_route=%2Fwp%2Fv2%2Ftags&post=5644"}],"curies":[{"name":"wp","href":"https:\/\/api.w.org\/{rel}","templated":true}]}}