{"id":5631,"date":"2020-11-16T14:36:30","date_gmt":"2020-11-16T13:36:30","guid":{"rendered":"https:\/\/www.ispas-ev.de\/?p=5631"},"modified":"2021-03-12T10:03:33","modified_gmt":"2021-03-12T09:03:33","slug":"dokumentation-zum-25-jahr-jubilaeum","status":"publish","type":"post","link":"https:\/\/test.ispas-ev.de\/?p=5631","title":{"rendered":"Dokumentation zum 25-Jahr-Jubil\u00e4um"},"content":{"rendered":"<p>Leider ist unsere Jubil\u00e4umsfeier anl\u00e4sslich des 25-j\u00e4hrigen Bestehens von ISPAS am 14. November ausgefallen, das wir im Odeon der SMTT feiern wollten. Covid-19 hat es verhindert. Aber wir k\u00f6nnen die Dokumentation, die der Historiker Michael Weber f\u00fcr uns erstellt hat, hier pr\u00e4sentieren. Viel Vergn\u00fcgen beim Lesen.<\/p>\n<p><a href=\"https:\/\/www.ispas-ev.de\/wp-content\/uploads\/2020\/11\/Dokumentation-zum-25-Jahr-Jubilaeum.pdf\">Dokumentation zum 25-Jahr-Jubil\u00e4um<\/a><\/p>\n","protected":false},"excerpt":{"rendered":"<p>Leider ist unsere Jubil\u00e4umsfeier anl\u00e4sslich des 25-j\u00e4hrigen Bestehens von ISPAS am 14. November ausgefallen, das wir im Odeon der SMTT feiern wollten. Covid-19 hat es verhindert. Aber wir k\u00f6nnen die [&hellip;]<\/p>\n","protected":false},"author":16,"featured_media":0,"comment_status":"closed","ping_status":"open","sticky":false,"template":"","format":"standard","meta":{"ngg_post_thumbnail":0},"categories":[1,17,31],"tags":[],"_links":{"self":[{"href":"https:\/\/test.ispas-ev.de\/index.php?rest_route=\/wp\/v2\/posts\/5631"}],"collection":[{"href":"https:\/\/test.ispas-ev.de\/index.php?rest_route=\/wp\/v2\/posts"}],"about":[{"href":"https:\/\/test.ispas-ev.de\/index.php?rest_route=\/wp\/v2\/types\/post"}],"author":[{"embeddable":true,"href":"https:\/\/test.ispas-ev.de\/index.php?rest_route=\/wp\/v2\/users\/16"}],"replies":[{"embeddable":true,"href":"https:\/\/test.ispas-ev.de\/index.php?rest_route=%2Fwp%2Fv2%2Fcomments&post=5631"}],"version-history":[{"count":3,"href":"https:\/\/test.ispas-ev.de\/index.php?rest_route=\/wp\/v2\/posts\/5631\/revisions"}],"predecessor-version":[{"id":5635,"href":"https:\/\/test.ispas-ev.de\/index.php?rest_route=\/wp\/v2\/posts\/5631\/revisions\/5635"}],"wp:attachment":[{"href":"https:\/\/test.ispas-ev.de\/index.php?rest_route=%2Fwp%2Fv2%2Fmedia&parent=5631"}],"wp:term":[{"taxonomy":"category","embeddable":true,"href":"https:\/\/test.ispas-ev.de\/index.php?rest_route=%2Fwp%2Fv2%2Fcategories&post=5631"},{"taxonomy":"post_tag","embeddable":true,"href":"https:\/\/test.ispas-ev.de\/index.php?rest_route=%2Fwp%2Fv2%2Ftags&post=5631"}],"curies":[{"name":"wp","href":"https:\/\/api.w.org\/{rel}","templated":true}]}}