{"id":5622,"date":"2020-11-12T14:14:00","date_gmt":"2020-11-12T13:14:00","guid":{"rendered":"https:\/\/www.ispas-ev.de\/?p=5622"},"modified":"2020-11-12T14:14:00","modified_gmt":"2020-11-12T13:14:00","slug":"25-jahre-initiative-staedtepartnerschaften-sindelfingen-e-v-ispas","status":"publish","type":"post","link":"https:\/\/test.ispas-ev.de\/?p=5622","title":{"rendered":"25 Jahre Initiative St\u00e4dtepartnerschaften Sindelfingen e.V. \u2013 ISPAS"},"content":{"rendered":"<p>Auf 25 Jahre Vereinsarbeit darf der Sindelfinger Partnerschaftsverein ISPAS am 14. November dieses Jahres zur\u00fcckblicken. Die Gr\u00fcndungsmitglieder waren Ulrich Fritz, Heidrun Widmayer, Peter K\u00e1rp\u00e1ti, Dorothea B\u00fchler, Walter Leimenstoll, Susanne Haywood, Dieter E. H\u00fclle und Dietrich Jung. Der erste Vorsitzende des Vereins war Ulrich Fritz, danach kamen Dorothea B\u00fchler und heute Brigitte Stegmaier.<\/p>\n<p>Gerade im Hinblick auf die neusten politischen Entwicklungen (Aufr\u00fcstung, Brexit, Aufkommen der Rechtspopulisten und Corona-Pandemie) hier in Deutschland und in ganz Europa ist die V\u00f6lkerverst\u00e4ndigung wichtiger denn je. In der Nachkriegszeit war das Vertrauen in Deutschland tief ersch\u00fcttert. Das Hitler Regime hatte einen tiefen Keil zwischen die L\u00e4nder Europas getrieben. Es musste wieder Vertrauen aufgebaut werden. Es galt, richtige Zeichen zu setzen, nicht Hass und Mistrauen, sondern Offenheit und Freundschaft. Auch die Stadt Sindelfingen suchte Freundschaft und Verst\u00e4ndigung in der Schweiz und in Frankreich. Bald folgten weitere St\u00e4dte aus anderen L\u00e4ndern, die sich dem Partnerschaftsnetz anschlossen. Schnell wollte man vor allem die Jugend gewinnen und startete in einem offiziellen Rahmen Sch\u00fcler und Jugendaustauschprogramme. Daneben gab es viele offizielle Anl\u00e4sse, bei welchen ausl\u00e4ndische Delegationen nach Sindelfingen eingeladen wurden. Auch B\u00fcrgerfahrten fanden ab dieser Zeit schon statt.<\/p>\n<p>Bei allem Erfolg, den diese Zeit brachte, mangelte es doch an der pers\u00f6nlichen Begegnung. F\u00fcr viele B\u00fcrgerinnen und B\u00fcrger war ein direkter Austausch mit Personen aus den Partnerst\u00e4dten einfach nicht m\u00f6glich. Deshalb war es sehr von Vorteil, dass sich Personen fanden, die den Mut hatten, einen Partnerschaftsverein zu gr\u00fcnden.<\/p>\n<p>Vieles hat sich in den vergangenen 25 Jahren ge\u00e4ndert. Vieles wurde ausgebaut und manche Kontakte aber leider auch abgebrochen. F\u00fcr unseren Verein steht an oberster Stelle die Kontaktpflege mit den Partnerst\u00e4dten.\u00a0 Bedauerlicher Weise ist dies in unserer schnelllebigen Zeit nicht immer so einfach. Jugendliche k\u00f6nnen wir bei Events mit Begegnungen begeistern. Doch leider ebbt alles recht schnell wieder ab. Und trotzdem ist es f\u00fcr unseren Verein wichtig, die Begegnung mit Jugendlichen zu suchen und sie in die partnerschaftliche Arbeit einzubeziehen. Europa braucht starke Jugendliche, die aufeinander zugehen und voneinander lernen. Wir leben in diesem Jahr mit der weltweiten Corona-Pandemie. Nichts ist mehr so wie es einmal war. Es ist f\u00fcr alle Menschen eine Herausforderung und ein enormer Einschnitt in den normalen Alltag. Man sp\u00fcrt, wie wichtig pers\u00f6nliche und partnerschaftliche Kontakte in diesem schweren Jahr sind. Ein Jahr ohne Mitgliederversammlung, Stra\u00dfenfest, B\u00fcrgerfahrten und Weihnachtsmarkt. Ein Jahr ohne Begegnungen, nur mit minimalen Austauschen (telefonisch oder digital) und ohne unser <strong>Jubil\u00e4umsfest.<\/strong> Dies wollten wir am <strong>14. November<\/strong> zusammen mit unseren Mitgliedern und G\u00e4sten aus den Partnerst\u00e4dten feiern. Aber leider \u2013 Corona sagte zu allem \u201enein\u201c. Wir haben vor, unser Jubil\u00e4umsfest im n\u00e4chsten Jahr nachzuholen und hoffen sehr, dass es dann auch klappen wird.<\/p>\n<p>Allen, die sich in den vergangenen 25 Jahren in den Verein \u201eInitiative St\u00e4dtepartnerschaft Sindelfingen e.V.\u201c. ISPAS in irgendeiner Art eingebracht haben, gilt mein Dank. Ein herzliches Dankesch\u00f6n an alle Mitglieder, den Vorstand und erweiterten Vorstand des Vereins, an die Stadt Sindelfingen, an alle Unterst\u00fctzer und Helferinnen und Helfer, die sich immer wieder f\u00fcr ISPAS einsetzen und stets zur Stelle sind, wenn sie gebraucht werden.<\/p>\n<p>Bitte unterst\u00fctzen Sie uns auch weiterhin, damit wir die wichtige partnerschaftliche Arbeit fortsetzen k\u00f6nnen. Werden Sie Mitglied in unserem Verein und informieren Sie sich unter <a href=\"http:\/\/www.ispas-ev.de\">www.ispas-ev.de<\/a>.<\/p>\n<p>Zu unserem 25j\u00e4hrigen Jubil\u00e4um haben wir eine Vereinsdokumentation herausgegeben, die bei Interesse jederzeit angefordert werden kann (info@ispas.de).<\/p>\n<p>Brigitte Stegmaier, Vorsitzende<\/p>\n<p><strong>\u00a0<\/strong><\/p>\n","protected":false},"excerpt":{"rendered":"<p>Auf 25 Jahre Vereinsarbeit darf der Sindelfinger Partnerschaftsverein ISPAS am 14. November dieses Jahres zur\u00fcckblicken. Die Gr\u00fcndungsmitglieder waren Ulrich Fritz, Heidrun Widmayer, Peter K\u00e1rp\u00e1ti, Dorothea B\u00fchler, Walter Leimenstoll, Susanne Haywood, [&hellip;]<\/p>\n","protected":false},"author":16,"featured_media":0,"comment_status":"closed","ping_status":"open","sticky":false,"template":"","format":"standard","meta":{"ngg_post_thumbnail":0},"categories":[1,46,31],"tags":[],"_links":{"self":[{"href":"https:\/\/test.ispas-ev.de\/index.php?rest_route=\/wp\/v2\/posts\/5622"}],"collection":[{"href":"https:\/\/test.ispas-ev.de\/index.php?rest_route=\/wp\/v2\/posts"}],"about":[{"href":"https:\/\/test.ispas-ev.de\/index.php?rest_route=\/wp\/v2\/types\/post"}],"author":[{"embeddable":true,"href":"https:\/\/test.ispas-ev.de\/index.php?rest_route=\/wp\/v2\/users\/16"}],"replies":[{"embeddable":true,"href":"https:\/\/test.ispas-ev.de\/index.php?rest_route=%2Fwp%2Fv2%2Fcomments&post=5622"}],"version-history":[{"count":2,"href":"https:\/\/test.ispas-ev.de\/index.php?rest_route=\/wp\/v2\/posts\/5622\/revisions"}],"predecessor-version":[{"id":5624,"href":"https:\/\/test.ispas-ev.de\/index.php?rest_route=\/wp\/v2\/posts\/5622\/revisions\/5624"}],"wp:attachment":[{"href":"https:\/\/test.ispas-ev.de\/index.php?rest_route=%2Fwp%2Fv2%2Fmedia&parent=5622"}],"wp:term":[{"taxonomy":"category","embeddable":true,"href":"https:\/\/test.ispas-ev.de\/index.php?rest_route=%2Fwp%2Fv2%2Fcategories&post=5622"},{"taxonomy":"post_tag","embeddable":true,"href":"https:\/\/test.ispas-ev.de\/index.php?rest_route=%2Fwp%2Fv2%2Ftags&post=5622"}],"curies":[{"name":"wp","href":"https:\/\/api.w.org\/{rel}","templated":true}]}}