{"id":5552,"date":"2020-09-09T11:28:14","date_gmt":"2020-09-09T09:28:14","guid":{"rendered":"https:\/\/www.ispas-ev.de\/?p=5552"},"modified":"2020-09-10T12:43:44","modified_gmt":"2020-09-10T10:43:44","slug":"mitgliederversammlung-2020-im-umlaufverfahren-vom-10-07-bis-10-08","status":"publish","type":"post","link":"https:\/\/test.ispas-ev.de\/?p=5552","title":{"rendered":"Mitgliederversammlung 2020 im Umlaufverfahren vom 10.07. bis 10.08."},"content":{"rendered":"<p>Aufgrund der Corona-Verordnung der Landesregierung sind seit dem 16.03.2020 Versammlungen in Vereinen verboten, weshalb wir die Mitgliederversammlung, die f\u00fcr den 26. M\u00e4rz 2020 geplant war, absagen mussten. Laut unserer Satzung sind wir verpflichtet einmal im Jahr eine Mitgliederversammlung durchzuf\u00fchren.<br \/>\nSeit dem 27.03.2020 gibt es das Gesetz zur Abmilderung der Folgen der Covid-19-Pandemie im Zivil-, Insolvenz- und Strafverfahrensrecht, das Vereinen die M\u00f6glichkeit einr\u00e4umt, dass Mitglieder ihre Stimme zu Beschl\u00fcssen schriftlich abgeben k\u00f6nnen, so dass keine Mitgliederversammlung stattfinden muss.<br \/>\nVoraussetzungen f\u00fcr die Wirksamkeit von Beschl\u00fcssen waren, dass<\/p>\n<ul>\n<li>alle Mitglieder beteiligt werden<\/li>\n<li>ein Termin festgesetzt wird, bis zu dem die Stimmabgabe erfolgen soll<\/li>\n<li>bis zu diesem Termin <strong>mindestens die H\u00e4lfte der Mitglieder <\/strong>ihre Stimme <strong>schriftlich <\/strong>(Brief, Fax oder E-Mail) abgeben.<\/li>\n<\/ul>\n<p><span style=\"font-size: 14px; background-color: #ffffff;\">Der Vorstand ISPAS e.V. hatte beschlossen, in diesem Jahr anstelle der Mitgliederversammlung, die Beschlussfassung im Umlaufverfahren vom 10.07., 0 Uhr, bis 10.08. 2020, 0 Uhr, durchzuf\u00fchren.<\/span><\/p>\n<p>Mit einer Wahlbeteiligung von 59,7 % Prozent und den g\u00fcltigen Stimmen wurde die Satzung ge\u00e4ndert und ein neuer Vorstand und erweiterter Vorstand gew\u00e4hlt. Bei der Bewerbung hatten die zur Wahl stehenden Personen, falls sie gew\u00e4hlt werden, im Voraus die Wahl angenommen.<\/p>\n<p><a href=\"https:\/\/www.ispas-ev.de\/?page_id=10\">Satzung<\/a><\/p>\n<p><a href=\"https:\/\/www.ispas-ev.de\/?page_id=1219\">Vorstand<\/a><\/p>\n<p><a href=\"https:\/\/www.ispas-ev.de\/?page_id=1002\">Presseberichte<\/a><\/p>\n","protected":false},"excerpt":{"rendered":"<p>Aufgrund der Corona-Verordnung der Landesregierung sind seit dem 16.03.2020 Versammlungen in Vereinen verboten, weshalb wir die Mitgliederversammlung, die f\u00fcr den 26. M\u00e4rz 2020 geplant war, absagen mussten. Laut unserer Satzung [&hellip;]<\/p>\n","protected":false},"author":16,"featured_media":0,"comment_status":"closed","ping_status":"open","sticky":false,"template":"","format":"standard","meta":{"ngg_post_thumbnail":0},"categories":[1],"tags":[],"_links":{"self":[{"href":"https:\/\/test.ispas-ev.de\/index.php?rest_route=\/wp\/v2\/posts\/5552"}],"collection":[{"href":"https:\/\/test.ispas-ev.de\/index.php?rest_route=\/wp\/v2\/posts"}],"about":[{"href":"https:\/\/test.ispas-ev.de\/index.php?rest_route=\/wp\/v2\/types\/post"}],"author":[{"embeddable":true,"href":"https:\/\/test.ispas-ev.de\/index.php?rest_route=\/wp\/v2\/users\/16"}],"replies":[{"embeddable":true,"href":"https:\/\/test.ispas-ev.de\/index.php?rest_route=%2Fwp%2Fv2%2Fcomments&post=5552"}],"version-history":[{"count":6,"href":"https:\/\/test.ispas-ev.de\/index.php?rest_route=\/wp\/v2\/posts\/5552\/revisions"}],"predecessor-version":[{"id":5573,"href":"https:\/\/test.ispas-ev.de\/index.php?rest_route=\/wp\/v2\/posts\/5552\/revisions\/5573"}],"wp:attachment":[{"href":"https:\/\/test.ispas-ev.de\/index.php?rest_route=%2Fwp%2Fv2%2Fmedia&parent=5552"}],"wp:term":[{"taxonomy":"category","embeddable":true,"href":"https:\/\/test.ispas-ev.de\/index.php?rest_route=%2Fwp%2Fv2%2Fcategories&post=5552"},{"taxonomy":"post_tag","embeddable":true,"href":"https:\/\/test.ispas-ev.de\/index.php?rest_route=%2Fwp%2Fv2%2Ftags&post=5552"}],"curies":[{"name":"wp","href":"https:\/\/api.w.org\/{rel}","templated":true}]}}