{"id":5463,"date":"2020-07-15T15:55:54","date_gmt":"2020-07-15T13:55:54","guid":{"rendered":"https:\/\/www.ispas-ev.de\/?p=5463"},"modified":"2020-07-15T16:04:34","modified_gmt":"2020-07-15T14:04:34","slug":"wahl-des-buergermeisters-bruno-piriou-in-corbeil-essonnes","status":"publish","type":"post","link":"https:\/\/test.ispas-ev.de\/?p=5463","title":{"rendered":"Wahl des B\u00fcrgermeisters Bruno Piriou in Corbeil-Essonnes"},"content":{"rendered":"<p><img decoding=\"async\" loading=\"lazy\" class=\"\" src=\"https:\/\/www.ispas-ev.de\/wp-content\/uploads\/2011\/08\/Corbeil-Wappen-199x100.png\" width=\"125\" height=\"63\" \/><\/p>\n<p>Auch Corbeil-Essonnes hat gew\u00e4hlt. Nach 25 Jahren hat unsere Partnerstadt mit Bruno Piriou wieder einmal einen kommunistischen B\u00fcrgermeister bekommen. Er l\u00f6ste mit 48,5 Prozent der Stimmen in einer Stichwahl den amtierenden konservativen B\u00fcrgermeister Jean-Pierre Bechter ab. Lesen Sie im Anschluss das Gl\u00fcckwunschschreiben unserer Vorsitzenden Brigitte Stegmaier an den neuen Rathauschef.<\/p>\n<p><a href=\"https:\/\/www.ispas-ev.de\/wp-content\/uploads\/2020\/07\/2020-07-14-Neuwahl-B\u00fcrgermeister-Gl\u00fcckwunsch.docx\">2020 07 14 Neuwahl B\u00fcrgermeister Gl\u00fcckwunsch<\/a><\/p>\n","protected":false},"excerpt":{"rendered":"<p>Auch Corbeil-Essonnes hat gew\u00e4hlt. Nach 25 Jahren hat unsere Partnerstadt mit Bruno Piriou wieder einmal einen kommunistischen B\u00fcrgermeister bekommen. Er l\u00f6ste mit 48,5 Prozent der Stimmen in einer Stichwahl den [&hellip;]<\/p>\n","protected":false},"author":16,"featured_media":1045,"comment_status":"closed","ping_status":"open","sticky":false,"template":"","format":"standard","meta":{"ngg_post_thumbnail":0},"categories":[1,25],"tags":[],"_links":{"self":[{"href":"https:\/\/test.ispas-ev.de\/index.php?rest_route=\/wp\/v2\/posts\/5463"}],"collection":[{"href":"https:\/\/test.ispas-ev.de\/index.php?rest_route=\/wp\/v2\/posts"}],"about":[{"href":"https:\/\/test.ispas-ev.de\/index.php?rest_route=\/wp\/v2\/types\/post"}],"author":[{"embeddable":true,"href":"https:\/\/test.ispas-ev.de\/index.php?rest_route=\/wp\/v2\/users\/16"}],"replies":[{"embeddable":true,"href":"https:\/\/test.ispas-ev.de\/index.php?rest_route=%2Fwp%2Fv2%2Fcomments&post=5463"}],"version-history":[{"count":3,"href":"https:\/\/test.ispas-ev.de\/index.php?rest_route=\/wp\/v2\/posts\/5463\/revisions"}],"predecessor-version":[{"id":5472,"href":"https:\/\/test.ispas-ev.de\/index.php?rest_route=\/wp\/v2\/posts\/5463\/revisions\/5472"}],"wp:featuredmedia":[{"embeddable":true,"href":"https:\/\/test.ispas-ev.de\/index.php?rest_route=\/wp\/v2\/media\/1045"}],"wp:attachment":[{"href":"https:\/\/test.ispas-ev.de\/index.php?rest_route=%2Fwp%2Fv2%2Fmedia&parent=5463"}],"wp:term":[{"taxonomy":"category","embeddable":true,"href":"https:\/\/test.ispas-ev.de\/index.php?rest_route=%2Fwp%2Fv2%2Fcategories&post=5463"},{"taxonomy":"post_tag","embeddable":true,"href":"https:\/\/test.ispas-ev.de\/index.php?rest_route=%2Fwp%2Fv2%2Ftags&post=5463"}],"curies":[{"name":"wp","href":"https:\/\/api.w.org\/{rel}","templated":true}]}}