{"id":5442,"date":"2020-05-09T20:40:41","date_gmt":"2020-05-09T18:40:41","guid":{"rendered":"https:\/\/www.ispas-ev.de\/?p=5442"},"modified":"2020-05-09T20:40:41","modified_gmt":"2020-05-09T18:40:41","slug":"singen-fuer-alle-aus-voller-kehle-fuer-die-seele","status":"publish","type":"post","link":"https:\/\/test.ispas-ev.de\/?p=5442","title":{"rendered":"Singen f\u00fcr Alle &#8211; Aus voller Kehle f\u00fcr die Seele"},"content":{"rendered":"<p><strong><a href=\"https:\/\/www.ispas-ev.de\/wp-content\/uploads\/2020\/05\/patrick_dusche_c_veranstalter.jpg\"><img decoding=\"async\" loading=\"lazy\" class=\"alignnone size-full wp-image-5443\" src=\"https:\/\/www.ispas-ev.de\/wp-content\/uploads\/2020\/05\/patrick_dusche_c_veranstalter.jpg\" alt=\"\" width=\"166\" height=\"240\" \/><\/a>Singen f\u00fcr Alle &#8211; Aus v<span style=\"font-size: 14px;\">oller Kehle f\u00fcr die Seele\u201c \u2013 mit Patrick Bopp (F\u00dcENF)\u00a0<\/span><\/strong><\/p>\n<p><b>Anl\u00e4sslich des 40-j\u00e4hrigen Bestehens des Vereins IG Kultur Sindelfingen klinkt sich ISPAS gerne als Kooperationspartner in die virtuelle Veranstaltung \u201eSingen f\u00fcr Alle \u2013 Aus voller Kehle f\u00fcr die Seele\u201c ein und l\u00e4dt ihre Mitglieder und Freunde, deren Familien, Verwandte, Freunde und Bekannte dazu ein mitzumachen, mitzusingen und dadurch\u00a0 mit vielen Menschen, auch in unseren Partnerst\u00e4dten, verbunden zu sein. Viel Freude und Spa\u00df dabei:<br \/>\n<\/b><br \/>\nIG Kultur feiert ihr 40-j\u00e4hriges Bestehen. ONLINE Leider nur virtuell, aber wir sind in Gedanken bei allen Musikern, K\u00fcnstlern und unseren G\u00e4sten. Uns ist es wichtig, Grenzen aufzul\u00f6sen und zusammenzustehen in schwierigen Zeiten! Deshalb laden wir hierzu auch alle Partnerst\u00e4dte zum gemeinsamen Singen ein!<\/p>\n<p><strong>Am Montag, 18. Mai 2020, 18:00 bis 19:00 Uhr, aus dem Fenster, vom Balkon oder im Garten gemeinsam das Lebensmittel Kultur genie\u00dfen? <\/strong>Wir vermissen das Gemeinsame! Gerade in den aktuellen Zeiten denken wir ganz besonders an unsere Freunde in unseren Partnerst\u00e4dten! Als Zeichen hierf\u00fcr haben wir Patrick Bopps (F\u00dcENF) popul\u00e4res \u201einteraktives\u201c Format \u201eSingen f\u00fcr Alle &#8211; Aus voller Kehle f\u00fcr die Seele.\u201c zumindest virtuell eingeladen. Patrick Bopp und Ingo Liedtke als Gastgeber von der IG Kultur werden auf der B\u00fchne der Stadthalle Sindelfingen stehen. Patrick Bopp wird als musikalischer Leiter am Fl\u00fcgel durch das bunt gemischte Programm f\u00fchren. Per Live-Stream und zwar nicht nur in Sindelfingen, sondern auch alle Sindelfinger Partnerst\u00e4dte, Corbeil-Essonnes (Frankreich), Chelm (Polen), Dronfield (Gro\u00dfbritannien), Gy\u00f6r (Ungarn), Schaffhausen (Schweiz), Sondrio (Italien), und Torgau k\u00f6nnen hierbei mitsingen! Begleitet wird das gemeinsame Singen zus\u00e4tzlich mit einem europ\u00e4ischen Austausch im Chat.<\/p>\n<p>Bis Freitag, 14. Mai 2020 k\u00f6nnen Sie Ihre Liedw\u00fcnsche auf der Homepage der IG Kultur Sindelfingen \/ B\u00f6blingen e.V. (www.igkultur.de\/singenfueralle ) einreichen, gerne verbunden mit einer pers\u00f6nlichen Geschichte. Ob Beatles, Abba, Udo Lindenberg, Adriano Celentano oder eben Ihrer Lieblingsliedliteratur \u2013 es ist f\u00fcr jede und jeden etwas dabei!<br \/>\nS\u00e4mtliche Liedtexte werden im Vorfeld zum Ausdruck angeboten oder k\u00f6nnen w\u00e4hrend des Live-Streams direkt mitgelesen werden.<\/p>\n<p>Bitte singen oder spielen Sie allein, mit Familie oder Lebenspartner nur vom Fenster aus, vom Balkon, der Terrasse oder aus dem Garten. Es m\u00fcssen unbedingt die Regelungen zur Kontaktsperre beachtet werden. Weitere Informationen zum Mitmachen und zum Ablauf unter: www.igkultur.de\/singenfueralle<\/p>\n<p>Freuen Sie sich darauf und singen Sie mit!<\/p>\n<p>Feiern Sie 40 Jahre IG Kultur gemeinsam mit Patrick Bopp! Kultur ist ein Lebensmittel!<\/p>\n<p>Link: https:\/\/youtu.be\/jgYVupB1bVg<\/p>\n","protected":false},"excerpt":{"rendered":"<p>Singen f\u00fcr Alle &#8211; Aus voller Kehle f\u00fcr die Seele\u201c \u2013 mit Patrick Bopp (F\u00dcENF)\u00a0 Anl\u00e4sslich des 40-j\u00e4hrigen Bestehens des Vereins IG Kultur Sindelfingen klinkt sich ISPAS gerne als Kooperationspartner [&hellip;]<\/p>\n","protected":false},"author":16,"featured_media":0,"comment_status":"closed","ping_status":"open","sticky":false,"template":"","format":"standard","meta":{"ngg_post_thumbnail":0},"categories":[1],"tags":[],"_links":{"self":[{"href":"https:\/\/test.ispas-ev.de\/index.php?rest_route=\/wp\/v2\/posts\/5442"}],"collection":[{"href":"https:\/\/test.ispas-ev.de\/index.php?rest_route=\/wp\/v2\/posts"}],"about":[{"href":"https:\/\/test.ispas-ev.de\/index.php?rest_route=\/wp\/v2\/types\/post"}],"author":[{"embeddable":true,"href":"https:\/\/test.ispas-ev.de\/index.php?rest_route=\/wp\/v2\/users\/16"}],"replies":[{"embeddable":true,"href":"https:\/\/test.ispas-ev.de\/index.php?rest_route=%2Fwp%2Fv2%2Fcomments&post=5442"}],"version-history":[{"count":3,"href":"https:\/\/test.ispas-ev.de\/index.php?rest_route=\/wp\/v2\/posts\/5442\/revisions"}],"predecessor-version":[{"id":5446,"href":"https:\/\/test.ispas-ev.de\/index.php?rest_route=\/wp\/v2\/posts\/5442\/revisions\/5446"}],"wp:attachment":[{"href":"https:\/\/test.ispas-ev.de\/index.php?rest_route=%2Fwp%2Fv2%2Fmedia&parent=5442"}],"wp:term":[{"taxonomy":"category","embeddable":true,"href":"https:\/\/test.ispas-ev.de\/index.php?rest_route=%2Fwp%2Fv2%2Fcategories&post=5442"},{"taxonomy":"post_tag","embeddable":true,"href":"https:\/\/test.ispas-ev.de\/index.php?rest_route=%2Fwp%2Fv2%2Ftags&post=5442"}],"curies":[{"name":"wp","href":"https:\/\/api.w.org\/{rel}","templated":true}]}}