{"id":5408,"date":"2020-04-20T12:01:33","date_gmt":"2020-04-20T10:01:33","guid":{"rendered":"https:\/\/www.ispas-ev.de\/?p=5408"},"modified":"2020-04-20T12:31:01","modified_gmt":"2020-04-20T10:31:01","slug":"sz-bz-das-corona-virus-in-unseren-partnerstaedten-corbeil-essonnes","status":"publish","type":"post","link":"https:\/\/test.ispas-ev.de\/?p=5408","title":{"rendered":"SZ\/BZ: das Corona-Virus in unseren Partnerst\u00e4dten &#8211; Corbeil-Essonnes"},"content":{"rendered":"<p><img decoding=\"async\" loading=\"lazy\" class=\"attachment-266x266 alignright\" src=\"https:\/\/www.ispas-ev.de\/wp-content\/uploads\/2017\/07\/SZBZLogo_web_400x400-300x300.jpg\" sizes=\"(max-width: 266px) 100vw, 266px\" srcset=\"https:\/\/www.ispas-ev.de\/wp-content\/uploads\/2017\/07\/SZBZLogo_web_400x400-300x300.jpg 300w, https:\/\/www.ispas-ev.de\/wp-content\/uploads\/2017\/07\/SZBZLogo_web_400x400-150x150.jpg 150w, https:\/\/www.ispas-ev.de\/wp-content\/uploads\/2017\/07\/SZBZLogo_web_400x400.jpg 400w\" alt=\"\" width=\"139\" height=\"139\" \/>Peter Bausch l\u00e4sst f\u00fcr Corbeil-Essonnes\u00a0 einen der j\u00fcngsten Stadtr\u00e4te sprechen. Yacine Amer hat schon als Sch\u00fcler Sindelfingen kennengelernt, mehrfach am ISPAS-Projekt Jugend in Aktion und am Stra\u00dfenfest teilgenommen.<\/p>\n<p>&nbsp;<\/p>\n<p><a href=\"https:\/\/www.ispas-ev.de\/wp-content\/uploads\/2020\/04\/2020-04-17_Corbeil-Essonnes-Peter-Bausch.pdf\">2020-04-17_Corbeil-Essonnes Peter Bausch<\/a><\/p>\n","protected":false},"excerpt":{"rendered":"<p>Peter Bausch l\u00e4sst f\u00fcr Corbeil-Essonnes\u00a0 einen der j\u00fcngsten Stadtr\u00e4te sprechen. Yacine Amer hat schon als Sch\u00fcler Sindelfingen kennengelernt, mehrfach am ISPAS-Projekt Jugend in Aktion und am Stra\u00dfenfest teilgenommen. &nbsp; 2020-04-17_Corbeil-Essonnes [&hellip;]<\/p>\n","protected":false},"author":16,"featured_media":3873,"comment_status":"closed","ping_status":"open","sticky":false,"template":"","format":"standard","meta":{"ngg_post_thumbnail":0},"categories":[1,25,41],"tags":[],"_links":{"self":[{"href":"https:\/\/test.ispas-ev.de\/index.php?rest_route=\/wp\/v2\/posts\/5408"}],"collection":[{"href":"https:\/\/test.ispas-ev.de\/index.php?rest_route=\/wp\/v2\/posts"}],"about":[{"href":"https:\/\/test.ispas-ev.de\/index.php?rest_route=\/wp\/v2\/types\/post"}],"author":[{"embeddable":true,"href":"https:\/\/test.ispas-ev.de\/index.php?rest_route=\/wp\/v2\/users\/16"}],"replies":[{"embeddable":true,"href":"https:\/\/test.ispas-ev.de\/index.php?rest_route=%2Fwp%2Fv2%2Fcomments&post=5408"}],"version-history":[{"count":6,"href":"https:\/\/test.ispas-ev.de\/index.php?rest_route=\/wp\/v2\/posts\/5408\/revisions"}],"predecessor-version":[{"id":5414,"href":"https:\/\/test.ispas-ev.de\/index.php?rest_route=\/wp\/v2\/posts\/5408\/revisions\/5414"}],"wp:featuredmedia":[{"embeddable":true,"href":"https:\/\/test.ispas-ev.de\/index.php?rest_route=\/wp\/v2\/media\/3873"}],"wp:attachment":[{"href":"https:\/\/test.ispas-ev.de\/index.php?rest_route=%2Fwp%2Fv2%2Fmedia&parent=5408"}],"wp:term":[{"taxonomy":"category","embeddable":true,"href":"https:\/\/test.ispas-ev.de\/index.php?rest_route=%2Fwp%2Fv2%2Fcategories&post=5408"},{"taxonomy":"post_tag","embeddable":true,"href":"https:\/\/test.ispas-ev.de\/index.php?rest_route=%2Fwp%2Fv2%2Ftags&post=5408"}],"curies":[{"name":"wp","href":"https:\/\/api.w.org\/{rel}","templated":true}]}}