{"id":5316,"date":"2020-04-14T13:42:27","date_gmt":"2020-04-14T11:42:27","guid":{"rendered":"https:\/\/www.ispas-ev.de\/?p=5316"},"modified":"2020-04-20T12:29:00","modified_gmt":"2020-04-20T10:29:00","slug":"sz-bz-das-corona-virus-in-unseren-partnerstaedten-chelm","status":"publish","type":"post","link":"https:\/\/test.ispas-ev.de\/?p=5316","title":{"rendered":"SZ\/BZ. das Corona-Virus in unseren Partnerst\u00e4dten &#8211; Chelm"},"content":{"rendered":"<p><img decoding=\"async\" loading=\"lazy\" class=\"attachment-266x266 alignright\" src=\"https:\/\/www.ispas-ev.de\/wp-content\/uploads\/2017\/07\/SZBZLogo_web_400x400-300x300.jpg\" sizes=\"(max-width: 266px) 100vw, 266px\" srcset=\"https:\/\/www.ispas-ev.de\/wp-content\/uploads\/2017\/07\/SZBZLogo_web_400x400-300x300.jpg 300w, https:\/\/www.ispas-ev.de\/wp-content\/uploads\/2017\/07\/SZBZLogo_web_400x400-150x150.jpg 150w, https:\/\/www.ispas-ev.de\/wp-content\/uploads\/2017\/07\/SZBZLogo_web_400x400.jpg 400w\" alt=\"\" width=\"137\" height=\"137\" \/>\u00dcber das Corona-Virus und seine Auswirkungen auf unsere polnische Partnerstadt berichtet Peter Bausch am Beispiel von Aneta Szostak, die bei der letzten B\u00fcrgerfahrt nach Chelm und beim Stra\u00dfenfest \u00fcbersetzt hat.<\/p>\n<p>&nbsp;<\/p>\n<p><a href=\"https:\/\/www.ispas-ev.de\/wp-content\/uploads\/2020\/04\/2020-04-14_Corona-Chelm-Peter-Bausch.pdf\">2020-04-14_Corona Chelm Peter Bausch<\/a><\/p>\n","protected":false},"excerpt":{"rendered":"<p>\u00dcber das Corona-Virus und seine Auswirkungen auf unsere polnische Partnerstadt berichtet Peter Bausch am Beispiel von Aneta Szostak, die bei der letzten B\u00fcrgerfahrt nach Chelm und beim Stra\u00dfenfest \u00fcbersetzt hat. [&hellip;]<\/p>\n","protected":false},"author":16,"featured_media":3873,"comment_status":"closed","ping_status":"open","sticky":false,"template":"","format":"standard","meta":{"ngg_post_thumbnail":0},"categories":[1,23,41],"tags":[],"_links":{"self":[{"href":"https:\/\/test.ispas-ev.de\/index.php?rest_route=\/wp\/v2\/posts\/5316"}],"collection":[{"href":"https:\/\/test.ispas-ev.de\/index.php?rest_route=\/wp\/v2\/posts"}],"about":[{"href":"https:\/\/test.ispas-ev.de\/index.php?rest_route=\/wp\/v2\/types\/post"}],"author":[{"embeddable":true,"href":"https:\/\/test.ispas-ev.de\/index.php?rest_route=\/wp\/v2\/users\/16"}],"replies":[{"embeddable":true,"href":"https:\/\/test.ispas-ev.de\/index.php?rest_route=%2Fwp%2Fv2%2Fcomments&post=5316"}],"version-history":[{"count":2,"href":"https:\/\/test.ispas-ev.de\/index.php?rest_route=\/wp\/v2\/posts\/5316\/revisions"}],"predecessor-version":[{"id":5424,"href":"https:\/\/test.ispas-ev.de\/index.php?rest_route=\/wp\/v2\/posts\/5316\/revisions\/5424"}],"wp:featuredmedia":[{"embeddable":true,"href":"https:\/\/test.ispas-ev.de\/index.php?rest_route=\/wp\/v2\/media\/3873"}],"wp:attachment":[{"href":"https:\/\/test.ispas-ev.de\/index.php?rest_route=%2Fwp%2Fv2%2Fmedia&parent=5316"}],"wp:term":[{"taxonomy":"category","embeddable":true,"href":"https:\/\/test.ispas-ev.de\/index.php?rest_route=%2Fwp%2Fv2%2Fcategories&post=5316"},{"taxonomy":"post_tag","embeddable":true,"href":"https:\/\/test.ispas-ev.de\/index.php?rest_route=%2Fwp%2Fv2%2Ftags&post=5316"}],"curies":[{"name":"wp","href":"https:\/\/api.w.org\/{rel}","templated":true}]}}