{"id":5263,"date":"2020-04-08T12:51:15","date_gmt":"2020-04-08T10:51:15","guid":{"rendered":"https:\/\/www.ispas-ev.de\/?p=5263"},"modified":"2020-04-10T13:21:18","modified_gmt":"2020-04-10T11:21:18","slug":"ostergruss-der-vorsitzenden","status":"publish","type":"post","link":"https:\/\/test.ispas-ev.de\/?p=5263","title":{"rendered":"Ostergru\u00df der Vorsitzenden"},"content":{"rendered":"<p><a href=\"https:\/\/www.ispas-ev.de\/wp-content\/uploads\/2020\/04\/Osterbild-1.jpg\"><img decoding=\"async\" loading=\"lazy\" class=\"attachment-266x266 size-266x266 alignright\" src=\"https:\/\/www.ispas-ev.de\/wp-content\/uploads\/2016\/09\/brigitte.jpg\" alt=\"\" width=\"178\" height=\"266\" \/><img decoding=\"async\" loading=\"lazy\" class=\"size-medium wp-image-5265 aligncenter\" src=\"https:\/\/www.ispas-ev.de\/wp-content\/uploads\/2020\/04\/Osterbild-1-300x249.jpg\" alt=\"\" width=\"300\" height=\"249\" srcset=\"https:\/\/test.ispas-ev.de\/wp-content\/uploads\/2020\/04\/Osterbild-1-300x249.jpg 300w, https:\/\/test.ispas-ev.de\/wp-content\/uploads\/2020\/04\/Osterbild-1.jpg 403w\" sizes=\"(max-width: 300px) 100vw, 300px\" \/><\/a><\/p>\n<p>Liebe Mitglieder, Freunde und Freundinnen unseres Vereins,<\/p>\n<p>sehr geehrte Damen und Herren!<\/p>\n<p>Ihnen allen w\u00fcnsche ich frohe Ostern! Auch wenn in diesem Jahr vielleicht Etliches anders sein wird als in den Vorjahren, wenn kein Familienbesuch kommen wird, die Enkelkinder keine Osternester bei Ihnen in Garten oder Wohnung suchen k\u00f6nnen, so ist es trotzdem Ostern. Genie\u00dfen Sie die Ostertage, machen Sie es sich gem\u00fctlich und bleiben Sie zuversichtlich, dass unser Land recht bald wieder in die Normalit\u00e4t starten kann. Ich denke, darauf freuen wir uns alle.<br \/>\nFreuen Sie sich am Fr\u00fchling, an den sch\u00f6nen Blumen, am Vogelgezwitscher und an vielen bunten Ostereiern.<\/p>\n<p>Viele Gr\u00fc\u00dfe<\/p>\n<p>Brigitte Stegmaier, Vorsitzende<\/p>\n<p><a href=\"https:\/\/www.ispas-ev.de\/wp-content\/uploads\/2020\/04\/Osterbild-2.jpg\"><img decoding=\"async\" loading=\"lazy\" class=\"size-medium wp-image-5266 aligncenter\" src=\"https:\/\/www.ispas-ev.de\/wp-content\/uploads\/2020\/04\/Osterbild-2-300x188.jpg\" alt=\"\" width=\"300\" height=\"188\" srcset=\"https:\/\/test.ispas-ev.de\/wp-content\/uploads\/2020\/04\/Osterbild-2-300x188.jpg 300w, https:\/\/test.ispas-ev.de\/wp-content\/uploads\/2020\/04\/Osterbild-2.jpg 667w\" sizes=\"(max-width: 300px) 100vw, 300px\" \/><\/a><\/p>\n","protected":false},"excerpt":{"rendered":"<p>Liebe Mitglieder, Freunde und Freundinnen unseres Vereins, sehr geehrte Damen und Herren! Ihnen allen w\u00fcnsche ich frohe Ostern! Auch wenn in diesem Jahr vielleicht Etliches anders sein wird als in [&hellip;]<\/p>\n","protected":false},"author":16,"featured_media":3481,"comment_status":"closed","ping_status":"open","sticky":false,"template":"","format":"standard","meta":{"ngg_post_thumbnail":0},"categories":[1],"tags":[],"_links":{"self":[{"href":"https:\/\/test.ispas-ev.de\/index.php?rest_route=\/wp\/v2\/posts\/5263"}],"collection":[{"href":"https:\/\/test.ispas-ev.de\/index.php?rest_route=\/wp\/v2\/posts"}],"about":[{"href":"https:\/\/test.ispas-ev.de\/index.php?rest_route=\/wp\/v2\/types\/post"}],"author":[{"embeddable":true,"href":"https:\/\/test.ispas-ev.de\/index.php?rest_route=\/wp\/v2\/users\/16"}],"replies":[{"embeddable":true,"href":"https:\/\/test.ispas-ev.de\/index.php?rest_route=%2Fwp%2Fv2%2Fcomments&post=5263"}],"version-history":[{"count":4,"href":"https:\/\/test.ispas-ev.de\/index.php?rest_route=\/wp\/v2\/posts\/5263\/revisions"}],"predecessor-version":[{"id":5274,"href":"https:\/\/test.ispas-ev.de\/index.php?rest_route=\/wp\/v2\/posts\/5263\/revisions\/5274"}],"wp:featuredmedia":[{"embeddable":true,"href":"https:\/\/test.ispas-ev.de\/index.php?rest_route=\/wp\/v2\/media\/3481"}],"wp:attachment":[{"href":"https:\/\/test.ispas-ev.de\/index.php?rest_route=%2Fwp%2Fv2%2Fmedia&parent=5263"}],"wp:term":[{"taxonomy":"category","embeddable":true,"href":"https:\/\/test.ispas-ev.de\/index.php?rest_route=%2Fwp%2Fv2%2Fcategories&post=5263"},{"taxonomy":"post_tag","embeddable":true,"href":"https:\/\/test.ispas-ev.de\/index.php?rest_route=%2Fwp%2Fv2%2Ftags&post=5263"}],"curies":[{"name":"wp","href":"https:\/\/api.w.org\/{rel}","templated":true}]}}