{"id":5254,"date":"2020-04-08T11:48:07","date_gmt":"2020-04-08T09:48:07","guid":{"rendered":"https:\/\/www.ispas-ev.de\/?p=5254"},"modified":"2022-07-08T16:57:02","modified_gmt":"2022-07-08T14:57:02","slug":"aftermovie-zu-jugend-in-aktion-2020","status":"publish","type":"post","link":"https:\/\/test.ispas-ev.de\/?p=5254","title":{"rendered":"Aftermovie zu Jugend in Aktion 2020"},"content":{"rendered":"<div dir=\"ltr\" data-setdir=\"false\">\n<div>\n<div dir=\"ltr\" data-setdir=\"false\"><i><span style=\"font-size: medium;\">Interessi<img decoding=\"async\" loading=\"lazy\" class=\"attachment-266x266 size-266x266 alignright\" src=\"https:\/\/www.ispas-ev.de\/wp-content\/uploads\/2017\/11\/Jugend_fuer_Europa-Erasmus_Logo.png\" sizes=\"(max-width: 250px) 100vw, 250px\" srcset=\"https:\/\/www.ispas-ev.de\/wp-content\/uploads\/2017\/11\/Jugend_fuer_Europa-Erasmus_Logo.png 250w, https:\/\/www.ispas-ev.de\/wp-content\/uploads\/2017\/11\/Jugend_fuer_Europa-Erasmus_Logo-150x150.png 150w\" alt=\"\" width=\"250\" height=\"250\">erte am ISPAS-Projekt Jugend in Aktion 2020 k\u00f6nnen jetzt auch einen Film \u00fcber die Veranstlatung anschauen. Simone Becker schreibt, dass man au\u00dfer \u00fcber den nachfolgenden Link den Film \u00fcber zahlreiche Stichworte in YouTube finden kann, wie z. Bsp. \u00fcber &#8222;Last Exit&#8220;, &#8222;Jugendbegegnung&#8220;, &#8222;Sindelfingen&#8220; &#8230;<\/span><\/i><\/div>\n<\/div>\n<\/div>\n<div dir=\"ltr\" data-setdir=\"false\"><span style=\"font-size: medium;\"><i><br \/>\nGanz herzlichen Dank an Ercag, der mit diesem Aftermovie die Jugendbegegnung so cool und modern pr\u00e4sentiert.&nbsp;<\/i><\/span><\/div>\n<div dir=\"ltr\" data-setdir=\"false\">&nbsp;<\/div>\n<div dir=\"ltr\" data-setdir=\"false\"><iframe loading=\"lazy\" src=\"\/\/www.youtube.com\/embed\/gtzDw_KSP1w\" allowfullscreen=\"allowfullscreen\" width=\"560\" height=\"314\"><\/iframe><\/div>\n<div dir=\"ltr\" data-setdir=\"false\">&nbsp;<\/div>\n","protected":false},"excerpt":{"rendered":"<p>Interessierte am ISPAS-Projekt Jugend in Aktion 2020 k\u00f6nnen jetzt auch einen Film \u00fcber die Veranstlatung anschauen. Simone Becker schreibt, dass man au\u00dfer \u00fcber den nachfolgenden Link den Film \u00fcber zahlreiche [&hellip;]<\/p>\n","protected":false},"author":16,"featured_media":4022,"comment_status":"closed","ping_status":"open","sticky":false,"template":"","format":"standard","meta":{"ngg_post_thumbnail":0},"categories":[1,26,47],"tags":[],"_links":{"self":[{"href":"https:\/\/test.ispas-ev.de\/index.php?rest_route=\/wp\/v2\/posts\/5254"}],"collection":[{"href":"https:\/\/test.ispas-ev.de\/index.php?rest_route=\/wp\/v2\/posts"}],"about":[{"href":"https:\/\/test.ispas-ev.de\/index.php?rest_route=\/wp\/v2\/types\/post"}],"author":[{"embeddable":true,"href":"https:\/\/test.ispas-ev.de\/index.php?rest_route=\/wp\/v2\/users\/16"}],"replies":[{"embeddable":true,"href":"https:\/\/test.ispas-ev.de\/index.php?rest_route=%2Fwp%2Fv2%2Fcomments&post=5254"}],"version-history":[{"count":7,"href":"https:\/\/test.ispas-ev.de\/index.php?rest_route=\/wp\/v2\/posts\/5254\/revisions"}],"predecessor-version":[{"id":6380,"href":"https:\/\/test.ispas-ev.de\/index.php?rest_route=\/wp\/v2\/posts\/5254\/revisions\/6380"}],"wp:featuredmedia":[{"embeddable":true,"href":"https:\/\/test.ispas-ev.de\/index.php?rest_route=\/wp\/v2\/media\/4022"}],"wp:attachment":[{"href":"https:\/\/test.ispas-ev.de\/index.php?rest_route=%2Fwp%2Fv2%2Fmedia&parent=5254"}],"wp:term":[{"taxonomy":"category","embeddable":true,"href":"https:\/\/test.ispas-ev.de\/index.php?rest_route=%2Fwp%2Fv2%2Fcategories&post=5254"},{"taxonomy":"post_tag","embeddable":true,"href":"https:\/\/test.ispas-ev.de\/index.php?rest_route=%2Fwp%2Fv2%2Ftags&post=5254"}],"curies":[{"name":"wp","href":"https:\/\/api.w.org\/{rel}","templated":true}]}}