{"id":5170,"date":"2020-01-14T14:09:56","date_gmt":"2020-01-14T13:09:56","guid":{"rendered":"https:\/\/www.ispas-ev.de\/?p=5170"},"modified":"2020-04-10T13:19:26","modified_gmt":"2020-04-10T11:19:26","slug":"jugend-in-aktion-erasmus-2020","status":"publish","type":"post","link":"https:\/\/test.ispas-ev.de\/?p=5170","title":{"rendered":"Jugend in Aktion &#8211; Erasmus+ 2020"},"content":{"rendered":"<p><img decoding=\"async\" src=\"https:\/\/www.ispas-ev.de\/wp-content\/uploads\/2017\/11\/Jugend_fuer_Europa-Erasmus_Logo-150x150.png\" alt=\"\u201eZur\u00fcck in die Zukunft \u2013 Back to the future\u201c\" \/><\/p>\n<p><strong>\u201eLast Exit\u201c \u2013 Mein Job, dein Job \u2013 In was f\u00fcr einer Gesellschaft m\u00f6chtest du leben?<\/strong><\/p>\n<p>Dies ist das Thema der europ\u00e4ischen Jugendbegegnung 2020, die in der Zeit vom 10. bis 17. Februar in Sindelfingen stattfindet. \u00d6ffentliche Auff\u00fchrungen der Jugendlichen am Sonntag, 16. Februar um 19 Uhr und am Montag, 17. Februar um 18 Uhr im Jugendhaus \u201eDas S\u00fcd\u201c in der Schwertstra\u00dfe 11\/1 in Sindelfingen.<\/p>\n<p>Der Verein \u201eInitiative St\u00e4dtepartnerschaften Sindelfingen e.V. (ISPAS) freut sich sehr, dass zum neunten Mal Gelder der EU \u00fcber das europ\u00e4ische F\u00f6rderprogramm \u00abErasmus+ Jugend in Aktion\u00bb genehmigt wurden, um ein gro\u00dfes, partnerschaftliches Jugendprojekt durchzuf\u00fchren. Der recht umfangreiche Antrag an die EU mit sehr vielen Vorgaben wurde von unserem Mitglied Simone Becker erarbeitet. Unterst\u00fctzt wurde sie dabei von Claus Lehners. Das interessante Thema wird innerhalb weniger Tage von den teilnehmenden Jugendlichen aus Deutschland, England, Frankreich, Italien, Polen und Ungarn erarbeitet und in einer Theater-Performance\u00a0 aufgef\u00fchrt. Die Dozentinnen, langj\u00e4hrige Mitwirkende der Jugendprojekte des Vereins ISPAS, Annette von der M\u00fclbe und Anke Marx konnten auch f\u00fcr das diesj\u00e4hrige Projekt gewonnen werden.<\/p>\n<p>Insgesamt nehmen 35 Jugendliche an diesem EU-Projekt teil. Alle treffen sich erstmals am Montag, 10. Februar. Nach Begr\u00fc\u00dfung durch Vertreter des Vereins und der Stadt Sindelfingen f\u00e4hrt die ganze Gruppe in die N\u00e4he von Balingen in das Haus der Volkskunst. Dort gibt es dann w\u00e4hrend zwei Tagen eine intensive Zusammenarbeit mit den beiden Theaterp\u00e4dagoginnen.\u00a0 Ein H\u00f6hepunkt f\u00fcr die ganze Gruppe mit allen Begleitlehrerpersonen wird\u00a0 am Donnerstag, 13. Februar stattfinden. Es geht nach Stra\u00dfburg, um die EU-Stadt kennenzulernen und einen Bezug zur Arbeit der EU zu bekommen. Diese Fahrt wird von der Stadt Sindelfingen, Abteilung Internationale Beziehungen, Schwerpunkt \u201eEUROPA\u201c organisiert.<\/p>\n<p>Die meiste Zeit jedoch wird streng f\u00fcr das EU-Projekt gearbeitet. Der Workshop und die Proben finden ab 14. Februar im Jugendhaus \u201eDas S\u00fcd\u201c statt. Dorthin wird dann auch herzlich zu den beiden Auff\u00fchrungen am Sonntag, 16. Februar um 18 Uhr und am Montag, 17. Februar um 19 Uhr, eingeladen. <strong>\u201eLast Exit\u201c \u2013 Mein Job, dein Job \u2013 In was f\u00fcr einer Gesellschaft m\u00f6chtest du leben? <\/strong>Was die Jugendlichen durch ihre Gedanken und Ideen zusammen mit ihren Dozentinnen erarbeiten \u2013 darauf kann man nur gespannt sein &#8211; aber es wird bestimmt ein einschneidendes Erlebnis f\u00fcr die Besucherinnen und Besucher werden. In Zeiten des Brexit ist die Antwort auf die Frage, was Europa f\u00fcr uns bedeutet, was der Alltag mit der EU zu tun hat, kein blo\u00dfes Gedankenexperiment. Sie wird zu einem konkreten Bestandteil des Selbstverst\u00e4ndnisses und der Pl\u00e4ne junger Menschen. F\u00fcr den sp\u00e4teren Beruf ist es heutzutage eine Voraussetzung, mehr als eine Sprache zu sprechen. Jedoch ist das f\u00fcr die meisten Sch\u00fcler kein Problem, da die Abschl\u00fcsse angepasst werden und die\u00a0 jungen Leute die M\u00f6glichkeit haben, an Austauschprogrammen teilzunehmen, sich europaweit ausbilden zu lassen und zu studieren. Organisationen wie Erasmus und Praktikawelten sind darauf spezialisiert, dass Sch\u00fcler europaweit Praktika absolvieren k\u00f6nnen, um Einblicke in andere Arbeitsstile und andere Mentalit\u00e4ten zu bekommen. Diese werden oft durch Stipendien oder den Staat voll- oder teilfinanziert. Auch das ist nicht selbstverst\u00e4ndlich. \u201eLast Exit\u201c \u2013 mein Job, dein Job \u2013 in was f\u00fcr einer Gesellschaft m\u00f6chtest du leben? Finden die Jugendlichen darauf eine Antwort? Aber sie wagen den ersten Schritt, sie lernen durch das Zusammentreffen verschiedener Nationen Europa besser kennen.<\/p>\n<p>Kommen Sie zu den Vorstellungen ins Jugendhaus \u201eDas S\u00fcd\u201c, Schwertstra\u00dfe 11\/1, Sindelfingen.\u00a0 Der Eintritt ist frei, um Spenden am Schluss der Vorstellungen wird gebeten.<\/p>\n<p>&nbsp;<\/p>\n","protected":false},"excerpt":{"rendered":"<p>\u201eLast Exit\u201c \u2013 Mein Job, dein Job \u2013 In was f\u00fcr einer Gesellschaft m\u00f6chtest du leben? Dies ist das Thema der europ\u00e4ischen Jugendbegegnung 2020, die in der Zeit vom 10. [&hellip;]<\/p>\n","protected":false},"author":16,"featured_media":4022,"comment_status":"closed","ping_status":"open","sticky":false,"template":"","format":"standard","meta":{"ngg_post_thumbnail":0},"categories":[1,45,26],"tags":[],"_links":{"self":[{"href":"https:\/\/test.ispas-ev.de\/index.php?rest_route=\/wp\/v2\/posts\/5170"}],"collection":[{"href":"https:\/\/test.ispas-ev.de\/index.php?rest_route=\/wp\/v2\/posts"}],"about":[{"href":"https:\/\/test.ispas-ev.de\/index.php?rest_route=\/wp\/v2\/types\/post"}],"author":[{"embeddable":true,"href":"https:\/\/test.ispas-ev.de\/index.php?rest_route=\/wp\/v2\/users\/16"}],"replies":[{"embeddable":true,"href":"https:\/\/test.ispas-ev.de\/index.php?rest_route=%2Fwp%2Fv2%2Fcomments&post=5170"}],"version-history":[{"count":15,"href":"https:\/\/test.ispas-ev.de\/index.php?rest_route=\/wp\/v2\/posts\/5170\/revisions"}],"predecessor-version":[{"id":5272,"href":"https:\/\/test.ispas-ev.de\/index.php?rest_route=\/wp\/v2\/posts\/5170\/revisions\/5272"}],"wp:featuredmedia":[{"embeddable":true,"href":"https:\/\/test.ispas-ev.de\/index.php?rest_route=\/wp\/v2\/media\/4022"}],"wp:attachment":[{"href":"https:\/\/test.ispas-ev.de\/index.php?rest_route=%2Fwp%2Fv2%2Fmedia&parent=5170"}],"wp:term":[{"taxonomy":"category","embeddable":true,"href":"https:\/\/test.ispas-ev.de\/index.php?rest_route=%2Fwp%2Fv2%2Fcategories&post=5170"},{"taxonomy":"post_tag","embeddable":true,"href":"https:\/\/test.ispas-ev.de\/index.php?rest_route=%2Fwp%2Fv2%2Ftags&post=5170"}],"curies":[{"name":"wp","href":"https:\/\/api.w.org\/{rel}","templated":true}]}}