{"id":5158,"date":"2020-01-02T19:21:59","date_gmt":"2020-01-02T18:21:59","guid":{"rendered":"https:\/\/www.ispas-ev.de\/?p=5158"},"modified":"2020-01-02T20:00:54","modified_gmt":"2020-01-02T19:00:54","slug":"weihnachtsgruss-der-vorsitzenden","status":"publish","type":"post","link":"https:\/\/test.ispas-ev.de\/?p=5158","title":{"rendered":"Weihnachtsgru\u00df der Vorsitzenden"},"content":{"rendered":"<p><strong>&#8222;M\u00f6gest du dankbar allezeit bewahren<\/strong><img decoding=\"async\" loading=\"lazy\" class=\"attachment-266x266 alignright\" style=\"background-color: #ffffff; font-size: 14px;\" src=\"https:\/\/www.ispas-ev.de\/wp-content\/uploads\/2016\/09\/brigitte.jpg\" alt=\"\" width=\"143\" height=\"214\" \/><\/p>\n<p><strong>in deinem Herzen<\/strong><\/p>\n<p><strong style=\"font-size: 14px;\">die kostbare Erinnerung an die guten<\/strong><\/p>\n<p><strong>Dinge in deinem Leben.&#8220;<\/strong><\/p>\n<p><strong>\u00a0<\/strong><\/p>\n<p>Liebe Mitglieder und Freunde unseres Vereins,<br \/>\nsehr geehrte Damen und Herren<\/p>\n<p>Mit diesem Weihnachtsgru\u00df w\u00fcnsche ich Ihnen ein frohes, gesegnetes Weihnachtsfest und f\u00fcr das neue Jahr 2020 einen guten Start, Gesundheit und Wohlergehen.<\/p>\n<p>Wie schnell doch so ein Jahr vergeht \u2013 wie schnell ist all das Vergangenheit, wor\u00fcber wir uns in den zw\u00f6lf Monaten gefreut haben, Ziele, die von uns gesetzt wurden, Pl\u00e4ne die wir geschmiedet haben. Sicherlich war nicht immer alles so, wie wir es uns gew\u00fcnscht h\u00e4tten, aber im R\u00fcckblick gesehen war es doch ein gutes Jahr f\u00fcr unseren Verein und, so hoffe ich, auch f\u00fcr Sie. Oftmals m\u00fcssen R\u00fcckschl\u00e4ge durch Krankheit und Todesf\u00e4lle hingenommen werden. Dazu w\u00fcnsche ich die n\u00f6tige Kraft und das richtige Verst\u00e4ndnis.<\/p>\n<p>Unser Partnerschaftsverein kann am 14. November 2020 sein 25-j\u00e4hriges Bestehen feiern. Wir planen zu diesem Jubil\u00e4um eine Jubil\u00e4umsveranstaltung mit Ihnen und G\u00e4sten aus den Partnerst\u00e4dten. Merken Sie sich doch diesen Termin schon heute fest vor. Auch haben wir f\u00fcr Februar 2020 wied<span style=\"font-size: 14px;\">er ein Projekt \u201eJugend in Aktion\u201c bei der EU beantragt. Doch leider haben wir bis heute weder eine Zu- \u00a0noch Absage erhalten. Wir sind gespannt darauf, wie es ausgeht. Im September findet die B\u00fcrgerfahrt nach Dronfield statt. Informationen dar\u00fcber werden im Januar ver\u00f6ffentlicht. Dann werden Sie rechtzeitig zur Jahreshauptversammlung im M\u00e4rz 2020 eingeladen. Der Vorstand und die Sprecherinnen und Sprecher f\u00fcr die Partnerst\u00e4dte m\u00fcssen neu gew\u00e4hlt werden. \u00dcber Ihre zahlreiche Teilnahme freue ich mich. Ja, und dann ist wie immer im Juni das traditionelle Stra\u00dfenfest, ein f\u00fcr unseren Verein gro\u00dfer Event.<\/span><\/p>\n<p>Sie sehen, auch im neuen Jahr geht unsere Vereinsarbeit weiter. Es gibt wieder viel zu tun. Danke sage ich f\u00fcr Ihre Unterst\u00fctzung und Ihren Einsatz f\u00fcr unseren Verein. Danke sage ich aber auch an die Stadt Sindelfingen, Herrn Oberb\u00fcrgermeister Dr. V\u00f6hringer, Herrn Stein, Frau Paul und Herrn Zecha f\u00fcr die gute und zuverl\u00e4ssige Zusammenarbeit und f\u00fcr das stets offene Ohr.<\/p>\n<p>Herzliche Gr\u00fc\u00dfe und friedvolle Festtage<\/p>\n<p>Brigitte Stegmaier<\/p>\n","protected":false},"excerpt":{"rendered":"<p>&#8222;M\u00f6gest du dankbar allezeit bewahren in deinem Herzen die kostbare Erinnerung an die guten Dinge in deinem Leben.&#8220; \u00a0 Liebe Mitglieder und Freunde unseres Vereins, sehr geehrte Damen und Herren [&hellip;]<\/p>\n","protected":false},"author":16,"featured_media":3481,"comment_status":"closed","ping_status":"open","sticky":false,"template":"","format":"standard","meta":{"ngg_post_thumbnail":0},"categories":[57,1],"tags":[],"_links":{"self":[{"href":"https:\/\/test.ispas-ev.de\/index.php?rest_route=\/wp\/v2\/posts\/5158"}],"collection":[{"href":"https:\/\/test.ispas-ev.de\/index.php?rest_route=\/wp\/v2\/posts"}],"about":[{"href":"https:\/\/test.ispas-ev.de\/index.php?rest_route=\/wp\/v2\/types\/post"}],"author":[{"embeddable":true,"href":"https:\/\/test.ispas-ev.de\/index.php?rest_route=\/wp\/v2\/users\/16"}],"replies":[{"embeddable":true,"href":"https:\/\/test.ispas-ev.de\/index.php?rest_route=%2Fwp%2Fv2%2Fcomments&post=5158"}],"version-history":[{"count":5,"href":"https:\/\/test.ispas-ev.de\/index.php?rest_route=\/wp\/v2\/posts\/5158\/revisions"}],"predecessor-version":[{"id":5165,"href":"https:\/\/test.ispas-ev.de\/index.php?rest_route=\/wp\/v2\/posts\/5158\/revisions\/5165"}],"wp:featuredmedia":[{"embeddable":true,"href":"https:\/\/test.ispas-ev.de\/index.php?rest_route=\/wp\/v2\/media\/3481"}],"wp:attachment":[{"href":"https:\/\/test.ispas-ev.de\/index.php?rest_route=%2Fwp%2Fv2%2Fmedia&parent=5158"}],"wp:term":[{"taxonomy":"category","embeddable":true,"href":"https:\/\/test.ispas-ev.de\/index.php?rest_route=%2Fwp%2Fv2%2Fcategories&post=5158"},{"taxonomy":"post_tag","embeddable":true,"href":"https:\/\/test.ispas-ev.de\/index.php?rest_route=%2Fwp%2Fv2%2Ftags&post=5158"}],"curies":[{"name":"wp","href":"https:\/\/api.w.org\/{rel}","templated":true}]}}