{"id":5026,"date":"2019-11-22T12:26:58","date_gmt":"2019-11-22T11:26:58","guid":{"rendered":"https:\/\/www.ispas-ev.de\/?p=5026"},"modified":"2019-11-22T12:42:32","modified_gmt":"2019-11-22T11:42:32","slug":"neubuergertreffen-der-stadt-am-20-11-2019","status":"publish","type":"post","link":"https:\/\/test.ispas-ev.de\/?p=5026","title":{"rendered":"Neub\u00fcrgertreffen der Stadt am 20.11.2019"},"content":{"rendered":"<p><a href=\"https:\/\/www.ispas-ev.de\/wp-content\/uploads\/2019\/11\/20191120_170233-scaled.jpg\"><img decoding=\"async\" loading=\"lazy\" class=\"alignnone size-medium wp-image-5025\" src=\"https:\/\/www.ispas-ev.de\/wp-content\/uploads\/2019\/11\/20191120_170233-225x300.jpg\" alt=\"\" width=\"225\" height=\"300\" srcset=\"https:\/\/test.ispas-ev.de\/wp-content\/uploads\/2019\/11\/20191120_170233-225x300.jpg 225w, https:\/\/test.ispas-ev.de\/wp-content\/uploads\/2019\/11\/20191120_170233-768x1024.jpg 768w, https:\/\/test.ispas-ev.de\/wp-content\/uploads\/2019\/11\/20191120_170233-1152x1536.jpg 1152w, https:\/\/test.ispas-ev.de\/wp-content\/uploads\/2019\/11\/20191120_170233-1536x2048.jpg 1536w, https:\/\/test.ispas-ev.de\/wp-content\/uploads\/2019\/11\/20191120_170233-scaled.jpg 1920w\" sizes=\"(max-width: 225px) 100vw, 225px\" \/><\/a><\/p>\n<p>Die Stadt Sindelfingen hat<span style=\"font-size: 14px;\">te f\u00fcr Mittwoch, 20.11.19, um 17.30 allen neu zugezogenen B\u00fcrgern eine Einladung zum Neub\u00fcrgertreffen zukommen lassen, um die st\u00e4dtischen Institutionen und die ehrenamtlichen Vereine im Foyer der Stadt kennen zu lernen. Auch unser Verein hat sich dort mit einem Stand pr\u00e4sentiert.<br \/>\n<\/span>Ursula Steinh\u00fcbl, Brigitte Stegmaier und Italia Graziano Frazzetta (von li. nach re.) und Wolfgang Trefz <span style=\"background-color: #ffffff; font-size: 14px;\">h<\/span><span style=\"font-size: 14px;\">aben ISPAS vertreten.<\/span><\/p>\n<p><img decoding=\"async\" loading=\"lazy\" class=\"attachment-266x266 size-266x266\" src=\"https:\/\/www.ispas-ev.de\/wp-content\/uploads\/2019\/11\/20191120_170319-300x300.jpg\" sizes=\"(max-width: 266px) 100vw, 266px\" srcset=\"https:\/\/www.ispas-ev.de\/wp-content\/uploads\/2019\/11\/20191120_170319-300x300.jpg 300w, https:\/\/www.ispas-ev.de\/wp-content\/uploads\/2019\/11\/20191120_170319-150x150.jpg 150w, https:\/\/www.ispas-ev.de\/wp-content\/uploads\/2019\/11\/20191120_170319-24x24.jpg 24w, https:\/\/www.ispas-ev.de\/wp-content\/uploads\/2019\/11\/20191120_170319-48x48.jpg 48w, https:\/\/www.ispas-ev.de\/wp-content\/uploads\/2019\/11\/20191120_170319-96x96.jpg 96w\" alt=\"\" width=\"266\" height=\"266\" \/><\/p>\n<p><img decoding=\"async\" loading=\"lazy\" class=\"attachment-266x266 size-266x266\" src=\"https:\/\/www.ispas-ev.de\/wp-content\/uploads\/2019\/11\/20191120_170412-300x300.jpg\" sizes=\"(max-width: 266px) 100vw, 266px\" srcset=\"https:\/\/www.ispas-ev.de\/wp-content\/uploads\/2019\/11\/20191120_170412-300x300.jpg 300w, https:\/\/www.ispas-ev.de\/wp-content\/uploads\/2019\/11\/20191120_170412-150x150.jpg 150w, https:\/\/www.ispas-ev.de\/wp-content\/uploads\/2019\/11\/20191120_170412-24x24.jpg 24w, https:\/\/www.ispas-ev.de\/wp-content\/uploads\/2019\/11\/20191120_170412-48x48.jpg 48w, https:\/\/www.ispas-ev.de\/wp-content\/uploads\/2019\/11\/20191120_170412-96x96.jpg 96w\" alt=\"\" width=\"266\" height=\"266\" \/><\/p>\n<p>&nbsp;<\/p>\n","protected":false},"excerpt":{"rendered":"<p>Die Stadt Sindelfingen hatte f\u00fcr Mittwoch, 20.11.19, um 17.30 allen neu zugezogenen B\u00fcrgern eine Einladung zum Neub\u00fcrgertreffen zukommen lassen, um die st\u00e4dtischen Institutionen und die ehrenamtlichen Vereine im Foyer der [&hellip;]<\/p>\n","protected":false},"author":16,"featured_media":0,"comment_status":"closed","ping_status":"closed","sticky":false,"template":"","format":"standard","meta":{"ngg_post_thumbnail":0},"categories":[1,31],"tags":[],"_links":{"self":[{"href":"https:\/\/test.ispas-ev.de\/index.php?rest_route=\/wp\/v2\/posts\/5026"}],"collection":[{"href":"https:\/\/test.ispas-ev.de\/index.php?rest_route=\/wp\/v2\/posts"}],"about":[{"href":"https:\/\/test.ispas-ev.de\/index.php?rest_route=\/wp\/v2\/types\/post"}],"author":[{"embeddable":true,"href":"https:\/\/test.ispas-ev.de\/index.php?rest_route=\/wp\/v2\/users\/16"}],"replies":[{"embeddable":true,"href":"https:\/\/test.ispas-ev.de\/index.php?rest_route=%2Fwp%2Fv2%2Fcomments&post=5026"}],"version-history":[{"count":5,"href":"https:\/\/test.ispas-ev.de\/index.php?rest_route=\/wp\/v2\/posts\/5026\/revisions"}],"predecessor-version":[{"id":5033,"href":"https:\/\/test.ispas-ev.de\/index.php?rest_route=\/wp\/v2\/posts\/5026\/revisions\/5033"}],"wp:attachment":[{"href":"https:\/\/test.ispas-ev.de\/index.php?rest_route=%2Fwp%2Fv2%2Fmedia&parent=5026"}],"wp:term":[{"taxonomy":"category","embeddable":true,"href":"https:\/\/test.ispas-ev.de\/index.php?rest_route=%2Fwp%2Fv2%2Fcategories&post=5026"},{"taxonomy":"post_tag","embeddable":true,"href":"https:\/\/test.ispas-ev.de\/index.php?rest_route=%2Fwp%2Fv2%2Ftags&post=5026"}],"curies":[{"name":"wp","href":"https:\/\/api.w.org\/{rel}","templated":true}]}}