{"id":4847,"date":"2019-06-27T17:57:55","date_gmt":"2019-06-27T15:57:55","guid":{"rendered":"https:\/\/www.ispas-ev.de\/?p=4847"},"modified":"2019-06-27T18:00:51","modified_gmt":"2019-06-27T16:00:51","slug":"dankesbrief-aus-torgau","status":"publish","type":"post","link":"https:\/\/test.ispas-ev.de\/?p=4847","title":{"rendered":"Dankesbrief aus Torgau"},"content":{"rendered":"<p><a href=\"https:\/\/www.ispas-ev.de\/wp-content\/uploads\/2011\/08\/Torgau-Wappen-85x100.jpg\"><img decoding=\"async\" loading=\"lazy\" class=\"alignnone size-full wp-image-1054\" src=\"https:\/\/www.ispas-ev.de\/wp-content\/uploads\/2011\/08\/Torgau-Wappen-85x100.jpg\" alt=\"\" width=\"85\" height=\"100\" \/><\/a><\/p>\n<p><span style=\"font-family: arial, helvetica, sans-serif;\">Sehr geehrte Damen und Herren, <\/span><\/p>\n<p><span style=\"font-family: arial, helvetica, sans-serif;\">als Vereinspr\u00e4sident des F.C. Elbaue Torgau e.V. durften wir vom letzten Freitag 14.6. bis heute zu Gast in unserer Partnerstadt Sindelfingen sein und aktiv am 43.Internationalen Stra\u00dfenfest teilnehmen. F\u00fcr unsere Elbaue-Mitglieder war es eine v\u00f6llig neue Erfahrung. Nur Dank der sensationellen Unterst\u00fctzung von Herrn Eberhard Sowa mit seiner langj\u00e4hrigen Sindelfingen Erfahrung war es f\u00fcr uns m\u00f6glich, dieses Event abzusichern.<br \/>\nSindelfingen hat sich wieder einmal als herzliche und weltoffene Stadt mit einer gro\u00dfen Vielfalt pr\u00e4sentiert und war ein sehr guter Gastgeber. Deshalb m\u00f6chten wir uns auf diesem Weg noch einmal bei unseren Gastgebern, der Stadt Sindelfingen und auch dem ISPAS e.V. (Frau Stegmeier und ihren vielen flei\u00dfigen Helfern) f\u00fcr die gezeigte Unterst\u00fctzung und Gastfreundschaft bedanken.<br \/>\nWir werden an Sindelfingen immer gute Erinnerungen haben und hoffen, dass wir vielleicht in einigen Jahren nochmals seitens der Gro\u00dfen Kreisstadt Torgau die M\u00f6glichkeit bekommen, wieder an diesem Highlight teilzunehmen. Mit freundlichen Gr\u00fc\u00dfen Sandro Kahl Vereinspr\u00e4sident<\/span><\/p>\n<p class=\"hide-if-no-js\"><a id=\"set-post-thumbnail\" class=\"thickbox\" href=\"https:\/\/www.ispas-ev.de\/wp-admin\/media-upload.php?post_id=4847&amp;type=image&amp;TB_iframe=1\" aria-describedby=\"set-post-thumbnail-desc\"><img decoding=\"async\" loading=\"lazy\" class=\"attachment-266x266 size-266x266\" src=\"https:\/\/www.ispas-ev.de\/wp-content\/uploads\/2019\/06\/Foto-Torgauer-Standbesatzung-2.jpg\" sizes=\"(max-width: 266px) 100vw, 266px\" srcset=\"https:\/\/www.ispas-ev.de\/wp-content\/uploads\/2019\/06\/Foto-Torgauer-Standbesatzung-2.jpg 4032w, https:\/\/www.ispas-ev.de\/wp-content\/uploads\/2019\/06\/Foto-Torgauer-Standbesatzung-2-300x225.jpg 300w, https:\/\/www.ispas-ev.de\/wp-content\/uploads\/2019\/06\/Foto-Torgauer-Standbesatzung-2-768x576.jpg 768w, https:\/\/www.ispas-ev.de\/wp-content\/uploads\/2019\/06\/Foto-Torgauer-Standbesatzung-2-1024x768.jpg 1024w\" alt=\"\" width=\"266\" height=\"200\" \/><\/a><\/p>\n<p><a href=\"https:\/\/www.ispas-ev.de\/wp-content\/uploads\/2019\/06\/Torgauer-Standbesatzung-1.jpg\"><img decoding=\"async\" loading=\"lazy\" class=\"alignnone wp-image-4848\" src=\"https:\/\/www.ispas-ev.de\/wp-content\/uploads\/2019\/06\/Torgauer-Standbesatzung-1-300x225.jpg\" alt=\"\" width=\"268\" height=\"201\" srcset=\"https:\/\/test.ispas-ev.de\/wp-content\/uploads\/2019\/06\/Torgauer-Standbesatzung-1-300x225.jpg 300w, https:\/\/test.ispas-ev.de\/wp-content\/uploads\/2019\/06\/Torgauer-Standbesatzung-1-768x576.jpg 768w, https:\/\/test.ispas-ev.de\/wp-content\/uploads\/2019\/06\/Torgauer-Standbesatzung-1-1024x768.jpg 1024w\" sizes=\"(max-width: 268px) 100vw, 268px\" \/><\/a><\/p>\n","protected":false},"excerpt":{"rendered":"<p>Sehr geehrte Damen und Herren, als Vereinspr\u00e4sident des F.C. Elbaue Torgau e.V. durften wir vom letzten Freitag 14.6. bis heute zu Gast in unserer Partnerstadt Sindelfingen sein und aktiv am [&hellip;]<\/p>\n","protected":false},"author":16,"featured_media":4849,"comment_status":"closed","ping_status":"closed","sticky":false,"template":"","format":"standard","meta":{"ngg_post_thumbnail":0},"categories":[1,27,21],"tags":[],"_links":{"self":[{"href":"https:\/\/test.ispas-ev.de\/index.php?rest_route=\/wp\/v2\/posts\/4847"}],"collection":[{"href":"https:\/\/test.ispas-ev.de\/index.php?rest_route=\/wp\/v2\/posts"}],"about":[{"href":"https:\/\/test.ispas-ev.de\/index.php?rest_route=\/wp\/v2\/types\/post"}],"author":[{"embeddable":true,"href":"https:\/\/test.ispas-ev.de\/index.php?rest_route=\/wp\/v2\/users\/16"}],"replies":[{"embeddable":true,"href":"https:\/\/test.ispas-ev.de\/index.php?rest_route=%2Fwp%2Fv2%2Fcomments&post=4847"}],"version-history":[{"count":7,"href":"https:\/\/test.ispas-ev.de\/index.php?rest_route=\/wp\/v2\/posts\/4847\/revisions"}],"predecessor-version":[{"id":4856,"href":"https:\/\/test.ispas-ev.de\/index.php?rest_route=\/wp\/v2\/posts\/4847\/revisions\/4856"}],"wp:featuredmedia":[{"embeddable":true,"href":"https:\/\/test.ispas-ev.de\/index.php?rest_route=\/wp\/v2\/media\/4849"}],"wp:attachment":[{"href":"https:\/\/test.ispas-ev.de\/index.php?rest_route=%2Fwp%2Fv2%2Fmedia&parent=4847"}],"wp:term":[{"taxonomy":"category","embeddable":true,"href":"https:\/\/test.ispas-ev.de\/index.php?rest_route=%2Fwp%2Fv2%2Fcategories&post=4847"},{"taxonomy":"post_tag","embeddable":true,"href":"https:\/\/test.ispas-ev.de\/index.php?rest_route=%2Fwp%2Fv2%2Ftags&post=4847"}],"curies":[{"name":"wp","href":"https:\/\/api.w.org\/{rel}","templated":true}]}}