{"id":4835,"date":"2019-06-25T21:16:46","date_gmt":"2019-06-25T19:16:46","guid":{"rendered":"https:\/\/www.ispas-ev.de\/?p=4835"},"modified":"2019-06-25T21:42:46","modified_gmt":"2019-06-25T19:42:46","slug":"internationales-strassenfest-2019-dankesbrief-der-vorsitzenden","status":"publish","type":"post","link":"https:\/\/test.ispas-ev.de\/?p=4835","title":{"rendered":"Internationales Stra\u00dfenfest 2019 &#8211; Dankesbrief der Vorsitzenden"},"content":{"rendered":"<p><a id=\"set-post-thumbnail\" class=\"thickbox\" href=\"https:\/\/www.ispas-ev.de\/wp-admin\/media-upload.php?post_id=4835&amp;type=image&amp;TB_iframe=1\" aria-describedby=\"set-post-thumbnail-desc\"><img decoding=\"async\" loading=\"lazy\" class=\"attachment-266x266 size-266x266\" src=\"https:\/\/www.ispas-ev.de\/wp-content\/uploads\/2016\/09\/brigitte.jpg\" alt=\"\" width=\"178\" height=\"266\" \/><\/a><\/p>\n<p>Auch im Jehr 2019 konnte ISPAS auf die Hilfe zahlreicher Mitglieder und Freunde des Vereins bauen und so den Partnerschaftsabend und die Partnerschaftsstra\u00dfe erfolgreich zu Ende\u00a0 f\u00fchren. Nicht zuletzt durch die Teilnahme und das Engagement der Standbesatzungen aus Sindelfingens Partnerst\u00e4dten. Daf\u00fcr m\u00f6chten die Vorsitzende Brigitte Stegmaier und der Vorstand des Vereins sehr herzlich Danke sagen.<\/p>\n<p><a href=\"https:\/\/www.ispas-ev.de\/wp-content\/uploads\/2019\/06\/Dankesbrief-Stra\u00dfenfest.pdf\">weiterlesen Dankesbrief Stra\u00dfenfest<\/a><\/p>\n<p>&nbsp;<\/p>\n","protected":false},"excerpt":{"rendered":"<p>Auch im Jehr 2019 konnte ISPAS auf die Hilfe zahlreicher Mitglieder und Freunde des Vereins bauen und so den Partnerschaftsabend und die Partnerschaftsstra\u00dfe erfolgreich zu Ende\u00a0 f\u00fchren. Nicht zuletzt durch [&hellip;]<\/p>\n","protected":false},"author":16,"featured_media":3481,"comment_status":"closed","ping_status":"closed","sticky":false,"template":"","format":"standard","meta":{"ngg_post_thumbnail":0},"categories":[1,27],"tags":[],"_links":{"self":[{"href":"https:\/\/test.ispas-ev.de\/index.php?rest_route=\/wp\/v2\/posts\/4835"}],"collection":[{"href":"https:\/\/test.ispas-ev.de\/index.php?rest_route=\/wp\/v2\/posts"}],"about":[{"href":"https:\/\/test.ispas-ev.de\/index.php?rest_route=\/wp\/v2\/types\/post"}],"author":[{"embeddable":true,"href":"https:\/\/test.ispas-ev.de\/index.php?rest_route=\/wp\/v2\/users\/16"}],"replies":[{"embeddable":true,"href":"https:\/\/test.ispas-ev.de\/index.php?rest_route=%2Fwp%2Fv2%2Fcomments&post=4835"}],"version-history":[{"count":6,"href":"https:\/\/test.ispas-ev.de\/index.php?rest_route=\/wp\/v2\/posts\/4835\/revisions"}],"predecessor-version":[{"id":4846,"href":"https:\/\/test.ispas-ev.de\/index.php?rest_route=\/wp\/v2\/posts\/4835\/revisions\/4846"}],"wp:featuredmedia":[{"embeddable":true,"href":"https:\/\/test.ispas-ev.de\/index.php?rest_route=\/wp\/v2\/media\/3481"}],"wp:attachment":[{"href":"https:\/\/test.ispas-ev.de\/index.php?rest_route=%2Fwp%2Fv2%2Fmedia&parent=4835"}],"wp:term":[{"taxonomy":"category","embeddable":true,"href":"https:\/\/test.ispas-ev.de\/index.php?rest_route=%2Fwp%2Fv2%2Fcategories&post=4835"},{"taxonomy":"post_tag","embeddable":true,"href":"https:\/\/test.ispas-ev.de\/index.php?rest_route=%2Fwp%2Fv2%2Ftags&post=4835"}],"curies":[{"name":"wp","href":"https:\/\/api.w.org\/{rel}","templated":true}]}}