{"id":4819,"date":"2019-06-17T17:38:45","date_gmt":"2019-06-17T15:38:45","guid":{"rendered":"https:\/\/www.ispas-ev.de\/?p=4819"},"modified":"2019-06-17T17:42:23","modified_gmt":"2019-06-17T15:42:23","slug":"uli-fritz-ist-80-kolumne-in-der-kreiszeitung-am-15-06-19","status":"publish","type":"post","link":"https:\/\/test.ispas-ev.de\/?p=4819","title":{"rendered":"Uli Fritz ist 80 &#8211; Kolumne in der Kreiszeitung am 15.06.19"},"content":{"rendered":"<p><a id=\"set-post-thumbnail\" class=\"thickbox\" href=\"https:\/\/www.ispas-ev.de\/wp-admin\/media-upload.php?post_id=4819&amp;type=image&amp;TB_iframe=1\" aria-describedby=\"set-post-thumbnail-desc\"><img decoding=\"async\" loading=\"lazy\" class=\"attachment-266x266 alignright\" src=\"https:\/\/www.ispas-ev.de\/wp-content\/uploads\/2017\/07\/KRZ_icon_print.png\" sizes=\"(max-width: 266px) 100vw, 266px\" srcset=\"https:\/\/www.ispas-ev.de\/wp-content\/uploads\/2017\/07\/KRZ_icon_print.png 330w, https:\/\/www.ispas-ev.de\/wp-content\/uploads\/2017\/07\/KRZ_icon_print-300x209.png 300w\" alt=\"\" width=\"186\" height=\"129\" \/><\/a>Uli Fritz, einer der ISPAS-Gr\u00fcndungsv\u00e4ter, ehemaliger Vorsitzender und Dronfield-Fan, wurde 80. Dies nahmen die &#8222;Schw\u00e4tzweiber&#8220; in der Kreiszeitung am Samstag, 15.06., zum Anlass, ihn ausf\u00fchrlich in ihrer Kolumne zu w\u00fcrdigen. Dies alles und noch mehr hat er f\u00fcr unseren Verein getan. Auch wir gratulieren alle recht herzlich. Danke Uli.<\/p>\n<p><a href=\"https:\/\/www.ispas-ev.de\/wp-content\/uploads\/2019\/06\/Schw\u00e4tzweiber-KRZ-15.06.19.jpg\"><img decoding=\"async\" loading=\"lazy\" class=\"alignnone wp-image-4820\" src=\"https:\/\/www.ispas-ev.de\/wp-content\/uploads\/2019\/06\/Schw\u00e4tzweiber-KRZ-15.06.19-300x96.jpg\" alt=\"\" width=\"337\" height=\"108\" srcset=\"https:\/\/test.ispas-ev.de\/wp-content\/uploads\/2019\/06\/Schw\u00e4tzweiber-KRZ-15.06.19-300x96.jpg 300w, https:\/\/test.ispas-ev.de\/wp-content\/uploads\/2019\/06\/Schw\u00e4tzweiber-KRZ-15.06.19-768x245.jpg 768w, https:\/\/test.ispas-ev.de\/wp-content\/uploads\/2019\/06\/Schw\u00e4tzweiber-KRZ-15.06.19-1024x327.jpg 1024w, https:\/\/test.ispas-ev.de\/wp-content\/uploads\/2019\/06\/Schw\u00e4tzweiber-KRZ-15.06.19.jpg 1921w\" sizes=\"(max-width: 337px) 100vw, 337px\" \/><\/a><\/p>\n<p>&nbsp;<\/p>\n","protected":false},"excerpt":{"rendered":"<p>Uli Fritz, einer der ISPAS-Gr\u00fcndungsv\u00e4ter, ehemaliger Vorsitzender und Dronfield-Fan, wurde 80. Dies nahmen die &#8222;Schw\u00e4tzweiber&#8220; in der Kreiszeitung am Samstag, 15.06., zum Anlass, ihn ausf\u00fchrlich in ihrer Kolumne zu w\u00fcrdigen. [&hellip;]<\/p>\n","protected":false},"author":16,"featured_media":3879,"comment_status":"closed","ping_status":"closed","sticky":false,"template":"","format":"standard","meta":{"ngg_post_thumbnail":0},"categories":[1,22],"tags":[],"_links":{"self":[{"href":"https:\/\/test.ispas-ev.de\/index.php?rest_route=\/wp\/v2\/posts\/4819"}],"collection":[{"href":"https:\/\/test.ispas-ev.de\/index.php?rest_route=\/wp\/v2\/posts"}],"about":[{"href":"https:\/\/test.ispas-ev.de\/index.php?rest_route=\/wp\/v2\/types\/post"}],"author":[{"embeddable":true,"href":"https:\/\/test.ispas-ev.de\/index.php?rest_route=\/wp\/v2\/users\/16"}],"replies":[{"embeddable":true,"href":"https:\/\/test.ispas-ev.de\/index.php?rest_route=%2Fwp%2Fv2%2Fcomments&post=4819"}],"version-history":[{"count":12,"href":"https:\/\/test.ispas-ev.de\/index.php?rest_route=\/wp\/v2\/posts\/4819\/revisions"}],"predecessor-version":[{"id":4832,"href":"https:\/\/test.ispas-ev.de\/index.php?rest_route=\/wp\/v2\/posts\/4819\/revisions\/4832"}],"wp:featuredmedia":[{"embeddable":true,"href":"https:\/\/test.ispas-ev.de\/index.php?rest_route=\/wp\/v2\/media\/3879"}],"wp:attachment":[{"href":"https:\/\/test.ispas-ev.de\/index.php?rest_route=%2Fwp%2Fv2%2Fmedia&parent=4819"}],"wp:term":[{"taxonomy":"category","embeddable":true,"href":"https:\/\/test.ispas-ev.de\/index.php?rest_route=%2Fwp%2Fv2%2Fcategories&post=4819"},{"taxonomy":"post_tag","embeddable":true,"href":"https:\/\/test.ispas-ev.de\/index.php?rest_route=%2Fwp%2Fv2%2Ftags&post=4819"}],"curies":[{"name":"wp","href":"https:\/\/api.w.org\/{rel}","templated":true}]}}