{"id":4777,"date":"2019-06-13T11:56:17","date_gmt":"2019-06-13T09:56:17","guid":{"rendered":"https:\/\/www.ispas-ev.de\/?p=4777"},"modified":"2019-06-14T11:09:48","modified_gmt":"2019-06-14T09:09:48","slug":"ispas-e-v-praesentiert-sich-zusammen-mit-sindelfingens-partnerstaedten-beim-43-internationalen-strassenfest-in-der-ziegelstrasse-ecke-planiestrasse","status":"publish","type":"post","link":"https:\/\/test.ispas-ev.de\/?p=4777","title":{"rendered":"ISPAS e.V. pr\u00e4sentiert sich mit Sindelfingens Partnerst\u00e4dten beim Stra\u00dfenfest in der Ziegelstra\u00dfe\/Ecke Planiestra\u00dfe"},"content":{"rendered":"<h1><a id=\"set-post-thumbnail\" class=\"thickbox\" href=\"https:\/\/www.ispas-ev.de\/wp-admin\/media-upload.php?post_id=4777&amp;type=image&amp;TB_iframe=1\" aria-describedby=\"set-post-thumbnail-desc\"><img decoding=\"async\" loading=\"lazy\" class=\"attachment-266x266 \" src=\"https:\/\/www.ispas-ev.de\/wp-content\/uploads\/2019\/06\/Stra\u00dfenfest-Logo.gif\" alt=\"\" width=\"134\" height=\"126\" \/><\/a><\/h1>\n<div class=\"textwidget custom-html-widget\"><a class=\"flag\" href=\"http:\/\/www.schaffhausen.ch\" target=\"_blank\" rel=\"noopener\"><img decoding=\"async\" src=\"https:\/\/www.ispas-ev.de\/wp-content\/uploads\/flaggen\/ch.jpg\" alt=\"Schaffhausen\" \/><\/a> <a class=\"flag\" href=\"http:\/\/www.corbeil-essonnes.com\" target=\"_blank\" rel=\"noopener\"><img decoding=\"async\" src=\"https:\/\/www.ispas-ev.de\/wp-content\/uploads\/flaggen\/fr.jpg\" alt=\"Corbeil-Essones\" \/><\/a> <a class=\"flag\" href=\"http:\/\/www.comune.sondrio.it\" target=\"_blank\" rel=\"noopener\"><img decoding=\"async\" src=\"https:\/\/www.ispas-ev.de\/wp-content\/uploads\/flaggen\/it.jpg\" alt=\"Sondrio\" \/><\/a> <a class=\"flag\" href=\"http:\/\/www.dronfield.gov.uk\" target=\"_blank\" rel=\"noopener\"><img decoding=\"async\" src=\"https:\/\/www.ispas-ev.de\/wp-content\/uploads\/flaggen\/gb.jpg\" alt=\"Dronfield\" \/><\/a> <a class=\"flag\" href=\"http:\/\/www.torgau.de\" target=\"_blank\" rel=\"noopener\"><img decoding=\"async\" src=\"https:\/\/www.ispas-ev.de\/wp-content\/uploads\/flaggen\/de.jpg\" alt=\"Torgau\" \/><\/a> <a class=\"flag\" href=\"http:\/\/turizmus.gyor.hu\/lang\/de\/\" target=\"_blank\" rel=\"noopener\"><img decoding=\"async\" src=\"https:\/\/www.ispas-ev.de\/wp-content\/uploads\/flaggen\/un.jpg\" alt=\"Gy\u0151r\" \/><\/a><a class=\"flag\" href=\"http:\/\/www.chelm.pl\/glowna\/\" target=\"_blank\" rel=\"noopener\"><img decoding=\"async\" src=\"https:\/\/www.ispas-ev.de\/wp-content\/uploads\/flaggen\/pl.jpg\" alt=\"Chelm\" \/><\/a><\/div>\n<h1><span style=\"font-size: 14pt;\"><strong>Acht Partner f\u00fcr ein gemeinsames Europa!<\/strong><\/span><\/h1>\n<p><strong>\u00a0<\/strong>Das 43. Internationale Stra\u00dfenfest (14. bis 16. Juni) bietet in diesem Jahr wieder die M\u00f6glichkeit, die Sindelfinger Partnerst\u00e4dte besser kennenzulernen. In der Ziegelstra\u00dfe\/Ecke Planiestra\u00dfe befindet sich der Platz der Partnerst\u00e4dte, wo sich Chelm, Corbeil-Esonnes, Dronfield, Gy\u00f6r, Schaffhausen, Sondrio und Torgau sowie auch\u00a0 ISPAS e.V. pr\u00e4sentieren. Geboten werden ein bunter Mix aus Musik, Tanz und Folklore, Spezialit\u00e4ten und Infomaterial sowie interessante Gespr\u00e4che mit netten Menschen.<\/p>\n<p>Das Amt f\u00fcr Kultur der Stadt hat\u00a0 mit Gruppen, Ensembles und Einzelpersonen ein B\u00fchnenprogramm zusammengestellt, das mit Gesang, Jazz, Rock, Folklore und viel Musik f\u00fcr jeden Geschmack etwas bietet. Das B\u00fchnenprogramm beinhaltet Auftritte der Dronfield Singers, Caroline Mane &amp; Christophe Violand (zwei K\u00fcnstler aus Corbeil-Essonnes), des Harmonika Clubs Sindelfingen, des spanischen Kulturvereins Sal Marina e.V. und Take 2 Joachim (Joachim Pflieger &amp; Beatrice Math\u00e9).<\/p>\n<p>Wieder gibt es in der Burggasse das Angebot f\u00fcr Kinder. Am Samstag und Sonntagnachmittag wird das Spielmobil f\u00fcr gro\u00dfe und kleine Kinder ein reichhaltiges und abwechslungsreiches Programm anbieten.<\/p>\n<p><strong>Das B\u00fchnenprogramm im Einzelnen:<\/strong><\/p>\n<p><strong>Platz der Partnerst\u00e4dte<\/strong>\u00a0\u00a0 Ziegelstra\u00dfe \/ Einm\u00fcndung Planie<br \/>\nFreitag, 14. Juni<strong><br \/>\n<\/strong>19:30 Uhr \u00a0<strong>Point of View Session Band<br \/>\n<\/strong>Samstag, 14. Juni<br \/>\n14:00 Uhr<strong> \u00a0Dronfield Singers<br \/>\n<\/strong>16:00 Uhr \u00a0<strong>Caroline Mane &amp; Christophe Violand<\/strong><br \/>\nCorbeil-Essonnes<br \/>\n19:00 Uhr \u00a0<strong>Royal Sonesta Jazz Band<\/strong><br \/>\nSchaffhausen<br \/>\nSonntag, 16. Juni<strong><br \/>\n<\/strong>11:00 Uhr \u00a0<strong>Royal Sonesta Jazz Band<\/strong><br \/>\nSchaffhausen<br \/>\n13:00 Uhr\u00a0 <strong>Harmonika Club Sindelfingen<\/strong><strong><br \/>\n<\/strong>14:00 Uhr\u00a0 <strong>Dronfield Singers<br \/>\n<\/strong>15:00 Uhr Spanischer Kulturverein<strong> Sal Marina e.V.<br \/>\n<\/strong>16:00 Uhr<strong> \u00a0Take 2 Joachim<br \/>\nJoachim Pflieger &amp; Beatrice Math\u00e9<\/strong><\/p>\n<p>Auf Ihren Besuch freuen sich ISPAS und die Sindelfinger Partnerst\u00e4dte<br \/>\nChelm, Corbeil-Essonnes, Dronfield, Gy\u00f6r, Schaffhausen, Sondrio, Torgau<\/p>\n<table style=\"height: 88px;\" width=\"477\">\n<tbody>\n<tr style=\"height: 38px;\">\n<td style=\"height: 38px; width: 478px;\"><a href=\"https:\/\/www.ispas-ev.de\/wp-content\/uploads\/2019\/06\/2019-Handzettel-Stra\u00dfenfest-2.docx\">2019 Handzettel Stra\u00dfenfest 2<\/a><\/td>\n<\/tr>\n<tr style=\"height: 38px;\">\n<td style=\"height: 38px; width: 478px;\"><\/td>\n<td style=\"height: 38px; width: 228px;\"><\/td>\n<\/tr>\n<\/tbody>\n<\/table>\n<p><strong>\u00a0<\/strong><\/p>\n<p>&nbsp;<\/p>\n<p>&nbsp;<\/p>\n","protected":false},"excerpt":{"rendered":"<p>Acht Partner f\u00fcr ein gemeinsames Europa! \u00a0Das 43. Internationale Stra\u00dfenfest (14. bis 16. Juni) bietet in diesem Jahr wieder die M\u00f6glichkeit, die Sindelfinger Partnerst\u00e4dte besser kennenzulernen. In der Ziegelstra\u00dfe\/Ecke Planiestra\u00dfe [&hellip;]<\/p>\n","protected":false},"author":16,"featured_media":4810,"comment_status":"closed","ping_status":"closed","sticky":false,"template":"","format":"standard","meta":{"ngg_post_thumbnail":0},"categories":[1,27],"tags":[],"_links":{"self":[{"href":"https:\/\/test.ispas-ev.de\/index.php?rest_route=\/wp\/v2\/posts\/4777"}],"collection":[{"href":"https:\/\/test.ispas-ev.de\/index.php?rest_route=\/wp\/v2\/posts"}],"about":[{"href":"https:\/\/test.ispas-ev.de\/index.php?rest_route=\/wp\/v2\/types\/post"}],"author":[{"embeddable":true,"href":"https:\/\/test.ispas-ev.de\/index.php?rest_route=\/wp\/v2\/users\/16"}],"replies":[{"embeddable":true,"href":"https:\/\/test.ispas-ev.de\/index.php?rest_route=%2Fwp%2Fv2%2Fcomments&post=4777"}],"version-history":[{"count":8,"href":"https:\/\/test.ispas-ev.de\/index.php?rest_route=\/wp\/v2\/posts\/4777\/revisions"}],"predecessor-version":[{"id":4811,"href":"https:\/\/test.ispas-ev.de\/index.php?rest_route=\/wp\/v2\/posts\/4777\/revisions\/4811"}],"wp:featuredmedia":[{"embeddable":true,"href":"https:\/\/test.ispas-ev.de\/index.php?rest_route=\/wp\/v2\/media\/4810"}],"wp:attachment":[{"href":"https:\/\/test.ispas-ev.de\/index.php?rest_route=%2Fwp%2Fv2%2Fmedia&parent=4777"}],"wp:term":[{"taxonomy":"category","embeddable":true,"href":"https:\/\/test.ispas-ev.de\/index.php?rest_route=%2Fwp%2Fv2%2Fcategories&post=4777"},{"taxonomy":"post_tag","embeddable":true,"href":"https:\/\/test.ispas-ev.de\/index.php?rest_route=%2Fwp%2Fv2%2Ftags&post=4777"}],"curies":[{"name":"wp","href":"https:\/\/api.w.org\/{rel}","templated":true}]}}