{"id":4725,"date":"2018-12-07T11:43:56","date_gmt":"2018-12-07T10:43:56","guid":{"rendered":"https:\/\/www.ispas-ev.de\/?p=4725"},"modified":"2018-12-07T11:43:56","modified_gmt":"2018-12-07T10:43:56","slug":"30-jahre-torgau-empfang-der-stadt-sindelfingen","status":"publish","type":"post","link":"https:\/\/test.ispas-ev.de\/?p=4725","title":{"rendered":"30 Jahre Torgau &#8211; Empfang der Stadt Sindelfingen"},"content":{"rendered":"<p><a href=\"https:\/\/www.ispas-ev.de\/wp-content\/uploads\/2018\/12\/Jubil\u00e4um-Torgau.jpg\"><img decoding=\"async\" loading=\"lazy\" class=\"alignnone size-medium wp-image-4726\" src=\"https:\/\/www.ispas-ev.de\/wp-content\/uploads\/2018\/12\/Jubil\u00e4um-Torgau-300x200.jpg\" alt=\"\" width=\"300\" height=\"200\" srcset=\"https:\/\/test.ispas-ev.de\/wp-content\/uploads\/2018\/12\/Jubil\u00e4um-Torgau-300x200.jpg 300w, https:\/\/test.ispas-ev.de\/wp-content\/uploads\/2018\/12\/Jubil\u00e4um-Torgau-768x512.jpg 768w, https:\/\/test.ispas-ev.de\/wp-content\/uploads\/2018\/12\/Jubil\u00e4um-Torgau-1024x683.jpg 1024w\" sizes=\"(max-width: 300px) 100vw, 300px\" \/><\/a>Die Stadt Sindelfingen hatte am 22. November 2018 alle ISPAS Mitglieder und an Torgau Interessierten anl\u00e4sslich des 30-Jahre-Jubil\u00e4ums zum Empfang eingeladen. Das Bild zeigt die Torgauer OB Romina Barth und Sindelfingens OB Dr. Bernd V\u00f6hringer beim Eintrag ins Goldene Buch der Stadt Sindelfingen.<\/p>\n","protected":false},"excerpt":{"rendered":"<p>Die Stadt Sindelfingen hatte am 22. November 2018 alle ISPAS Mitglieder und an Torgau Interessierten anl\u00e4sslich des 30-Jahre-Jubil\u00e4ums zum Empfang eingeladen. Das Bild zeigt die Torgauer OB Romina Barth und [&hellip;]<\/p>\n","protected":false},"author":16,"featured_media":4726,"comment_status":"closed","ping_status":"closed","sticky":false,"template":"","format":"standard","meta":{"ngg_post_thumbnail":0},"categories":[49,1,21],"tags":[],"_links":{"self":[{"href":"https:\/\/test.ispas-ev.de\/index.php?rest_route=\/wp\/v2\/posts\/4725"}],"collection":[{"href":"https:\/\/test.ispas-ev.de\/index.php?rest_route=\/wp\/v2\/posts"}],"about":[{"href":"https:\/\/test.ispas-ev.de\/index.php?rest_route=\/wp\/v2\/types\/post"}],"author":[{"embeddable":true,"href":"https:\/\/test.ispas-ev.de\/index.php?rest_route=\/wp\/v2\/users\/16"}],"replies":[{"embeddable":true,"href":"https:\/\/test.ispas-ev.de\/index.php?rest_route=%2Fwp%2Fv2%2Fcomments&post=4725"}],"version-history":[{"count":2,"href":"https:\/\/test.ispas-ev.de\/index.php?rest_route=\/wp\/v2\/posts\/4725\/revisions"}],"predecessor-version":[{"id":4728,"href":"https:\/\/test.ispas-ev.de\/index.php?rest_route=\/wp\/v2\/posts\/4725\/revisions\/4728"}],"wp:featuredmedia":[{"embeddable":true,"href":"https:\/\/test.ispas-ev.de\/index.php?rest_route=\/wp\/v2\/media\/4726"}],"wp:attachment":[{"href":"https:\/\/test.ispas-ev.de\/index.php?rest_route=%2Fwp%2Fv2%2Fmedia&parent=4725"}],"wp:term":[{"taxonomy":"category","embeddable":true,"href":"https:\/\/test.ispas-ev.de\/index.php?rest_route=%2Fwp%2Fv2%2Fcategories&post=4725"},{"taxonomy":"post_tag","embeddable":true,"href":"https:\/\/test.ispas-ev.de\/index.php?rest_route=%2Fwp%2Fv2%2Ftags&post=4725"}],"curies":[{"name":"wp","href":"https:\/\/api.w.org\/{rel}","templated":true}]}}