{"id":4598,"date":"2018-11-25T00:11:29","date_gmt":"2018-11-24T23:11:29","guid":{"rendered":"https:\/\/www.ispas-ev.de\/?p=4598"},"modified":"2018-11-27T14:51:38","modified_gmt":"2018-11-27T13:51:38","slug":"buchsalon-in-gyor-16-18-november-2018","status":"publish","type":"post","link":"https:\/\/test.ispas-ev.de\/?p=4598","title":{"rendered":"Buchsalon in Gy\u0151r (16. &#8211; 18. November 2018)"},"content":{"rendered":"<figure id=\"attachment_4624\" aria-describedby=\"caption-attachment-4624\" style=\"width: 1600px\" class=\"wp-caption alignnone\"><a href=\"https:\/\/www.ispas-ev.de\/?attachment_id=4624\"><img decoding=\"async\" loading=\"lazy\" class=\"wp-image-4624 size-full\" src=\"https:\/\/www.ispas-ev.de\/wp-content\/uploads\/2018\/11\/Delegation.jpeg\" alt=\"\" width=\"1600\" height=\"1200\" srcset=\"https:\/\/test.ispas-ev.de\/wp-content\/uploads\/2018\/11\/Delegation.jpeg 1600w, https:\/\/test.ispas-ev.de\/wp-content\/uploads\/2018\/11\/Delegation-300x225.jpeg 300w, https:\/\/test.ispas-ev.de\/wp-content\/uploads\/2018\/11\/Delegation-768x576.jpeg 768w, https:\/\/test.ispas-ev.de\/wp-content\/uploads\/2018\/11\/Delegation-1024x768.jpeg 1024w\" sizes=\"(max-width: 1600px) 100vw, 1600px\" \/><\/a><figcaption id=\"caption-attachment-4624\" class=\"wp-caption-text\">Die Delegation aus <a href=\"https:\/\/www.sindelfingen.de\/\" target=\"_blank\" rel=\"noopener\">Sindelfingen<\/a><\/figcaption><\/figure>\n<p style=\"text-align: justify;\"><strong>Ein Jahr ist schon wieder vorbei und <a href=\"https:\/\/www.sindelfingen.de\/\" target=\"_blank\" rel=\"noopener\">Sindelfingen<\/a> wurde wieder zum diesj\u00e4hrigen <a href=\"https:\/\/konyvszalon.gyoriszalon.hu\/uploads\/images\/Gallery\/plakat2018.jpg?1537418989462\" target=\"_blank\" rel=\"noopener\">Buchsalon in Gy\u0151r<\/a> eingeladen. F\u00fcr alle, die \u00fcber den Buchsalon noch nichts geh\u00f6rt haben: der Buchsalon ist eine B\u00fcchermesse, die jedes Jahr im Foyer des Nationaltheaters stattfindet. Dort stellen ungarische Verlage ihre neuen B\u00fccher vor, und es gibt etliche Autorenlesungen. Die Besucher haben die M\u00f6glichkeit von ber\u00fchmten Autoren Unterschriften zu erhalten und sie pers\u00f6nlich kennenzulernen. F\u00fcr Kinder werden vielf\u00e4ltige Kinderprogramme angeboten. Die Partnerst\u00e4dte von <a href=\"http:\/\/www.gyor.hu\/\" target=\"_blank\" rel=\"noopener\">Gy\u0151r<\/a> haben einen gemeinsamen Stand, bei dem sie deutschsprachige B\u00fccher verschenken oder ihre St\u00e4dte anpreisen. Dieses Jahr haben wir Sindelfingen zu dritt vertreten (Sabine Liedtke, Wolfgang Mehl und ich, G\u00e1bor Bende).<br \/>\n<\/strong><\/p>\n<div id='gallery-1' class='gallery galleryid-4598 gallery-columns-2 gallery-size-medium'><figure class='gallery-item'>\n\t\t\t<div class='gallery-icon landscape'>\n\t\t\t\t<a href='https:\/\/test.ispas-ev.de\/?attachment_id=4636'><img width=\"300\" height=\"168\" src=\"https:\/\/test.ispas-ev.de\/wp-content\/uploads\/2018\/11\/Linz2-300x168.jpeg\" class=\"attachment-medium size-medium\" alt=\"\" decoding=\"async\" loading=\"lazy\" aria-describedby=\"gallery-1-4636\" srcset=\"https:\/\/test.ispas-ev.de\/wp-content\/uploads\/2018\/11\/Linz2-300x168.jpeg 300w, https:\/\/test.ispas-ev.de\/wp-content\/uploads\/2018\/11\/Linz2-768x431.jpeg 768w, https:\/\/test.ispas-ev.de\/wp-content\/uploads\/2018\/11\/Linz2-1024x575.jpeg 1024w, https:\/\/test.ispas-ev.de\/wp-content\/uploads\/2018\/11\/Linz2.jpeg 1600w\" sizes=\"(max-width: 300px) 100vw, 300px\" \/><\/a>\n\t\t\t<\/div>\n\t\t\t\t<figcaption class='wp-caption-text gallery-caption' id='gallery-1-4636'>\n\t\t\t\tLinz im festlichen Licht\n\t\t\t\t<\/figcaption><\/figure><figure class='gallery-item'>\n\t\t\t<div class='gallery-icon landscape'>\n\t\t\t\t<a href='https:\/\/test.ispas-ev.de\/?attachment_id=4635'><img width=\"300\" height=\"168\" src=\"https:\/\/test.ispas-ev.de\/wp-content\/uploads\/2018\/11\/Linz-300x168.jpeg\" class=\"attachment-medium size-medium\" alt=\"\" decoding=\"async\" loading=\"lazy\" aria-describedby=\"gallery-1-4635\" srcset=\"https:\/\/test.ispas-ev.de\/wp-content\/uploads\/2018\/11\/Linz-300x168.jpeg 300w, https:\/\/test.ispas-ev.de\/wp-content\/uploads\/2018\/11\/Linz-768x431.jpeg 768w, https:\/\/test.ispas-ev.de\/wp-content\/uploads\/2018\/11\/Linz-1024x575.jpeg 1024w, https:\/\/test.ispas-ev.de\/wp-content\/uploads\/2018\/11\/Linz.jpeg 1600w\" sizes=\"(max-width: 300px) 100vw, 300px\" \/><\/a>\n\t\t\t<\/div>\n\t\t\t\t<figcaption class='wp-caption-text gallery-caption' id='gallery-1-4635'>\n\t\t\t\tLinz in Weihnachtsbeleuchtung\n\t\t\t\t<\/figcaption><\/figure>\n\t\t<\/div>\n\n<p style=\"text-align: justify;\">Am 14. November, am Mittwoch sp\u00e4tnachmittags, sind wir mit vielen-vielen B\u00fcchern und Neugier gestartet. Erst mal haben wir in <strong><a href=\"http:\/\/www.linz.at\/\" target=\"_blank\" rel=\"noopener\">Linz<\/a><\/strong> einen Zwischenstopp eingelegt und haben die Innenstadt erkundet. Am n\u00e4chsten Morgen sind wir nach <strong><a href=\"http:\/\/www.gyor.hu\/\" target=\"_blank\" rel=\"noopener\">Gy\u0151r<\/a><\/strong> weitergereist. Richtig sch\u00f6nes, sonniges Wetter hat uns auf unserem Weg begleitet. Zuerst sind wir zum <a href=\"https:\/\/www.gyoriszinhaz.hu\/\" target=\"_blank\" rel=\"noopener\"><strong>Nationaltheater<\/strong><\/a> gefahren, wo wir unsere riesigen Kartons ausgeladen haben und unseren Stand mit B\u00fccher bef\u00fcllen und dekorieren konnten. Abends haben wir die Innenstadt von Gy\u0151r besucht.<\/p>\n<div style=\"width: 640px;\" class=\"wp-video\"><!--[if lt IE 9]><script>document.createElement('video');<\/script><![endif]-->\n<video class=\"wp-video-shortcode\" id=\"video-4598-1\" width=\"640\" height=\"480\" loop=\"1\" autoplay=\"1\" preload=\"metadata\" controls=\"controls\"><source type=\"video\/mp4\" src=\"https:\/\/www.ispas-ev.de\/wp-content\/uploads\/2018\/11\/Riesenrad.mp4?_=1\" \/><a href=\"https:\/\/www.ispas-ev.de\/wp-content\/uploads\/2018\/11\/Riesenrad.mp4\">https:\/\/www.ispas-ev.de\/wp-content\/uploads\/2018\/11\/Riesenrad.mp4<\/a><\/video><\/div>\n<p>&nbsp;<\/p>\n<p style=\"text-align: justify;\">Diesmal gab es in Gy\u0151r eine neue Attraktion, offensichtlich mit sehr viel Erfolg. Ein mit blauem Licht beleuchtetes Riesenrad wurde f\u00fcr das begeisterte Publikum aufgestellt anl\u00e4sslich der <strong><a href=\"http:\/\/2023gyor.hu\/\" target=\"_blank\" rel=\"noopener\">Bewerbung als europ\u00e4ische Kulturhauptstadt 2023<\/a><\/strong>. Unsere Partnerstadt hat es geschafft in die 2. Runde zu kommen. Neben Gy\u0151r sind noch Debrecen und Veszpr\u00e9m in der Endentscheidungsrunde geblieben, um f\u00fcr diesen ehrenvollen Titel zu k\u00e4mpfen.<\/p>\n<figure id=\"attachment_4625\" aria-describedby=\"caption-attachment-4625\" style=\"width: 640px\" class=\"wp-caption aligncenter\"><a href=\"https:\/\/www.ispas-ev.de\/?attachment_id=4625\"><img decoding=\"async\" loading=\"lazy\" class=\"wp-image-4625 size-full\" src=\"https:\/\/www.ispas-ev.de\/wp-content\/uploads\/2018\/11\/Delegationen.jpeg\" alt=\"\" width=\"640\" height=\"402\" srcset=\"https:\/\/test.ispas-ev.de\/wp-content\/uploads\/2018\/11\/Delegationen.jpeg 640w, https:\/\/test.ispas-ev.de\/wp-content\/uploads\/2018\/11\/Delegationen-300x188.jpeg 300w\" sizes=\"(max-width: 640px) 100vw, 640px\" \/><\/a><figcaption id=\"caption-attachment-4625\" class=\"wp-caption-text\">Die Delegationen der Partnerst\u00e4dte von Gy\u0151r (Wuhan \u6b66\u6c49\u5e02, Sindelfingen, Bra\u0219ov, Ingolstadt und Pozna\u0144)<\/figcaption><\/figure>\n<p style=\"text-align: justify;\">Am Freitagmorgen haben wir unsere Mission am Partnerschaftsstand im Nationaltheater mit den Vertretern von<strong> <a href=\"https:\/\/www.ingolstadt.de\/\" target=\"_blank\" rel=\"noopener\">Ingolstadt<\/a><\/strong>, <a href=\"http:\/\/www.brasovcity.ro\/\" target=\"_blank\" rel=\"noopener\"><strong>Bra<span style=\"font-size: 10pt;\">\u0219<\/span>ov<\/strong><\/a> aus Rum\u00e4nien, <a href=\"http:\/\/www.poznan.pl\/\" target=\"_blank\" rel=\"noopener\"><strong>Pozna\u0144<\/strong><\/a> aus Polen und <strong><a href=\"http:\/\/german.wh.gov.cn\/\">Wuhan\u00a0\u6b66\u6c49\u5e02<\/a><\/strong> aus China begonnen. Schon am ersten Tag wurden wir von sehr vielen Interessenten besucht, mit denen wir uns rege ausgetauscht haben. In Gy\u0151r gibt es eine deutsche Minderheit, die sich jedes Jahr aufs Neue \u00fcber deutschsprachige B\u00fccher freut, vor allem \u00fcber die Kinderb\u00fccher. Viele Deutschlehrer haben uns besucht, um f\u00fcr ihre Sch\u00fcler und sich B\u00fccher zu finden. Solche B\u00fccher sind in Gy\u0151r nicht so einfach zu besorgen. Die zahlreichen Besucher sind gl\u00fcckliche neue Besitzer von den tollen B\u00fcchern geworden. Mit den Vertretern der anderen Partnerst\u00e4dte haben wir uns wunderbar verstanden, die sprachlichen Barrieren haben wir schnell \u00fcberwunden. Die Vertreterin von Bra\u0219ov spricht ungarisch, mit den Polen und Chinesen haben wir uns auf englisch unterhalten. Der chinesische Dolmetscher hat auch ein bisschen ungarisch gesprochen, da er seit ein paar Jahren in Ungarn lebt.<\/p>\n<div id='gallery-2' class='gallery galleryid-4598 gallery-columns-4 gallery-size-thumbnail'><figure class='gallery-item'>\n\t\t\t<div class='gallery-icon landscape'>\n\t\t\t\t<a href='https:\/\/test.ispas-ev.de\/?attachment_id=4680'><img width=\"150\" height=\"150\" src=\"https:\/\/test.ispas-ev.de\/wp-content\/uploads\/2018\/11\/Stadtentdeckung15-150x150.jpeg\" class=\"attachment-thumbnail size-thumbnail\" alt=\"\" decoding=\"async\" loading=\"lazy\" aria-describedby=\"gallery-2-4680\" srcset=\"https:\/\/test.ispas-ev.de\/wp-content\/uploads\/2018\/11\/Stadtentdeckung15-150x150.jpeg 150w, https:\/\/test.ispas-ev.de\/wp-content\/uploads\/2018\/11\/Stadtentdeckung15-24x24.jpeg 24w, https:\/\/test.ispas-ev.de\/wp-content\/uploads\/2018\/11\/Stadtentdeckung15-48x48.jpeg 48w, https:\/\/test.ispas-ev.de\/wp-content\/uploads\/2018\/11\/Stadtentdeckung15-96x96.jpeg 96w\" sizes=\"(max-width: 150px) 100vw, 150px\" \/><\/a>\n\t\t\t<\/div>\n\t\t\t\t<figcaption class='wp-caption-text gallery-caption' id='gallery-2-4680'>\n\t\t\t\tStadtentdeckung. Hinten links steht der Bischofsburg, rechts die Basilika\n\t\t\t\t<\/figcaption><\/figure><figure class='gallery-item'>\n\t\t\t<div class='gallery-icon landscape'>\n\t\t\t\t<a href='https:\/\/test.ispas-ev.de\/?attachment_id=4651'><img width=\"150\" height=\"150\" src=\"https:\/\/test.ispas-ev.de\/wp-content\/uploads\/2018\/11\/Stadt13-150x150.jpeg\" class=\"attachment-thumbnail size-thumbnail\" alt=\"\" decoding=\"async\" loading=\"lazy\" aria-describedby=\"gallery-2-4651\" srcset=\"https:\/\/test.ispas-ev.de\/wp-content\/uploads\/2018\/11\/Stadt13-150x150.jpeg 150w, https:\/\/test.ispas-ev.de\/wp-content\/uploads\/2018\/11\/Stadt13-24x24.jpeg 24w, https:\/\/test.ispas-ev.de\/wp-content\/uploads\/2018\/11\/Stadt13-48x48.jpeg 48w, https:\/\/test.ispas-ev.de\/wp-content\/uploads\/2018\/11\/Stadt13-96x96.jpeg 96w\" sizes=\"(max-width: 150px) 100vw, 150px\" \/><\/a>\n\t\t\t<\/div>\n\t\t\t\t<figcaption class='wp-caption-text gallery-caption' id='gallery-2-4651'>\n\t\t\t\tEine andere Perspektive in Gy\u0151r\n\t\t\t\t<\/figcaption><\/figure><figure class='gallery-item'>\n\t\t\t<div class='gallery-icon landscape'>\n\t\t\t\t<a href='https:\/\/test.ispas-ev.de\/?attachment_id=4658'><img width=\"150\" height=\"150\" src=\"https:\/\/test.ispas-ev.de\/wp-content\/uploads\/2018\/11\/Stadtentdeckung3-150x150.jpeg\" class=\"attachment-thumbnail size-thumbnail\" alt=\"\" decoding=\"async\" loading=\"lazy\" aria-describedby=\"gallery-2-4658\" srcset=\"https:\/\/test.ispas-ev.de\/wp-content\/uploads\/2018\/11\/Stadtentdeckung3-150x150.jpeg 150w, https:\/\/test.ispas-ev.de\/wp-content\/uploads\/2018\/11\/Stadtentdeckung3-24x24.jpeg 24w, https:\/\/test.ispas-ev.de\/wp-content\/uploads\/2018\/11\/Stadtentdeckung3-48x48.jpeg 48w, https:\/\/test.ispas-ev.de\/wp-content\/uploads\/2018\/11\/Stadtentdeckung3-96x96.jpeg 96w\" sizes=\"(max-width: 150px) 100vw, 150px\" \/><\/a>\n\t\t\t<\/div>\n\t\t\t\t<figcaption class='wp-caption-text gallery-caption' id='gallery-2-4658'>\n\t\t\t\tAuf dem Sz\u00e9chenyi Platz\n\t\t\t\t<\/figcaption><\/figure><figure class='gallery-item'>\n\t\t\t<div class='gallery-icon landscape'>\n\t\t\t\t<a href='https:\/\/test.ispas-ev.de\/?attachment_id=4662'><img width=\"150\" height=\"150\" src=\"https:\/\/test.ispas-ev.de\/wp-content\/uploads\/2018\/11\/Stadtentdeckung7-150x150.jpeg\" class=\"attachment-thumbnail size-thumbnail\" alt=\"\" decoding=\"async\" loading=\"lazy\" aria-describedby=\"gallery-2-4662\" srcset=\"https:\/\/test.ispas-ev.de\/wp-content\/uploads\/2018\/11\/Stadtentdeckung7-150x150.jpeg 150w, https:\/\/test.ispas-ev.de\/wp-content\/uploads\/2018\/11\/Stadtentdeckung7-24x24.jpeg 24w, https:\/\/test.ispas-ev.de\/wp-content\/uploads\/2018\/11\/Stadtentdeckung7-48x48.jpeg 48w, https:\/\/test.ispas-ev.de\/wp-content\/uploads\/2018\/11\/Stadtentdeckung7-96x96.jpeg 96w\" sizes=\"(max-width: 150px) 100vw, 150px\" \/><\/a>\n\t\t\t<\/div>\n\t\t\t\t<figcaption class='wp-caption-text gallery-caption' id='gallery-2-4662'>\n\t\t\t\tStadtentdeckung\n\t\t\t\t<\/figcaption><\/figure>\n\t\t<\/div>\n\n<p style=\"text-align: justify;\">Am Nachmittag haben wir an einem Stadtentdeckungsspiel teilgenommen, an dem Fr. Orsolya Gyarmathy, die Referentin f\u00fcr internationale Beziehungen uns mit ihren Kenntnissen unterst\u00fctzt hat. Wir haben sieben Karten auf Deutsch und Ungarisch bekommen, diese haben uns mit einer kleinen Geschichte in Form von Versen zu den n\u00e4chsten Stationen navigiert. Sieben Stationen haben wir finden m\u00fcssen, an jedem Ziel haben wir unser Sammelblatt stempeln lassen. So haben wir durch sch\u00f6ne Stra\u00dfen, Parks, an den Fl\u00fcssen entlang das <a href=\"http:\/\/www.urlaub-ungarn.at\/sightseeing\/weitere-sehenswuerdigkeiten-ungarn\/rathaus-gyoer.html\" target=\"_blank\" rel=\"noopener\"><strong>Rathaus<\/strong><\/a>, ein Golfhotel, verschiedene Denkm\u00e4ler, <a href=\"http:\/\/www.urlaub-ungarn.at\/sightseeing\/weitere-sehenswuerdigkeiten-ungarn\/basilika-gyoer.html\" target=\"_blank\" rel=\"noopener\"><strong>die Basilika<\/strong><\/a> und die Museumsapotheke entdeckt. W\u00e4hrend des Entdeckungsspiels haben wir ein altes Geb\u00e4ude von drau\u00dfen gesehen, wo sogar Napoleon eine Nacht verbracht hat. In das Geb\u00e4ude konnten wir leider nicht reingehen. Das Spiel hat uns nach 2,5 Stunden zum<a href=\"http:\/\/tourinform.hu\/tourinform-gyor?folderID=76021\" target=\"_blank\" rel=\"noopener\"><strong> Tourinform<\/strong> <\/a>B\u00fcro zur\u00fcckgef\u00fchrt (von wo wir auch gestartet sind). Dort haben wir eine kleine Karte mit unseren Vornamen unterschrieben und diese symbolisch an einen Baum genagelt.<\/p>\n<div id='gallery-3' class='gallery galleryid-4598 gallery-columns-2 gallery-size-thumbnail'><figure class='gallery-item'>\n\t\t\t<div class='gallery-icon portrait'>\n\t\t\t\t<a href='https:\/\/test.ispas-ev.de\/?attachment_id=4622'><img width=\"150\" height=\"150\" src=\"https:\/\/test.ispas-ev.de\/wp-content\/uploads\/2018\/11\/Baum3-150x150.jpeg\" class=\"attachment-thumbnail size-thumbnail\" alt=\"\" decoding=\"async\" loading=\"lazy\" aria-describedby=\"gallery-3-4622\" srcset=\"https:\/\/test.ispas-ev.de\/wp-content\/uploads\/2018\/11\/Baum3-150x150.jpeg 150w, https:\/\/test.ispas-ev.de\/wp-content\/uploads\/2018\/11\/Baum3-24x24.jpeg 24w, https:\/\/test.ispas-ev.de\/wp-content\/uploads\/2018\/11\/Baum3-48x48.jpeg 48w, https:\/\/test.ispas-ev.de\/wp-content\/uploads\/2018\/11\/Baum3-96x96.jpeg 96w\" sizes=\"(max-width: 150px) 100vw, 150px\" \/><\/a>\n\t\t\t<\/div>\n\t\t\t\t<figcaption class='wp-caption-text gallery-caption' id='gallery-3-4622'>\n\t\t\t\tSymbolischer Baum mit unseren Namen\n\t\t\t\t<\/figcaption><\/figure><figure class='gallery-item'>\n\t\t\t<div class='gallery-icon portrait'>\n\t\t\t\t<a href='https:\/\/test.ispas-ev.de\/?attachment_id=4620'><img width=\"150\" height=\"150\" src=\"https:\/\/test.ispas-ev.de\/wp-content\/uploads\/2018\/11\/Baum-150x150.jpeg\" class=\"attachment-thumbnail size-thumbnail\" alt=\"\" decoding=\"async\" loading=\"lazy\" aria-describedby=\"gallery-3-4620\" srcset=\"https:\/\/test.ispas-ev.de\/wp-content\/uploads\/2018\/11\/Baum-150x150.jpeg 150w, https:\/\/test.ispas-ev.de\/wp-content\/uploads\/2018\/11\/Baum-24x24.jpeg 24w, https:\/\/test.ispas-ev.de\/wp-content\/uploads\/2018\/11\/Baum-48x48.jpeg 48w, https:\/\/test.ispas-ev.de\/wp-content\/uploads\/2018\/11\/Baum-96x96.jpeg 96w\" sizes=\"(max-width: 150px) 100vw, 150px\" \/><\/a>\n\t\t\t<\/div>\n\t\t\t\t<figcaption class='wp-caption-text gallery-caption' id='gallery-3-4620'>\n\t\t\t\tSymbolischer Baum im B\u00fcro von Tourinform\n\t\t\t\t<\/figcaption><\/figure>\n\t\t<\/div>\n\n<p style=\"text-align: justify;\">Abends haben wir mit dem Direktor der Bibliothek, dem Notar von Gy\u0151r, anderen G\u00e4sten und den Delegationen zusammen zu Abend gegessen. Dort haben wir uns ein bisschen besser kennengelernt. Der diesj\u00e4hrige Gewinner des Salon-Preises konnte am Abendessen leider nicht teilnehmen.<\/p>\n<p style=\"text-align: justify;\">Den Samstag haben wir am Stand verbracht. Die Anzahl der B\u00fccher ist zu unserer Freude schon viel weniger geworden. Die Besucher haben sich sehr gl\u00fccklich gezeigt und haben sich f\u00fcr die Spende der Stadtbibliothek Sindelfingen und von privaten Personen aus Sindelfingen bei uns bedankt. Am Abend haben wir mit Hr. \u00c1kos Kalm\u00e1r eine tschechische Bierstube besucht und leckere Biersorten getestet. \u00c1kos ist nicht unbekannt f\u00fcr die Sindelfinger, er hat die Stadt Gy\u0151r schon \u00f6fters auf dem internationalen Stra\u00dfenfest in Sindelfingen vertreten.<\/p>\n<div id='gallery-4' class='gallery galleryid-4598 gallery-columns-3 gallery-size-thumbnail'><figure class='gallery-item'>\n\t\t\t<div class='gallery-icon landscape'>\n\t\t\t\t<a href='https:\/\/test.ispas-ev.de\/?attachment_id=4633'><img width=\"150\" height=\"150\" src=\"https:\/\/test.ispas-ev.de\/wp-content\/uploads\/2018\/11\/Kirche-150x150.jpeg\" class=\"attachment-thumbnail size-thumbnail\" alt=\"\" decoding=\"async\" loading=\"lazy\" aria-describedby=\"gallery-4-4633\" srcset=\"https:\/\/test.ispas-ev.de\/wp-content\/uploads\/2018\/11\/Kirche-150x150.jpeg 150w, https:\/\/test.ispas-ev.de\/wp-content\/uploads\/2018\/11\/Kirche-24x24.jpeg 24w, https:\/\/test.ispas-ev.de\/wp-content\/uploads\/2018\/11\/Kirche-48x48.jpeg 48w, https:\/\/test.ispas-ev.de\/wp-content\/uploads\/2018\/11\/Kirche-96x96.jpeg 96w\" sizes=\"(max-width: 150px) 100vw, 150px\" \/><\/a>\n\t\t\t<\/div>\n\t\t\t\t<figcaption class='wp-caption-text gallery-caption' id='gallery-4-4633'>\n\t\t\t\tSzent Ign\u00e1c-templom \/ Heiliger Ignatius-Kirche auf dem Sz\u00e9chenyi Platz\n\t\t\t\t<\/figcaption><\/figure><figure class='gallery-item'>\n\t\t\t<div class='gallery-icon portrait'>\n\t\t\t\t<a href='https:\/\/test.ispas-ev.de\/?attachment_id=4643'><img width=\"150\" height=\"150\" src=\"https:\/\/test.ispas-ev.de\/wp-content\/uploads\/2018\/11\/Riesenrad-150x150.jpeg\" class=\"attachment-thumbnail size-thumbnail\" alt=\"\" decoding=\"async\" loading=\"lazy\" aria-describedby=\"gallery-4-4643\" srcset=\"https:\/\/test.ispas-ev.de\/wp-content\/uploads\/2018\/11\/Riesenrad-150x150.jpeg 150w, https:\/\/test.ispas-ev.de\/wp-content\/uploads\/2018\/11\/Riesenrad-24x24.jpeg 24w, https:\/\/test.ispas-ev.de\/wp-content\/uploads\/2018\/11\/Riesenrad-48x48.jpeg 48w, https:\/\/test.ispas-ev.de\/wp-content\/uploads\/2018\/11\/Riesenrad-96x96.jpeg 96w\" sizes=\"(max-width: 150px) 100vw, 150px\" \/><\/a>\n\t\t\t<\/div>\n\t\t\t\t<figcaption class='wp-caption-text gallery-caption' id='gallery-4-4643'>\n\t\t\t\tDer winterfest gemachte Brunnen mit der Sodawasserflasche, im Hintergrund steht der Riesenrad. Das Sodawasser wurde in Gy\u0151r von \u00c1nyos Jedlik erfunden.\n\t\t\t\t<\/figcaption><\/figure><figure class='gallery-item'>\n\t\t\t<div class='gallery-icon landscape'>\n\t\t\t\t<a href='https:\/\/test.ispas-ev.de\/?attachment_id=4642'><img width=\"150\" height=\"150\" src=\"https:\/\/test.ispas-ev.de\/wp-content\/uploads\/2018\/11\/Rathaus-mit-Beleuchtung-150x150.jpeg\" class=\"attachment-thumbnail size-thumbnail\" alt=\"\" decoding=\"async\" loading=\"lazy\" aria-describedby=\"gallery-4-4642\" srcset=\"https:\/\/test.ispas-ev.de\/wp-content\/uploads\/2018\/11\/Rathaus-mit-Beleuchtung-150x150.jpeg 150w, https:\/\/test.ispas-ev.de\/wp-content\/uploads\/2018\/11\/Rathaus-mit-Beleuchtung-24x24.jpeg 24w, https:\/\/test.ispas-ev.de\/wp-content\/uploads\/2018\/11\/Rathaus-mit-Beleuchtung-48x48.jpeg 48w, https:\/\/test.ispas-ev.de\/wp-content\/uploads\/2018\/11\/Rathaus-mit-Beleuchtung-96x96.jpeg 96w\" sizes=\"(max-width: 150px) 100vw, 150px\" \/><\/a>\n\t\t\t<\/div>\n\t\t\t\t<figcaption class='wp-caption-text gallery-caption' id='gallery-4-4642'>\n\t\t\t\tWir haben Gl\u00fcck gehabt die Probe der Weihnachtsbeleuchtung des Rathauses sehen zu k\u00f6nnen\n\t\t\t\t<\/figcaption><\/figure>\n\t\t<\/div>\n\n<p style=\"text-align: justify;\">Am Sonntag haben wir unseren letzten Missionstag ein bisschen traurig begonnen. Es gab keine Kinderb\u00fccher, Kochb\u00fccher, Magazine, B\u00fccher f\u00fcr Jugendliche mehr. Nach der Schlie\u00dfung des Buchsalons haben wir das letzte offizielle Abendessen mit den Vertretern von Gy\u0151r und den Partnerst\u00e4dten verbracht. Hr. L\u00e1szl\u00f3 R\u00f3zsav\u00f6lgyi, der Pr\u00e4sident des kulturellen Komitees, hat uns mit seiner Rede begr\u00fc\u00dft und seinen herzlichen Dank an uns ausgesprochen. Danach haben wir das leckere Essen genossen. Wir haben dabei die tolle Information erhalten, dass eine deutschsprachige Bibliothek in Gy\u0151r noch dieses Jahr er\u00f6ffnet werden soll.<\/p>\n<figure id=\"attachment_4665\" aria-describedby=\"caption-attachment-4665\" style=\"width: 1600px\" class=\"wp-caption alignnone\"><a href=\"https:\/\/www.ispas-ev.de\/?attachment_id=4665\"><img decoding=\"async\" loading=\"lazy\" class=\"wp-image-4665 size-full\" src=\"https:\/\/www.ispas-ev.de\/wp-content\/uploads\/2018\/11\/Stand3.jpeg\" alt=\"\" width=\"1600\" height=\"1200\" srcset=\"https:\/\/test.ispas-ev.de\/wp-content\/uploads\/2018\/11\/Stand3.jpeg 1600w, https:\/\/test.ispas-ev.de\/wp-content\/uploads\/2018\/11\/Stand3-300x225.jpeg 300w, https:\/\/test.ispas-ev.de\/wp-content\/uploads\/2018\/11\/Stand3-768x576.jpeg 768w, https:\/\/test.ispas-ev.de\/wp-content\/uploads\/2018\/11\/Stand3-1024x768.jpeg 1024w\" sizes=\"(max-width: 1600px) 100vw, 1600px\" \/><\/a><figcaption id=\"caption-attachment-4665\" class=\"wp-caption-text\">Sabine und die Ingolst\u00e4dter am Stand<\/figcaption><\/figure>\n<p style=\"text-align: justify;\">Mit vielen Erlebnissen haben wir den Kopf zu den Tr\u00e4umen gelegt, um am Montag fr\u00fch zur\u00fcck nach Deutschland starten zu k\u00f6nnen. Nach einem Einkauf von leckerer, ungarischer Salami und Weihnachtsbonbons hat unser R\u00fcckweg nach Sindelfingen angefangen. Wir haben uns von den anderen Delegationen und der Stadt mit der Hoffnung verabschiedet, dass wir wieder zur\u00fcckkehren, um unsere sch\u00f6ne Stadt Sindelfingen zu vertreten. Auf dem Weg nach Hause haben wir unseren Hunger in <a href=\"http:\/\/www.rotthalmuenster.de\/\" target=\"_blank\" rel=\"noopener\"><strong>Rotthalm\u00fcnster<\/strong><\/a> in Bayern bes\u00e4nftigt. Abends sind wir mit sch\u00f6nen Erlebnissen bereichert in Sindelfingen angekommen.<\/p>\n<figure id=\"attachment_4663\" aria-describedby=\"caption-attachment-4663\" style=\"width: 1600px\" class=\"wp-caption alignnone\"><a href=\"https:\/\/www.ispas-ev.de\/?attachment_id=4663\"><img decoding=\"async\" loading=\"lazy\" class=\"wp-image-4663 size-full\" src=\"https:\/\/www.ispas-ev.de\/wp-content\/uploads\/2018\/11\/Stand.jpeg\" alt=\"\" width=\"1600\" height=\"1200\" srcset=\"https:\/\/test.ispas-ev.de\/wp-content\/uploads\/2018\/11\/Stand.jpeg 1600w, https:\/\/test.ispas-ev.de\/wp-content\/uploads\/2018\/11\/Stand-300x225.jpeg 300w, https:\/\/test.ispas-ev.de\/wp-content\/uploads\/2018\/11\/Stand-768x576.jpeg 768w, https:\/\/test.ispas-ev.de\/wp-content\/uploads\/2018\/11\/Stand-1024x768.jpeg 1024w\" sizes=\"(max-width: 1600px) 100vw, 1600px\" \/><\/a><figcaption id=\"caption-attachment-4663\" class=\"wp-caption-text\">Der Stand der Partnerst\u00e4dte im Nationaltheater<\/figcaption><\/figure>\n<p style=\"text-align: justify;\">Wir bedanken uns recht herzlich f\u00fcr die M\u00f6glichkeit und die wundersch\u00f6nen Tage in Gy\u0151r bei der Stadt Gy\u0151r, der Stadt Sindelfingen, Herrn Roland Stein, Frau Orsolya Gyarmathy f\u00fcr die Unterst\u00fctzung und Stadtf\u00fchrung, dem <a href=\"https:\/\/www.danubiushotels.com\/de\/unsere-hotels-gyor\/hotel-raba\" target=\"_blank\" rel=\"noopener\"><strong>Hotel R\u00e1ba<\/strong><\/a>, dem Nationaltheater und seiner Kantine, wo wir leckere ungarische Spezialit\u00e4ten zwischen bekannten Schauspielern und Ballettt\u00e4nzern genossen haben. Vielen herzlichen Dank f\u00fcr die zahlreichen B\u00fccher von der Stadtbibliothek und von Privatpersonen, f\u00fcr die Fahrt an Herrn Wolfgang Mehl und f\u00fcr die Begleitung an Frau Sabine Liedtke.<\/p>\n<p style=\"text-align: justify;\">Gy\u0151r, wir werden wieder zur\u00fcckkehren!<\/p>\n<div id='gallery-5' class='gallery galleryid-4598 gallery-columns-5 gallery-size-thumbnail'><figure class='gallery-item'>\n\t\t\t<div class='gallery-icon landscape'>\n\t\t\t\t<a href='https:\/\/test.ispas-ev.de\/?attachment_id=4636'><img width=\"150\" height=\"150\" src=\"https:\/\/test.ispas-ev.de\/wp-content\/uploads\/2018\/11\/Linz2-150x150.jpeg\" class=\"attachment-thumbnail size-thumbnail\" alt=\"\" decoding=\"async\" loading=\"lazy\" aria-describedby=\"gallery-5-4636\" srcset=\"https:\/\/test.ispas-ev.de\/wp-content\/uploads\/2018\/11\/Linz2-150x150.jpeg 150w, https:\/\/test.ispas-ev.de\/wp-content\/uploads\/2018\/11\/Linz2-24x24.jpeg 24w, https:\/\/test.ispas-ev.de\/wp-content\/uploads\/2018\/11\/Linz2-48x48.jpeg 48w, https:\/\/test.ispas-ev.de\/wp-content\/uploads\/2018\/11\/Linz2-96x96.jpeg 96w\" sizes=\"(max-width: 150px) 100vw, 150px\" \/><\/a>\n\t\t\t<\/div>\n\t\t\t\t<figcaption class='wp-caption-text gallery-caption' id='gallery-5-4636'>\n\t\t\t\tLinz im festlichen Licht\n\t\t\t\t<\/figcaption><\/figure><figure class='gallery-item'>\n\t\t\t<div class='gallery-icon landscape'>\n\t\t\t\t<a href='https:\/\/test.ispas-ev.de\/?attachment_id=4635'><img width=\"150\" height=\"150\" src=\"https:\/\/test.ispas-ev.de\/wp-content\/uploads\/2018\/11\/Linz-150x150.jpeg\" class=\"attachment-thumbnail size-thumbnail\" alt=\"\" decoding=\"async\" loading=\"lazy\" aria-describedby=\"gallery-5-4635\" srcset=\"https:\/\/test.ispas-ev.de\/wp-content\/uploads\/2018\/11\/Linz-150x150.jpeg 150w, https:\/\/test.ispas-ev.de\/wp-content\/uploads\/2018\/11\/Linz-24x24.jpeg 24w, https:\/\/test.ispas-ev.de\/wp-content\/uploads\/2018\/11\/Linz-48x48.jpeg 48w, https:\/\/test.ispas-ev.de\/wp-content\/uploads\/2018\/11\/Linz-96x96.jpeg 96w\" sizes=\"(max-width: 150px) 100vw, 150px\" \/><\/a>\n\t\t\t<\/div>\n\t\t\t\t<figcaption class='wp-caption-text gallery-caption' id='gallery-5-4635'>\n\t\t\t\tLinz in Weihnachtsbeleuchtung\n\t\t\t\t<\/figcaption><\/figure><figure class='gallery-item'>\n\t\t\t<div class='gallery-icon landscape'>\n\t\t\t\t<a href='https:\/\/test.ispas-ev.de\/?attachment_id=4678'><img width=\"150\" height=\"150\" src=\"https:\/\/test.ispas-ev.de\/wp-content\/uploads\/2018\/11\/Wir3-150x150.jpeg\" class=\"attachment-thumbnail size-thumbnail\" alt=\"\" decoding=\"async\" loading=\"lazy\" aria-describedby=\"gallery-5-4678\" srcset=\"https:\/\/test.ispas-ev.de\/wp-content\/uploads\/2018\/11\/Wir3-150x150.jpeg 150w, https:\/\/test.ispas-ev.de\/wp-content\/uploads\/2018\/11\/Wir3-24x24.jpeg 24w, https:\/\/test.ispas-ev.de\/wp-content\/uploads\/2018\/11\/Wir3-48x48.jpeg 48w, https:\/\/test.ispas-ev.de\/wp-content\/uploads\/2018\/11\/Wir3-96x96.jpeg 96w\" sizes=\"(max-width: 150px) 100vw, 150px\" \/><\/a>\n\t\t\t<\/div>\n\t\t\t\t<figcaption class='wp-caption-text gallery-caption' id='gallery-5-4678'>\n\t\t\t\tUnterwegs nach Gy\u0151r\n\t\t\t\t<\/figcaption><\/figure><figure class='gallery-item'>\n\t\t\t<div class='gallery-icon portrait'>\n\t\t\t\t<a href='https:\/\/test.ispas-ev.de\/?attachment_id=4646'><img width=\"150\" height=\"150\" src=\"https:\/\/test.ispas-ev.de\/wp-content\/uploads\/2018\/11\/Riesenrad3-150x150.jpeg\" class=\"attachment-thumbnail size-thumbnail\" alt=\"\" decoding=\"async\" loading=\"lazy\" aria-describedby=\"gallery-5-4646\" srcset=\"https:\/\/test.ispas-ev.de\/wp-content\/uploads\/2018\/11\/Riesenrad3-150x150.jpeg 150w, https:\/\/test.ispas-ev.de\/wp-content\/uploads\/2018\/11\/Riesenrad3-24x24.jpeg 24w, https:\/\/test.ispas-ev.de\/wp-content\/uploads\/2018\/11\/Riesenrad3-48x48.jpeg 48w, https:\/\/test.ispas-ev.de\/wp-content\/uploads\/2018\/11\/Riesenrad3-96x96.jpeg 96w\" sizes=\"(max-width: 150px) 100vw, 150px\" \/><\/a>\n\t\t\t<\/div>\n\t\t\t\t<figcaption class='wp-caption-text gallery-caption' id='gallery-5-4646'>\n\t\t\t\t#gy\u00f6r2023\n\t\t\t\t<\/figcaption><\/figure><figure class='gallery-item'>\n\t\t\t<div class='gallery-icon portrait'>\n\t\t\t\t<a href='https:\/\/test.ispas-ev.de\/?attachment_id=4643'><img width=\"150\" height=\"150\" src=\"https:\/\/test.ispas-ev.de\/wp-content\/uploads\/2018\/11\/Riesenrad-150x150.jpeg\" class=\"attachment-thumbnail size-thumbnail\" alt=\"\" decoding=\"async\" loading=\"lazy\" aria-describedby=\"gallery-5-4643\" srcset=\"https:\/\/test.ispas-ev.de\/wp-content\/uploads\/2018\/11\/Riesenrad-150x150.jpeg 150w, https:\/\/test.ispas-ev.de\/wp-content\/uploads\/2018\/11\/Riesenrad-24x24.jpeg 24w, https:\/\/test.ispas-ev.de\/wp-content\/uploads\/2018\/11\/Riesenrad-48x48.jpeg 48w, https:\/\/test.ispas-ev.de\/wp-content\/uploads\/2018\/11\/Riesenrad-96x96.jpeg 96w\" sizes=\"(max-width: 150px) 100vw, 150px\" \/><\/a>\n\t\t\t<\/div>\n\t\t\t\t<figcaption class='wp-caption-text gallery-caption' id='gallery-5-4643'>\n\t\t\t\tDer winterfest gemachte Brunnen mit der Sodawasserflasche, im Hintergrund steht der Riesenrad. Das Sodawasser wurde in Gy\u0151r von \u00c1nyos Jedlik erfunden.\n\t\t\t\t<\/figcaption><\/figure><figure class='gallery-item'>\n\t\t\t<div class='gallery-icon landscape'>\n\t\t\t\t<a href='https:\/\/test.ispas-ev.de\/?attachment_id=4633'><img width=\"150\" height=\"150\" src=\"https:\/\/test.ispas-ev.de\/wp-content\/uploads\/2018\/11\/Kirche-150x150.jpeg\" class=\"attachment-thumbnail size-thumbnail\" alt=\"\" decoding=\"async\" loading=\"lazy\" aria-describedby=\"gallery-5-4633\" srcset=\"https:\/\/test.ispas-ev.de\/wp-content\/uploads\/2018\/11\/Kirche-150x150.jpeg 150w, https:\/\/test.ispas-ev.de\/wp-content\/uploads\/2018\/11\/Kirche-24x24.jpeg 24w, https:\/\/test.ispas-ev.de\/wp-content\/uploads\/2018\/11\/Kirche-48x48.jpeg 48w, https:\/\/test.ispas-ev.de\/wp-content\/uploads\/2018\/11\/Kirche-96x96.jpeg 96w\" sizes=\"(max-width: 150px) 100vw, 150px\" \/><\/a>\n\t\t\t<\/div>\n\t\t\t\t<figcaption class='wp-caption-text gallery-caption' id='gallery-5-4633'>\n\t\t\t\tSzent Ign\u00e1c-templom \/ Heiliger Ignatius-Kirche auf dem Sz\u00e9chenyi Platz\n\t\t\t\t<\/figcaption><\/figure><figure class='gallery-item'>\n\t\t\t<div class='gallery-icon landscape'>\n\t\t\t\t<a href='https:\/\/test.ispas-ev.de\/?attachment_id=4642'><img width=\"150\" height=\"150\" src=\"https:\/\/test.ispas-ev.de\/wp-content\/uploads\/2018\/11\/Rathaus-mit-Beleuchtung-150x150.jpeg\" class=\"attachment-thumbnail size-thumbnail\" alt=\"\" decoding=\"async\" loading=\"lazy\" aria-describedby=\"gallery-5-4642\" srcset=\"https:\/\/test.ispas-ev.de\/wp-content\/uploads\/2018\/11\/Rathaus-mit-Beleuchtung-150x150.jpeg 150w, https:\/\/test.ispas-ev.de\/wp-content\/uploads\/2018\/11\/Rathaus-mit-Beleuchtung-24x24.jpeg 24w, https:\/\/test.ispas-ev.de\/wp-content\/uploads\/2018\/11\/Rathaus-mit-Beleuchtung-48x48.jpeg 48w, https:\/\/test.ispas-ev.de\/wp-content\/uploads\/2018\/11\/Rathaus-mit-Beleuchtung-96x96.jpeg 96w\" sizes=\"(max-width: 150px) 100vw, 150px\" \/><\/a>\n\t\t\t<\/div>\n\t\t\t\t<figcaption class='wp-caption-text gallery-caption' id='gallery-5-4642'>\n\t\t\t\tWir haben Gl\u00fcck gehabt die Probe der Weihnachtsbeleuchtung des Rathauses sehen zu k\u00f6nnen\n\t\t\t\t<\/figcaption><\/figure><figure class='gallery-item'>\n\t\t\t<div class='gallery-icon landscape'>\n\t\t\t\t<a href='https:\/\/test.ispas-ev.de\/?attachment_id=4641'><img width=\"150\" height=\"150\" src=\"https:\/\/test.ispas-ev.de\/wp-content\/uploads\/2018\/11\/Rathaus-in-der-Nacht-150x150.jpeg\" class=\"attachment-thumbnail size-thumbnail\" alt=\"\" decoding=\"async\" loading=\"lazy\" aria-describedby=\"gallery-5-4641\" srcset=\"https:\/\/test.ispas-ev.de\/wp-content\/uploads\/2018\/11\/Rathaus-in-der-Nacht-150x150.jpeg 150w, https:\/\/test.ispas-ev.de\/wp-content\/uploads\/2018\/11\/Rathaus-in-der-Nacht-24x24.jpeg 24w, https:\/\/test.ispas-ev.de\/wp-content\/uploads\/2018\/11\/Rathaus-in-der-Nacht-48x48.jpeg 48w, https:\/\/test.ispas-ev.de\/wp-content\/uploads\/2018\/11\/Rathaus-in-der-Nacht-96x96.jpeg 96w\" sizes=\"(max-width: 150px) 100vw, 150px\" \/><\/a>\n\t\t\t<\/div>\n\t\t\t\t<figcaption class='wp-caption-text gallery-caption' id='gallery-5-4641'>\n\t\t\t\tDas Rathaus in der Nacht. Es hat ein bisschen geschneit\n\t\t\t\t<\/figcaption><\/figure><figure class='gallery-item'>\n\t\t\t<div class='gallery-icon landscape'>\n\t\t\t\t<a href='https:\/\/test.ispas-ev.de\/?attachment_id=4679'><img width=\"150\" height=\"150\" src=\"https:\/\/test.ispas-ev.de\/wp-content\/uploads\/2018\/11\/Wir32-150x150.jpeg\" class=\"attachment-thumbnail size-thumbnail\" alt=\"\" decoding=\"async\" loading=\"lazy\" aria-describedby=\"gallery-5-4679\" srcset=\"https:\/\/test.ispas-ev.de\/wp-content\/uploads\/2018\/11\/Wir32-150x150.jpeg 150w, https:\/\/test.ispas-ev.de\/wp-content\/uploads\/2018\/11\/Wir32-24x24.jpeg 24w, https:\/\/test.ispas-ev.de\/wp-content\/uploads\/2018\/11\/Wir32-48x48.jpeg 48w, https:\/\/test.ispas-ev.de\/wp-content\/uploads\/2018\/11\/Wir32-96x96.jpeg 96w\" sizes=\"(max-width: 150px) 100vw, 150px\" \/><\/a>\n\t\t\t<\/div>\n\t\t\t\t<figcaption class='wp-caption-text gallery-caption' id='gallery-5-4679'>\n\t\t\t\tStadtentdeckung\n\t\t\t\t<\/figcaption><\/figure><figure class='gallery-item'>\n\t\t\t<div class='gallery-icon landscape'>\n\t\t\t\t<a href='https:\/\/test.ispas-ev.de\/?attachment_id=4662'><img width=\"150\" height=\"150\" src=\"https:\/\/test.ispas-ev.de\/wp-content\/uploads\/2018\/11\/Stadtentdeckung7-150x150.jpeg\" class=\"attachment-thumbnail size-thumbnail\" alt=\"\" decoding=\"async\" loading=\"lazy\" aria-describedby=\"gallery-5-4662\" srcset=\"https:\/\/test.ispas-ev.de\/wp-content\/uploads\/2018\/11\/Stadtentdeckung7-150x150.jpeg 150w, https:\/\/test.ispas-ev.de\/wp-content\/uploads\/2018\/11\/Stadtentdeckung7-24x24.jpeg 24w, https:\/\/test.ispas-ev.de\/wp-content\/uploads\/2018\/11\/Stadtentdeckung7-48x48.jpeg 48w, https:\/\/test.ispas-ev.de\/wp-content\/uploads\/2018\/11\/Stadtentdeckung7-96x96.jpeg 96w\" sizes=\"(max-width: 150px) 100vw, 150px\" \/><\/a>\n\t\t\t<\/div>\n\t\t\t\t<figcaption class='wp-caption-text gallery-caption' id='gallery-5-4662'>\n\t\t\t\tStadtentdeckung\n\t\t\t\t<\/figcaption><\/figure><figure class='gallery-item'>\n\t\t\t<div class='gallery-icon landscape'>\n\t\t\t\t<a href='https:\/\/test.ispas-ev.de\/?attachment_id=4660'><img width=\"150\" height=\"150\" src=\"https:\/\/test.ispas-ev.de\/wp-content\/uploads\/2018\/11\/Stadtentdeckung5-150x150.jpeg\" class=\"attachment-thumbnail size-thumbnail\" alt=\"\" decoding=\"async\" loading=\"lazy\" aria-describedby=\"gallery-5-4660\" srcset=\"https:\/\/test.ispas-ev.de\/wp-content\/uploads\/2018\/11\/Stadtentdeckung5-150x150.jpeg 150w, https:\/\/test.ispas-ev.de\/wp-content\/uploads\/2018\/11\/Stadtentdeckung5-24x24.jpeg 24w, https:\/\/test.ispas-ev.de\/wp-content\/uploads\/2018\/11\/Stadtentdeckung5-48x48.jpeg 48w, https:\/\/test.ispas-ev.de\/wp-content\/uploads\/2018\/11\/Stadtentdeckung5-96x96.jpeg 96w\" sizes=\"(max-width: 150px) 100vw, 150px\" \/><\/a>\n\t\t\t<\/div>\n\t\t\t\t<figcaption class='wp-caption-text gallery-caption' id='gallery-5-4660'>\n\t\t\t\tStadtentdeckung\n\t\t\t\t<\/figcaption><\/figure><figure class='gallery-item'>\n\t\t\t<div class='gallery-icon landscape'>\n\t\t\t\t<a href='https:\/\/test.ispas-ev.de\/?attachment_id=4661'><img width=\"150\" height=\"150\" src=\"https:\/\/test.ispas-ev.de\/wp-content\/uploads\/2018\/11\/Stadtentdeckung6-150x150.jpeg\" class=\"attachment-thumbnail size-thumbnail\" alt=\"\" decoding=\"async\" loading=\"lazy\" aria-describedby=\"gallery-5-4661\" srcset=\"https:\/\/test.ispas-ev.de\/wp-content\/uploads\/2018\/11\/Stadtentdeckung6-150x150.jpeg 150w, https:\/\/test.ispas-ev.de\/wp-content\/uploads\/2018\/11\/Stadtentdeckung6-24x24.jpeg 24w, https:\/\/test.ispas-ev.de\/wp-content\/uploads\/2018\/11\/Stadtentdeckung6-48x48.jpeg 48w, https:\/\/test.ispas-ev.de\/wp-content\/uploads\/2018\/11\/Stadtentdeckung6-96x96.jpeg 96w\" sizes=\"(max-width: 150px) 100vw, 150px\" \/><\/a>\n\t\t\t<\/div>\n\t\t\t\t<figcaption class='wp-caption-text gallery-caption' id='gallery-5-4661'>\n\t\t\t\tStadtentdeckung\n\t\t\t\t<\/figcaption><\/figure><figure class='gallery-item'>\n\t\t\t<div class='gallery-icon landscape'>\n\t\t\t\t<a href='https:\/\/test.ispas-ev.de\/?attachment_id=4658'><img width=\"150\" height=\"150\" src=\"https:\/\/test.ispas-ev.de\/wp-content\/uploads\/2018\/11\/Stadtentdeckung3-150x150.jpeg\" class=\"attachment-thumbnail size-thumbnail\" alt=\"\" decoding=\"async\" loading=\"lazy\" aria-describedby=\"gallery-5-4658\" srcset=\"https:\/\/test.ispas-ev.de\/wp-content\/uploads\/2018\/11\/Stadtentdeckung3-150x150.jpeg 150w, https:\/\/test.ispas-ev.de\/wp-content\/uploads\/2018\/11\/Stadtentdeckung3-24x24.jpeg 24w, https:\/\/test.ispas-ev.de\/wp-content\/uploads\/2018\/11\/Stadtentdeckung3-48x48.jpeg 48w, https:\/\/test.ispas-ev.de\/wp-content\/uploads\/2018\/11\/Stadtentdeckung3-96x96.jpeg 96w\" sizes=\"(max-width: 150px) 100vw, 150px\" \/><\/a>\n\t\t\t<\/div>\n\t\t\t\t<figcaption class='wp-caption-text gallery-caption' id='gallery-5-4658'>\n\t\t\t\tAuf dem Sz\u00e9chenyi Platz\n\t\t\t\t<\/figcaption><\/figure><figure class='gallery-item'>\n\t\t\t<div class='gallery-icon landscape'>\n\t\t\t\t<a href='https:\/\/test.ispas-ev.de\/?attachment_id=4657'><img width=\"150\" height=\"150\" src=\"https:\/\/test.ispas-ev.de\/wp-content\/uploads\/2018\/11\/Stadtentdeckung2-150x150.jpeg\" class=\"attachment-thumbnail size-thumbnail\" alt=\"\" decoding=\"async\" loading=\"lazy\" aria-describedby=\"gallery-5-4657\" srcset=\"https:\/\/test.ispas-ev.de\/wp-content\/uploads\/2018\/11\/Stadtentdeckung2-150x150.jpeg 150w, https:\/\/test.ispas-ev.de\/wp-content\/uploads\/2018\/11\/Stadtentdeckung2-24x24.jpeg 24w, https:\/\/test.ispas-ev.de\/wp-content\/uploads\/2018\/11\/Stadtentdeckung2-48x48.jpeg 48w, https:\/\/test.ispas-ev.de\/wp-content\/uploads\/2018\/11\/Stadtentdeckung2-96x96.jpeg 96w\" sizes=\"(max-width: 150px) 100vw, 150px\" \/><\/a>\n\t\t\t<\/div>\n\t\t\t\t<figcaption class='wp-caption-text gallery-caption' id='gallery-5-4657'>\n\t\t\t\tStadtentdeckung\n\t\t\t\t<\/figcaption><\/figure><figure class='gallery-item'>\n\t\t\t<div class='gallery-icon landscape'>\n\t\t\t\t<a href='https:\/\/test.ispas-ev.de\/?attachment_id=4655'><img width=\"150\" height=\"150\" src=\"https:\/\/test.ispas-ev.de\/wp-content\/uploads\/2018\/11\/Stadtentd11-150x150.jpeg\" class=\"attachment-thumbnail size-thumbnail\" alt=\"\" decoding=\"async\" loading=\"lazy\" aria-describedby=\"gallery-5-4655\" srcset=\"https:\/\/test.ispas-ev.de\/wp-content\/uploads\/2018\/11\/Stadtentd11-150x150.jpeg 150w, https:\/\/test.ispas-ev.de\/wp-content\/uploads\/2018\/11\/Stadtentd11-24x24.jpeg 24w, https:\/\/test.ispas-ev.de\/wp-content\/uploads\/2018\/11\/Stadtentd11-48x48.jpeg 48w, https:\/\/test.ispas-ev.de\/wp-content\/uploads\/2018\/11\/Stadtentd11-96x96.jpeg 96w\" sizes=\"(max-width: 150px) 100vw, 150px\" \/><\/a>\n\t\t\t<\/div>\n\t\t\t\t<figcaption class='wp-caption-text gallery-caption' id='gallery-5-4655'>\n\t\t\t\tDie Synagoge\n\t\t\t\t<\/figcaption><\/figure><figure class='gallery-item'>\n\t\t\t<div class='gallery-icon portrait'>\n\t\t\t\t<a href='https:\/\/test.ispas-ev.de\/?attachment_id=4656'><img width=\"150\" height=\"150\" src=\"https:\/\/test.ispas-ev.de\/wp-content\/uploads\/2018\/11\/Stadtentdeckung-150x150.jpeg\" class=\"attachment-thumbnail size-thumbnail\" alt=\"\" decoding=\"async\" loading=\"lazy\" aria-describedby=\"gallery-5-4656\" srcset=\"https:\/\/test.ispas-ev.de\/wp-content\/uploads\/2018\/11\/Stadtentdeckung-150x150.jpeg 150w, https:\/\/test.ispas-ev.de\/wp-content\/uploads\/2018\/11\/Stadtentdeckung-24x24.jpeg 24w, https:\/\/test.ispas-ev.de\/wp-content\/uploads\/2018\/11\/Stadtentdeckung-48x48.jpeg 48w, https:\/\/test.ispas-ev.de\/wp-content\/uploads\/2018\/11\/Stadtentdeckung-96x96.jpeg 96w\" sizes=\"(max-width: 150px) 100vw, 150px\" \/><\/a>\n\t\t\t<\/div>\n\t\t\t\t<figcaption class='wp-caption-text gallery-caption' id='gallery-5-4656'>\n\t\t\t\tStadtentdeckung\n\t\t\t\t<\/figcaption><\/figure><figure class='gallery-item'>\n\t\t\t<div class='gallery-icon landscape'>\n\t\t\t\t<a href='https:\/\/test.ispas-ev.de\/?attachment_id=4649'><img width=\"150\" height=\"150\" src=\"https:\/\/test.ispas-ev.de\/wp-content\/uploads\/2018\/11\/Schiff2-150x150.jpeg\" class=\"attachment-thumbnail size-thumbnail\" alt=\"\" decoding=\"async\" loading=\"lazy\" aria-describedby=\"gallery-5-4649\" srcset=\"https:\/\/test.ispas-ev.de\/wp-content\/uploads\/2018\/11\/Schiff2-150x150.jpeg 150w, https:\/\/test.ispas-ev.de\/wp-content\/uploads\/2018\/11\/Schiff2-24x24.jpeg 24w, https:\/\/test.ispas-ev.de\/wp-content\/uploads\/2018\/11\/Schiff2-48x48.jpeg 48w, https:\/\/test.ispas-ev.de\/wp-content\/uploads\/2018\/11\/Schiff2-96x96.jpeg 96w\" sizes=\"(max-width: 150px) 100vw, 150px\" \/><\/a>\n\t\t\t<\/div>\n\t\t\t\t<figcaption class='wp-caption-text gallery-caption' id='gallery-5-4649'>\n\t\t\t\tDas goldene Schiff \u00fcber der Goldschiff Apotheke\n\t\t\t\t<\/figcaption><\/figure><figure class='gallery-item'>\n\t\t\t<div class='gallery-icon landscape'>\n\t\t\t\t<a href='https:\/\/test.ispas-ev.de\/?attachment_id=4654'><img width=\"150\" height=\"150\" src=\"https:\/\/test.ispas-ev.de\/wp-content\/uploads\/2018\/11\/Stadtentd10-150x150.jpeg\" class=\"attachment-thumbnail size-thumbnail\" alt=\"\" decoding=\"async\" loading=\"lazy\" aria-describedby=\"gallery-5-4654\" srcset=\"https:\/\/test.ispas-ev.de\/wp-content\/uploads\/2018\/11\/Stadtentd10-150x150.jpeg 150w, https:\/\/test.ispas-ev.de\/wp-content\/uploads\/2018\/11\/Stadtentd10-24x24.jpeg 24w, https:\/\/test.ispas-ev.de\/wp-content\/uploads\/2018\/11\/Stadtentd10-48x48.jpeg 48w, https:\/\/test.ispas-ev.de\/wp-content\/uploads\/2018\/11\/Stadtentd10-96x96.jpeg 96w\" sizes=\"(max-width: 150px) 100vw, 150px\" \/><\/a>\n\t\t\t<\/div>\n\t\t\t\t<figcaption class='wp-caption-text gallery-caption' id='gallery-5-4654'>\n\t\t\t\tStadtentdeckung\n\t\t\t\t<\/figcaption><\/figure><figure class='gallery-item'>\n\t\t\t<div class='gallery-icon landscape'>\n\t\t\t\t<a href='https:\/\/test.ispas-ev.de\/?attachment_id=4652'><img width=\"150\" height=\"150\" src=\"https:\/\/test.ispas-ev.de\/wp-content\/uploads\/2018\/11\/Stadtentd8-150x150.jpeg\" class=\"attachment-thumbnail size-thumbnail\" alt=\"\" decoding=\"async\" loading=\"lazy\" aria-describedby=\"gallery-5-4652\" srcset=\"https:\/\/test.ispas-ev.de\/wp-content\/uploads\/2018\/11\/Stadtentd8-150x150.jpeg 150w, https:\/\/test.ispas-ev.de\/wp-content\/uploads\/2018\/11\/Stadtentd8-24x24.jpeg 24w, https:\/\/test.ispas-ev.de\/wp-content\/uploads\/2018\/11\/Stadtentd8-48x48.jpeg 48w, https:\/\/test.ispas-ev.de\/wp-content\/uploads\/2018\/11\/Stadtentd8-96x96.jpeg 96w\" sizes=\"(max-width: 150px) 100vw, 150px\" \/><\/a>\n\t\t\t<\/div>\n\t\t\t\t<figcaption class='wp-caption-text gallery-caption' id='gallery-5-4652'>\n\t\t\t\tDie Kossuth Br\u00fccke\n\t\t\t\t<\/figcaption><\/figure><figure class='gallery-item'>\n\t\t\t<div class='gallery-icon landscape'>\n\t\t\t\t<a href='https:\/\/test.ispas-ev.de\/?attachment_id=4653'><img width=\"150\" height=\"150\" src=\"https:\/\/test.ispas-ev.de\/wp-content\/uploads\/2018\/11\/Stadtentd9-150x150.jpeg\" class=\"attachment-thumbnail size-thumbnail\" alt=\"\" decoding=\"async\" loading=\"lazy\" aria-describedby=\"gallery-5-4653\" srcset=\"https:\/\/test.ispas-ev.de\/wp-content\/uploads\/2018\/11\/Stadtentd9-150x150.jpeg 150w, https:\/\/test.ispas-ev.de\/wp-content\/uploads\/2018\/11\/Stadtentd9-24x24.jpeg 24w, https:\/\/test.ispas-ev.de\/wp-content\/uploads\/2018\/11\/Stadtentd9-48x48.jpeg 48w, https:\/\/test.ispas-ev.de\/wp-content\/uploads\/2018\/11\/Stadtentd9-96x96.jpeg 96w\" sizes=\"(max-width: 150px) 100vw, 150px\" \/><\/a>\n\t\t\t<\/div>\n\t\t\t\t<figcaption class='wp-caption-text gallery-caption' id='gallery-5-4653'>\n\t\t\t\tDie Kossuth Br\u00fccke \u00fcber die Moson-Donau\n\t\t\t\t<\/figcaption><\/figure><figure class='gallery-item'>\n\t\t\t<div class='gallery-icon landscape'>\n\t\t\t\t<a href='https:\/\/test.ispas-ev.de\/?attachment_id=4651'><img width=\"150\" height=\"150\" src=\"https:\/\/test.ispas-ev.de\/wp-content\/uploads\/2018\/11\/Stadt13-150x150.jpeg\" class=\"attachment-thumbnail size-thumbnail\" alt=\"\" decoding=\"async\" loading=\"lazy\" aria-describedby=\"gallery-5-4651\" srcset=\"https:\/\/test.ispas-ev.de\/wp-content\/uploads\/2018\/11\/Stadt13-150x150.jpeg 150w, https:\/\/test.ispas-ev.de\/wp-content\/uploads\/2018\/11\/Stadt13-24x24.jpeg 24w, https:\/\/test.ispas-ev.de\/wp-content\/uploads\/2018\/11\/Stadt13-48x48.jpeg 48w, https:\/\/test.ispas-ev.de\/wp-content\/uploads\/2018\/11\/Stadt13-96x96.jpeg 96w\" sizes=\"(max-width: 150px) 100vw, 150px\" \/><\/a>\n\t\t\t<\/div>\n\t\t\t\t<figcaption class='wp-caption-text gallery-caption' id='gallery-5-4651'>\n\t\t\t\tEine andere Perspektive in Gy\u0151r\n\t\t\t\t<\/figcaption><\/figure><figure class='gallery-item'>\n\t\t\t<div class='gallery-icon portrait'>\n\t\t\t\t<a href='https:\/\/test.ispas-ev.de\/?attachment_id=4650'><img width=\"150\" height=\"150\" src=\"https:\/\/test.ispas-ev.de\/wp-content\/uploads\/2018\/11\/Stadt12-150x150.jpeg\" class=\"attachment-thumbnail size-thumbnail\" alt=\"\" decoding=\"async\" loading=\"lazy\" aria-describedby=\"gallery-5-4650\" srcset=\"https:\/\/test.ispas-ev.de\/wp-content\/uploads\/2018\/11\/Stadt12-150x150.jpeg 150w, https:\/\/test.ispas-ev.de\/wp-content\/uploads\/2018\/11\/Stadt12-24x24.jpeg 24w, https:\/\/test.ispas-ev.de\/wp-content\/uploads\/2018\/11\/Stadt12-48x48.jpeg 48w, https:\/\/test.ispas-ev.de\/wp-content\/uploads\/2018\/11\/Stadt12-96x96.jpeg 96w\" sizes=\"(max-width: 150px) 100vw, 150px\" \/><\/a>\n\t\t\t<\/div>\n\t\t\t\t<figcaption class='wp-caption-text gallery-caption' id='gallery-5-4650'>\n\t\t\t\tStadtentdeckung\n\t\t\t\t<\/figcaption><\/figure><figure class='gallery-item'>\n\t\t\t<div class='gallery-icon portrait'>\n\t\t\t\t<a href='https:\/\/test.ispas-ev.de\/?attachment_id=4648'><img width=\"150\" height=\"150\" src=\"https:\/\/test.ispas-ev.de\/wp-content\/uploads\/2018\/11\/Schiff-150x150.jpeg\" class=\"attachment-thumbnail size-thumbnail\" alt=\"\" decoding=\"async\" loading=\"lazy\" aria-describedby=\"gallery-5-4648\" srcset=\"https:\/\/test.ispas-ev.de\/wp-content\/uploads\/2018\/11\/Schiff-150x150.jpeg 150w, https:\/\/test.ispas-ev.de\/wp-content\/uploads\/2018\/11\/Schiff-24x24.jpeg 24w, https:\/\/test.ispas-ev.de\/wp-content\/uploads\/2018\/11\/Schiff-48x48.jpeg 48w, https:\/\/test.ispas-ev.de\/wp-content\/uploads\/2018\/11\/Schiff-96x96.jpeg 96w\" sizes=\"(max-width: 150px) 100vw, 150px\" \/><\/a>\n\t\t\t<\/div>\n\t\t\t\t<figcaption class='wp-caption-text gallery-caption' id='gallery-5-4648'>\n\t\t\t\tDas goldene Schiff\n\t\t\t\t<\/figcaption><\/figure><figure class='gallery-item'>\n\t\t\t<div class='gallery-icon landscape'>\n\t\t\t\t<a href='https:\/\/test.ispas-ev.de\/?attachment_id=4640'><img width=\"150\" height=\"150\" src=\"https:\/\/test.ispas-ev.de\/wp-content\/uploads\/2018\/11\/Rathaus-150x150.jpeg\" class=\"attachment-thumbnail size-thumbnail\" alt=\"\" decoding=\"async\" loading=\"lazy\" aria-describedby=\"gallery-5-4640\" srcset=\"https:\/\/test.ispas-ev.de\/wp-content\/uploads\/2018\/11\/Rathaus-150x150.jpeg 150w, https:\/\/test.ispas-ev.de\/wp-content\/uploads\/2018\/11\/Rathaus-24x24.jpeg 24w, https:\/\/test.ispas-ev.de\/wp-content\/uploads\/2018\/11\/Rathaus-48x48.jpeg 48w, https:\/\/test.ispas-ev.de\/wp-content\/uploads\/2018\/11\/Rathaus-96x96.jpeg 96w\" sizes=\"(max-width: 150px) 100vw, 150px\" \/><\/a>\n\t\t\t<\/div>\n\t\t\t\t<figcaption class='wp-caption-text gallery-caption' id='gallery-5-4640'>\n\t\t\t\tDer Turm des Rathauses \n\t\t\t\t<\/figcaption><\/figure><figure class='gallery-item'>\n\t\t\t<div class='gallery-icon landscape'>\n\t\t\t\t<a href='https:\/\/test.ispas-ev.de\/?attachment_id=4638'><img width=\"150\" height=\"150\" src=\"https:\/\/test.ispas-ev.de\/wp-content\/uploads\/2018\/11\/Napoleon2-150x150.jpeg\" class=\"attachment-thumbnail size-thumbnail\" alt=\"\" decoding=\"async\" loading=\"lazy\" aria-describedby=\"gallery-5-4638\" srcset=\"https:\/\/test.ispas-ev.de\/wp-content\/uploads\/2018\/11\/Napoleon2-150x150.jpeg 150w, https:\/\/test.ispas-ev.de\/wp-content\/uploads\/2018\/11\/Napoleon2-24x24.jpeg 24w, https:\/\/test.ispas-ev.de\/wp-content\/uploads\/2018\/11\/Napoleon2-48x48.jpeg 48w, https:\/\/test.ispas-ev.de\/wp-content\/uploads\/2018\/11\/Napoleon2-96x96.jpeg 96w\" sizes=\"(max-width: 150px) 100vw, 150px\" \/><\/a>\n\t\t\t<\/div>\n\t\t\t\t<figcaption class='wp-caption-text gallery-caption' id='gallery-5-4638'>\n\t\t\t\tAlte W\u00e4nde des Geb\u00e4udes\n\t\t\t\t<\/figcaption><\/figure><figure class='gallery-item'>\n\t\t\t<div class='gallery-icon landscape'>\n\t\t\t\t<a href='https:\/\/test.ispas-ev.de\/?attachment_id=4639'><img width=\"150\" height=\"150\" src=\"https:\/\/test.ispas-ev.de\/wp-content\/uploads\/2018\/11\/Napoleon3-150x150.jpeg\" class=\"attachment-thumbnail size-thumbnail\" alt=\"\" decoding=\"async\" loading=\"lazy\" aria-describedby=\"gallery-5-4639\" srcset=\"https:\/\/test.ispas-ev.de\/wp-content\/uploads\/2018\/11\/Napoleon3-150x150.jpeg 150w, https:\/\/test.ispas-ev.de\/wp-content\/uploads\/2018\/11\/Napoleon3-24x24.jpeg 24w, https:\/\/test.ispas-ev.de\/wp-content\/uploads\/2018\/11\/Napoleon3-48x48.jpeg 48w, https:\/\/test.ispas-ev.de\/wp-content\/uploads\/2018\/11\/Napoleon3-96x96.jpeg 96w\" sizes=\"(max-width: 150px) 100vw, 150px\" \/><\/a>\n\t\t\t<\/div>\n\t\t\t\t<figcaption class='wp-caption-text gallery-caption' id='gallery-5-4639'>\n\t\t\t\tAuf dem Gedenkschild steht der Datum des Besuches von Napoleon. \nDarunter steht: Gedenkbibliothek von der Xantus J\u00e1nos Museum\n\t\t\t\t<\/figcaption><\/figure><figure class='gallery-item'>\n\t\t\t<div class='gallery-icon landscape'>\n\t\t\t\t<a href='https:\/\/test.ispas-ev.de\/?attachment_id=4637'><img width=\"150\" height=\"150\" src=\"https:\/\/test.ispas-ev.de\/wp-content\/uploads\/2018\/11\/Napoleon-150x150.jpeg\" class=\"attachment-thumbnail size-thumbnail\" alt=\"\" decoding=\"async\" loading=\"lazy\" aria-describedby=\"gallery-5-4637\" srcset=\"https:\/\/test.ispas-ev.de\/wp-content\/uploads\/2018\/11\/Napoleon-150x150.jpeg 150w, https:\/\/test.ispas-ev.de\/wp-content\/uploads\/2018\/11\/Napoleon-24x24.jpeg 24w, https:\/\/test.ispas-ev.de\/wp-content\/uploads\/2018\/11\/Napoleon-48x48.jpeg 48w, https:\/\/test.ispas-ev.de\/wp-content\/uploads\/2018\/11\/Napoleon-96x96.jpeg 96w\" sizes=\"(max-width: 150px) 100vw, 150px\" \/><\/a>\n\t\t\t<\/div>\n\t\t\t\t<figcaption class='wp-caption-text gallery-caption' id='gallery-5-4637'>\n\t\t\t\tIn diesem Geb\u00e4ude hat Napoleon am 31. August 1809 eine Nacht verbracht\n\t\t\t\t<\/figcaption><\/figure><figure class='gallery-item'>\n\t\t\t<div class='gallery-icon portrait'>\n\t\t\t\t<a href='https:\/\/test.ispas-ev.de\/?attachment_id=4634'><img width=\"150\" height=\"150\" src=\"https:\/\/test.ispas-ev.de\/wp-content\/uploads\/2018\/11\/Kleine-Gasse-150x150.jpeg\" class=\"attachment-thumbnail size-thumbnail\" alt=\"\" decoding=\"async\" loading=\"lazy\" aria-describedby=\"gallery-5-4634\" srcset=\"https:\/\/test.ispas-ev.de\/wp-content\/uploads\/2018\/11\/Kleine-Gasse-150x150.jpeg 150w, https:\/\/test.ispas-ev.de\/wp-content\/uploads\/2018\/11\/Kleine-Gasse-24x24.jpeg 24w, https:\/\/test.ispas-ev.de\/wp-content\/uploads\/2018\/11\/Kleine-Gasse-48x48.jpeg 48w, https:\/\/test.ispas-ev.de\/wp-content\/uploads\/2018\/11\/Kleine-Gasse-96x96.jpeg 96w\" sizes=\"(max-width: 150px) 100vw, 150px\" \/><\/a>\n\t\t\t<\/div>\n\t\t\t\t<figcaption class='wp-caption-text gallery-caption' id='gallery-5-4634'>\n\t\t\t\tKleine Gasse. Gegen\u00fcber steht das Geb\u00e4ude, wo Napoleon eine Nacht verbracht hat\n\t\t\t\t<\/figcaption><\/figure><figure class='gallery-item'>\n\t\t\t<div class='gallery-icon landscape'>\n\t\t\t\t<a href='https:\/\/test.ispas-ev.de\/?attachment_id=4631'><img width=\"150\" height=\"150\" src=\"https:\/\/test.ispas-ev.de\/wp-content\/uploads\/2018\/11\/Hotel-150x150.jpeg\" class=\"attachment-thumbnail size-thumbnail\" alt=\"\" decoding=\"async\" loading=\"lazy\" aria-describedby=\"gallery-5-4631\" srcset=\"https:\/\/test.ispas-ev.de\/wp-content\/uploads\/2018\/11\/Hotel-150x150.jpeg 150w, https:\/\/test.ispas-ev.de\/wp-content\/uploads\/2018\/11\/Hotel-24x24.jpeg 24w, https:\/\/test.ispas-ev.de\/wp-content\/uploads\/2018\/11\/Hotel-48x48.jpeg 48w, https:\/\/test.ispas-ev.de\/wp-content\/uploads\/2018\/11\/Hotel-96x96.jpeg 96w\" sizes=\"(max-width: 150px) 100vw, 150px\" \/><\/a>\n\t\t\t<\/div>\n\t\t\t\t<figcaption class='wp-caption-text gallery-caption' id='gallery-5-4631'>\n\t\t\t\tHotel R\u00e1ba City Center\n\t\t\t\t<\/figcaption><\/figure><figure class='gallery-item'>\n\t\t\t<div class='gallery-icon landscape'>\n\t\t\t\t<a href='https:\/\/test.ispas-ev.de\/?attachment_id=4630'><img width=\"150\" height=\"150\" src=\"https:\/\/test.ispas-ev.de\/wp-content\/uploads\/2018\/11\/Gy\u00f6r-150x150.jpeg\" class=\"attachment-thumbnail size-thumbnail\" alt=\"\" decoding=\"async\" loading=\"lazy\" aria-describedby=\"gallery-5-4630\" srcset=\"https:\/\/test.ispas-ev.de\/wp-content\/uploads\/2018\/11\/Gy\u00f6r-150x150.jpeg 150w, https:\/\/test.ispas-ev.de\/wp-content\/uploads\/2018\/11\/Gy\u00f6r-24x24.jpeg 24w, https:\/\/test.ispas-ev.de\/wp-content\/uploads\/2018\/11\/Gy\u00f6r-48x48.jpeg 48w, https:\/\/test.ispas-ev.de\/wp-content\/uploads\/2018\/11\/Gy\u00f6r-96x96.jpeg 96w\" sizes=\"(max-width: 150px) 100vw, 150px\" \/><\/a>\n\t\t\t<\/div>\n\t\t\t\t<figcaption class='wp-caption-text gallery-caption' id='gallery-5-4630'>\n\t\t\t\tStadtentdeckung\n\t\t\t\t<\/figcaption><\/figure><figure class='gallery-item'>\n\t\t\t<div class='gallery-icon portrait'>\n\t\t\t\t<a href='https:\/\/test.ispas-ev.de\/?attachment_id=4622'><img width=\"150\" height=\"150\" src=\"https:\/\/test.ispas-ev.de\/wp-content\/uploads\/2018\/11\/Baum3-150x150.jpeg\" class=\"attachment-thumbnail size-thumbnail\" alt=\"\" decoding=\"async\" loading=\"lazy\" aria-describedby=\"gallery-5-4622\" srcset=\"https:\/\/test.ispas-ev.de\/wp-content\/uploads\/2018\/11\/Baum3-150x150.jpeg 150w, https:\/\/test.ispas-ev.de\/wp-content\/uploads\/2018\/11\/Baum3-24x24.jpeg 24w, https:\/\/test.ispas-ev.de\/wp-content\/uploads\/2018\/11\/Baum3-48x48.jpeg 48w, https:\/\/test.ispas-ev.de\/wp-content\/uploads\/2018\/11\/Baum3-96x96.jpeg 96w\" sizes=\"(max-width: 150px) 100vw, 150px\" \/><\/a>\n\t\t\t<\/div>\n\t\t\t\t<figcaption class='wp-caption-text gallery-caption' id='gallery-5-4622'>\n\t\t\t\tSymbolischer Baum mit unseren Namen\n\t\t\t\t<\/figcaption><\/figure><figure class='gallery-item'>\n\t\t\t<div class='gallery-icon portrait'>\n\t\t\t\t<a href='https:\/\/test.ispas-ev.de\/?attachment_id=4621'><img width=\"150\" height=\"150\" src=\"https:\/\/test.ispas-ev.de\/wp-content\/uploads\/2018\/11\/Baum2-150x150.jpeg\" class=\"attachment-thumbnail size-thumbnail\" alt=\"\" decoding=\"async\" loading=\"lazy\" aria-describedby=\"gallery-5-4621\" srcset=\"https:\/\/test.ispas-ev.de\/wp-content\/uploads\/2018\/11\/Baum2-150x150.jpeg 150w, https:\/\/test.ispas-ev.de\/wp-content\/uploads\/2018\/11\/Baum2-24x24.jpeg 24w, https:\/\/test.ispas-ev.de\/wp-content\/uploads\/2018\/11\/Baum2-48x48.jpeg 48w, https:\/\/test.ispas-ev.de\/wp-content\/uploads\/2018\/11\/Baum2-96x96.jpeg 96w\" sizes=\"(max-width: 150px) 100vw, 150px\" \/><\/a>\n\t\t\t<\/div>\n\t\t\t\t<figcaption class='wp-caption-text gallery-caption' id='gallery-5-4621'>\n\t\t\t\tSymbolischer Baum\n\t\t\t\t<\/figcaption><\/figure><figure class='gallery-item'>\n\t\t\t<div class='gallery-icon portrait'>\n\t\t\t\t<a href='https:\/\/test.ispas-ev.de\/?attachment_id=4620'><img width=\"150\" height=\"150\" src=\"https:\/\/test.ispas-ev.de\/wp-content\/uploads\/2018\/11\/Baum-150x150.jpeg\" class=\"attachment-thumbnail size-thumbnail\" alt=\"\" decoding=\"async\" loading=\"lazy\" aria-describedby=\"gallery-5-4620\" srcset=\"https:\/\/test.ispas-ev.de\/wp-content\/uploads\/2018\/11\/Baum-150x150.jpeg 150w, https:\/\/test.ispas-ev.de\/wp-content\/uploads\/2018\/11\/Baum-24x24.jpeg 24w, https:\/\/test.ispas-ev.de\/wp-content\/uploads\/2018\/11\/Baum-48x48.jpeg 48w, https:\/\/test.ispas-ev.de\/wp-content\/uploads\/2018\/11\/Baum-96x96.jpeg 96w\" sizes=\"(max-width: 150px) 100vw, 150px\" \/><\/a>\n\t\t\t<\/div>\n\t\t\t\t<figcaption class='wp-caption-text gallery-caption' id='gallery-5-4620'>\n\t\t\t\tSymbolischer Baum im B\u00fcro von Tourinform\n\t\t\t\t<\/figcaption><\/figure><figure class='gallery-item'>\n\t\t\t<div class='gallery-icon portrait'>\n\t\t\t\t<a href='https:\/\/test.ispas-ev.de\/?attachment_id=4619'><img width=\"150\" height=\"150\" src=\"https:\/\/test.ispas-ev.de\/wp-content\/uploads\/2018\/11\/Am-Riesenrad-e1600451978441-150x150.jpeg\" class=\"attachment-thumbnail size-thumbnail\" alt=\"\" decoding=\"async\" loading=\"lazy\" aria-describedby=\"gallery-5-4619\" srcset=\"https:\/\/test.ispas-ev.de\/wp-content\/uploads\/2018\/11\/Am-Riesenrad-e1600451978441-150x150.jpeg 150w, https:\/\/test.ispas-ev.de\/wp-content\/uploads\/2018\/11\/Am-Riesenrad-e1600451978441-24x24.jpeg 24w, https:\/\/test.ispas-ev.de\/wp-content\/uploads\/2018\/11\/Am-Riesenrad-e1600451978441-48x48.jpeg 48w, https:\/\/test.ispas-ev.de\/wp-content\/uploads\/2018\/11\/Am-Riesenrad-e1600451978441-96x96.jpeg 96w, https:\/\/test.ispas-ev.de\/wp-content\/uploads\/2018\/11\/Am-Riesenrad-e1600451978441-300x300.jpeg 300w\" sizes=\"(max-width: 150px) 100vw, 150px\" \/><\/a>\n\t\t\t<\/div>\n\t\t\t\t<figcaption class='wp-caption-text gallery-caption' id='gallery-5-4619'>\n\t\t\t\tSindelfingen lernt Gy\u0151r kennen\n\t\t\t\t<\/figcaption><\/figure><figure class='gallery-item'>\n\t\t\t<div class='gallery-icon landscape'>\n\t\t\t\t<a href='https:\/\/test.ispas-ev.de\/?attachment_id=4617'><img width=\"150\" height=\"150\" src=\"https:\/\/test.ispas-ev.de\/wp-content\/uploads\/2018\/11\/Abendessen-150x150.jpeg\" class=\"attachment-thumbnail size-thumbnail\" alt=\"\" decoding=\"async\" loading=\"lazy\" aria-describedby=\"gallery-5-4617\" srcset=\"https:\/\/test.ispas-ev.de\/wp-content\/uploads\/2018\/11\/Abendessen-150x150.jpeg 150w, https:\/\/test.ispas-ev.de\/wp-content\/uploads\/2018\/11\/Abendessen-24x24.jpeg 24w, https:\/\/test.ispas-ev.de\/wp-content\/uploads\/2018\/11\/Abendessen-48x48.jpeg 48w, https:\/\/test.ispas-ev.de\/wp-content\/uploads\/2018\/11\/Abendessen-96x96.jpeg 96w\" sizes=\"(max-width: 150px) 100vw, 150px\" \/><\/a>\n\t\t\t<\/div>\n\t\t\t\t<figcaption class='wp-caption-text gallery-caption' id='gallery-5-4617'>\n\t\t\t\tErstes offizielles Abendessen im Hotel R\u00e1ba\n\t\t\t\t<\/figcaption><\/figure><figure class='gallery-item'>\n\t\t\t<div class='gallery-icon landscape'>\n\t\t\t\t<a href='https:\/\/test.ispas-ev.de\/?attachment_id=4632'><img width=\"150\" height=\"150\" src=\"https:\/\/test.ispas-ev.de\/wp-content\/uploads\/2018\/11\/Hotel-Raba-150x150.jpeg\" class=\"attachment-thumbnail size-thumbnail\" alt=\"\" decoding=\"async\" loading=\"lazy\" aria-describedby=\"gallery-5-4632\" srcset=\"https:\/\/test.ispas-ev.de\/wp-content\/uploads\/2018\/11\/Hotel-Raba-150x150.jpeg 150w, https:\/\/test.ispas-ev.de\/wp-content\/uploads\/2018\/11\/Hotel-Raba-24x24.jpeg 24w, https:\/\/test.ispas-ev.de\/wp-content\/uploads\/2018\/11\/Hotel-Raba-48x48.jpeg 48w, https:\/\/test.ispas-ev.de\/wp-content\/uploads\/2018\/11\/Hotel-Raba-96x96.jpeg 96w\" sizes=\"(max-width: 150px) 100vw, 150px\" \/><\/a>\n\t\t\t<\/div>\n\t\t\t\t<figcaption class='wp-caption-text gallery-caption' id='gallery-5-4632'>\n\t\t\t\tHaupteingang vom Hotel R\u00e1ba City Center \n\t\t\t\t<\/figcaption><\/figure><figure class='gallery-item'>\n\t\t\t<div class='gallery-icon landscape'>\n\t\t\t\t<a href='https:\/\/test.ispas-ev.de\/?attachment_id=4680'><img width=\"150\" height=\"150\" src=\"https:\/\/test.ispas-ev.de\/wp-content\/uploads\/2018\/11\/Stadtentdeckung15-150x150.jpeg\" class=\"attachment-thumbnail size-thumbnail\" alt=\"\" decoding=\"async\" loading=\"lazy\" aria-describedby=\"gallery-5-4680\" srcset=\"https:\/\/test.ispas-ev.de\/wp-content\/uploads\/2018\/11\/Stadtentdeckung15-150x150.jpeg 150w, https:\/\/test.ispas-ev.de\/wp-content\/uploads\/2018\/11\/Stadtentdeckung15-24x24.jpeg 24w, https:\/\/test.ispas-ev.de\/wp-content\/uploads\/2018\/11\/Stadtentdeckung15-48x48.jpeg 48w, https:\/\/test.ispas-ev.de\/wp-content\/uploads\/2018\/11\/Stadtentdeckung15-96x96.jpeg 96w\" sizes=\"(max-width: 150px) 100vw, 150px\" \/><\/a>\n\t\t\t<\/div>\n\t\t\t\t<figcaption class='wp-caption-text gallery-caption' id='gallery-5-4680'>\n\t\t\t\tStadtentdeckung. Hinten links steht der Bischofsburg, rechts die Basilika\n\t\t\t\t<\/figcaption><\/figure><figure class='gallery-item'>\n\t\t\t<div class='gallery-icon portrait'>\n\t\t\t\t<a href='https:\/\/test.ispas-ev.de\/?attachment_id=4675'><img width=\"150\" height=\"150\" src=\"https:\/\/test.ispas-ev.de\/wp-content\/uploads\/2018\/11\/T\u00fcr-150x150.jpeg\" class=\"attachment-thumbnail size-thumbnail\" alt=\"\" decoding=\"async\" loading=\"lazy\" aria-describedby=\"gallery-5-4675\" srcset=\"https:\/\/test.ispas-ev.de\/wp-content\/uploads\/2018\/11\/T\u00fcr-150x150.jpeg 150w, https:\/\/test.ispas-ev.de\/wp-content\/uploads\/2018\/11\/T\u00fcr-24x24.jpeg 24w, https:\/\/test.ispas-ev.de\/wp-content\/uploads\/2018\/11\/T\u00fcr-48x48.jpeg 48w, https:\/\/test.ispas-ev.de\/wp-content\/uploads\/2018\/11\/T\u00fcr-96x96.jpeg 96w\" sizes=\"(max-width: 150px) 100vw, 150px\" \/><\/a>\n\t\t\t<\/div>\n\t\t\t\t<figcaption class='wp-caption-text gallery-caption' id='gallery-5-4675'>\n\t\t\t\tStadtentdeckung\n\t\t\t\t<\/figcaption><\/figure><figure class='gallery-item'>\n\t\t\t<div class='gallery-icon portrait'>\n\t\t\t\t<a href='https:\/\/test.ispas-ev.de\/?attachment_id=4670'><img width=\"150\" height=\"150\" src=\"https:\/\/test.ispas-ev.de\/wp-content\/uploads\/2018\/11\/Szoda-150x150.jpeg\" class=\"attachment-thumbnail size-thumbnail\" alt=\"\" decoding=\"async\" loading=\"lazy\" aria-describedby=\"gallery-5-4670\" srcset=\"https:\/\/test.ispas-ev.de\/wp-content\/uploads\/2018\/11\/Szoda-150x150.jpeg 150w, https:\/\/test.ispas-ev.de\/wp-content\/uploads\/2018\/11\/Szoda-24x24.jpeg 24w, https:\/\/test.ispas-ev.de\/wp-content\/uploads\/2018\/11\/Szoda-48x48.jpeg 48w, https:\/\/test.ispas-ev.de\/wp-content\/uploads\/2018\/11\/Szoda-96x96.jpeg 96w\" sizes=\"(max-width: 150px) 100vw, 150px\" \/><\/a>\n\t\t\t<\/div>\n\t\t\t\t<figcaption class='wp-caption-text gallery-caption' id='gallery-5-4670'>\n\t\t\t\tDie Heimat des Sodawassers. Typische ungarische Sodawasserflaschen\n\t\t\t\t<\/figcaption><\/figure><figure class='gallery-item'>\n\t\t\t<div class='gallery-icon landscape'>\n\t\t\t\t<a href='https:\/\/test.ispas-ev.de\/?attachment_id=4671'><img width=\"150\" height=\"150\" src=\"https:\/\/test.ispas-ev.de\/wp-content\/uploads\/2018\/11\/Szoda2-150x150.jpeg\" class=\"attachment-thumbnail size-thumbnail\" alt=\"\" decoding=\"async\" loading=\"lazy\" aria-describedby=\"gallery-5-4671\" srcset=\"https:\/\/test.ispas-ev.de\/wp-content\/uploads\/2018\/11\/Szoda2-150x150.jpeg 150w, https:\/\/test.ispas-ev.de\/wp-content\/uploads\/2018\/11\/Szoda2-24x24.jpeg 24w, https:\/\/test.ispas-ev.de\/wp-content\/uploads\/2018\/11\/Szoda2-48x48.jpeg 48w, https:\/\/test.ispas-ev.de\/wp-content\/uploads\/2018\/11\/Szoda2-96x96.jpeg 96w\" sizes=\"(max-width: 150px) 100vw, 150px\" \/><\/a>\n\t\t\t<\/div>\n\t\t\t\t<figcaption class='wp-caption-text gallery-caption' id='gallery-5-4671'>\n\t\t\t\tDie zweite Flasche von links mit der ungarischen Fahne am Halz stammt aus meiner Familie aus der Puszta. Meine Gro\u00dfeltern haben fr\u00fcher eine Sodawasserfabrik gehabt\n\t\t\t\t<\/figcaption><\/figure><figure class='gallery-item'>\n\t\t\t<div class='gallery-icon landscape'>\n\t\t\t\t<a href='https:\/\/test.ispas-ev.de\/?attachment_id=4674'><img width=\"150\" height=\"150\" src=\"https:\/\/test.ispas-ev.de\/wp-content\/uploads\/2018\/11\/Theater-drau\u00dfen-150x150.jpeg\" class=\"attachment-thumbnail size-thumbnail\" alt=\"\" decoding=\"async\" loading=\"lazy\" aria-describedby=\"gallery-5-4674\" srcset=\"https:\/\/test.ispas-ev.de\/wp-content\/uploads\/2018\/11\/Theater-drau\u00dfen-150x150.jpeg 150w, https:\/\/test.ispas-ev.de\/wp-content\/uploads\/2018\/11\/Theater-drau\u00dfen-24x24.jpeg 24w, https:\/\/test.ispas-ev.de\/wp-content\/uploads\/2018\/11\/Theater-drau\u00dfen-48x48.jpeg 48w, https:\/\/test.ispas-ev.de\/wp-content\/uploads\/2018\/11\/Theater-drau\u00dfen-96x96.jpeg 96w\" sizes=\"(max-width: 150px) 100vw, 150px\" \/><\/a>\n\t\t\t<\/div>\n\t\t\t\t<figcaption class='wp-caption-text gallery-caption' id='gallery-5-4674'>\n\t\t\t\tDas 40 Jahre alte Nationaltheater\n\t\t\t\t<\/figcaption><\/figure><figure class='gallery-item'>\n\t\t\t<div class='gallery-icon landscape'>\n\t\t\t\t<a href='https:\/\/test.ispas-ev.de\/?attachment_id=4672'><img width=\"150\" height=\"150\" src=\"https:\/\/test.ispas-ev.de\/wp-content\/uploads\/2018\/11\/Theater-150x150.jpeg\" class=\"attachment-thumbnail size-thumbnail\" alt=\"\" decoding=\"async\" loading=\"lazy\" aria-describedby=\"gallery-5-4672\" srcset=\"https:\/\/test.ispas-ev.de\/wp-content\/uploads\/2018\/11\/Theater-150x150.jpeg 150w, https:\/\/test.ispas-ev.de\/wp-content\/uploads\/2018\/11\/Theater-24x24.jpeg 24w, https:\/\/test.ispas-ev.de\/wp-content\/uploads\/2018\/11\/Theater-48x48.jpeg 48w, https:\/\/test.ispas-ev.de\/wp-content\/uploads\/2018\/11\/Theater-96x96.jpeg 96w\" sizes=\"(max-width: 150px) 100vw, 150px\" \/><\/a>\n\t\t\t<\/div>\n\t\t\t\t<figcaption class='wp-caption-text gallery-caption' id='gallery-5-4672'>\n\t\t\t\tDer Haupteingang des Nationaltheaters\n\t\t\t\t<\/figcaption><\/figure><figure class='gallery-item'>\n\t\t\t<div class='gallery-icon landscape'>\n\t\t\t\t<a href='https:\/\/test.ispas-ev.de\/?attachment_id=4673'><img width=\"150\" height=\"150\" src=\"https:\/\/test.ispas-ev.de\/wp-content\/uploads\/2018\/11\/Theater2-150x150.jpeg\" class=\"attachment-thumbnail size-thumbnail\" alt=\"\" decoding=\"async\" loading=\"lazy\" aria-describedby=\"gallery-5-4673\" srcset=\"https:\/\/test.ispas-ev.de\/wp-content\/uploads\/2018\/11\/Theater2-150x150.jpeg 150w, https:\/\/test.ispas-ev.de\/wp-content\/uploads\/2018\/11\/Theater2-24x24.jpeg 24w, https:\/\/test.ispas-ev.de\/wp-content\/uploads\/2018\/11\/Theater2-48x48.jpeg 48w, https:\/\/test.ispas-ev.de\/wp-content\/uploads\/2018\/11\/Theater2-96x96.jpeg 96w\" sizes=\"(max-width: 150px) 100vw, 150px\" \/><\/a>\n\t\t\t<\/div>\n\t\t\t\t<figcaption class='wp-caption-text gallery-caption' id='gallery-5-4673'>\n\t\t\t\tEin Teil des Buchsalons\n\t\t\t\t<\/figcaption><\/figure><figure class='gallery-item'>\n\t\t\t<div class='gallery-icon landscape'>\n\t\t\t\t<a href='https:\/\/test.ispas-ev.de\/?attachment_id=4668'><img width=\"150\" height=\"150\" src=\"https:\/\/test.ispas-ev.de\/wp-content\/uploads\/2018\/11\/Stand6-150x150.jpeg\" class=\"attachment-thumbnail size-thumbnail\" alt=\"\" decoding=\"async\" loading=\"lazy\" aria-describedby=\"gallery-5-4668\" srcset=\"https:\/\/test.ispas-ev.de\/wp-content\/uploads\/2018\/11\/Stand6-150x150.jpeg 150w, https:\/\/test.ispas-ev.de\/wp-content\/uploads\/2018\/11\/Stand6-24x24.jpeg 24w, https:\/\/test.ispas-ev.de\/wp-content\/uploads\/2018\/11\/Stand6-48x48.jpeg 48w, https:\/\/test.ispas-ev.de\/wp-content\/uploads\/2018\/11\/Stand6-96x96.jpeg 96w\" sizes=\"(max-width: 150px) 100vw, 150px\" \/><\/a>\n\t\t\t<\/div>\n\t\t\t\t<figcaption class='wp-caption-text gallery-caption' id='gallery-5-4668'>\n\t\t\t\tDer Stand der Partnerst\u00e4dte\n\t\t\t\t<\/figcaption><\/figure><figure class='gallery-item'>\n\t\t\t<div class='gallery-icon landscape'>\n\t\t\t\t<a href='https:\/\/test.ispas-ev.de\/?attachment_id=4669'><img width=\"150\" height=\"150\" src=\"https:\/\/test.ispas-ev.de\/wp-content\/uploads\/2018\/11\/Stand-mit-Ingolstadt-150x150.jpeg\" class=\"attachment-thumbnail size-thumbnail\" alt=\"\" decoding=\"async\" loading=\"lazy\" aria-describedby=\"gallery-5-4669\" srcset=\"https:\/\/test.ispas-ev.de\/wp-content\/uploads\/2018\/11\/Stand-mit-Ingolstadt-150x150.jpeg 150w, https:\/\/test.ispas-ev.de\/wp-content\/uploads\/2018\/11\/Stand-mit-Ingolstadt-24x24.jpeg 24w, https:\/\/test.ispas-ev.de\/wp-content\/uploads\/2018\/11\/Stand-mit-Ingolstadt-48x48.jpeg 48w, https:\/\/test.ispas-ev.de\/wp-content\/uploads\/2018\/11\/Stand-mit-Ingolstadt-96x96.jpeg 96w\" sizes=\"(max-width: 150px) 100vw, 150px\" \/><\/a>\n\t\t\t<\/div>\n\t\t\t\t<figcaption class='wp-caption-text gallery-caption' id='gallery-5-4669'>\n\t\t\t\tMit den Ingolst\u00e4dtern und Poznanern\n\t\t\t\t<\/figcaption><\/figure><figure class='gallery-item'>\n\t\t\t<div class='gallery-icon landscape'>\n\t\t\t\t<a href='https:\/\/test.ispas-ev.de\/?attachment_id=4666'><img width=\"150\" height=\"150\" src=\"https:\/\/test.ispas-ev.de\/wp-content\/uploads\/2018\/11\/Stand4-150x150.jpeg\" class=\"attachment-thumbnail size-thumbnail\" alt=\"\" decoding=\"async\" loading=\"lazy\" aria-describedby=\"gallery-5-4666\" srcset=\"https:\/\/test.ispas-ev.de\/wp-content\/uploads\/2018\/11\/Stand4-150x150.jpeg 150w, https:\/\/test.ispas-ev.de\/wp-content\/uploads\/2018\/11\/Stand4-24x24.jpeg 24w, https:\/\/test.ispas-ev.de\/wp-content\/uploads\/2018\/11\/Stand4-48x48.jpeg 48w, https:\/\/test.ispas-ev.de\/wp-content\/uploads\/2018\/11\/Stand4-96x96.jpeg 96w\" sizes=\"(max-width: 150px) 100vw, 150px\" \/><\/a>\n\t\t\t<\/div>\n\t\t\t\t<figcaption class='wp-caption-text gallery-caption' id='gallery-5-4666'>\n\t\t\t\tDer Stand der Partnerst\u00e4dte\n\t\t\t\t<\/figcaption><\/figure><figure class='gallery-item'>\n\t\t\t<div class='gallery-icon landscape'>\n\t\t\t\t<a href='https:\/\/test.ispas-ev.de\/?attachment_id=4665'><img width=\"150\" height=\"150\" src=\"https:\/\/test.ispas-ev.de\/wp-content\/uploads\/2018\/11\/Stand3-150x150.jpeg\" class=\"attachment-thumbnail size-thumbnail\" alt=\"\" decoding=\"async\" loading=\"lazy\" aria-describedby=\"gallery-5-4665\" srcset=\"https:\/\/test.ispas-ev.de\/wp-content\/uploads\/2018\/11\/Stand3-150x150.jpeg 150w, https:\/\/test.ispas-ev.de\/wp-content\/uploads\/2018\/11\/Stand3-24x24.jpeg 24w, https:\/\/test.ispas-ev.de\/wp-content\/uploads\/2018\/11\/Stand3-48x48.jpeg 48w, https:\/\/test.ispas-ev.de\/wp-content\/uploads\/2018\/11\/Stand3-96x96.jpeg 96w\" sizes=\"(max-width: 150px) 100vw, 150px\" \/><\/a>\n\t\t\t<\/div>\n\t\t\t\t<figcaption class='wp-caption-text gallery-caption' id='gallery-5-4665'>\n\t\t\t\tSabine und die Ingolst\u00e4dter am Stand\n\t\t\t\t<\/figcaption><\/figure><figure class='gallery-item'>\n\t\t\t<div class='gallery-icon landscape'>\n\t\t\t\t<a href='https:\/\/test.ispas-ev.de\/?attachment_id=4664'><img width=\"150\" height=\"150\" src=\"https:\/\/test.ispas-ev.de\/wp-content\/uploads\/2018\/11\/Stand2-150x150.jpeg\" class=\"attachment-thumbnail size-thumbnail\" alt=\"\" decoding=\"async\" loading=\"lazy\" aria-describedby=\"gallery-5-4664\" srcset=\"https:\/\/test.ispas-ev.de\/wp-content\/uploads\/2018\/11\/Stand2-150x150.jpeg 150w, https:\/\/test.ispas-ev.de\/wp-content\/uploads\/2018\/11\/Stand2-24x24.jpeg 24w, https:\/\/test.ispas-ev.de\/wp-content\/uploads\/2018\/11\/Stand2-48x48.jpeg 48w, https:\/\/test.ispas-ev.de\/wp-content\/uploads\/2018\/11\/Stand2-96x96.jpeg 96w\" sizes=\"(max-width: 150px) 100vw, 150px\" \/><\/a>\n\t\t\t<\/div>\n\t\t\t\t<figcaption class='wp-caption-text gallery-caption' id='gallery-5-4664'>\n\t\t\t\tDer Stand der Partnerst\u00e4dte im Nationaltheater\n\t\t\t\t<\/figcaption><\/figure><figure class='gallery-item'>\n\t\t\t<div class='gallery-icon portrait'>\n\t\t\t\t<a href='https:\/\/test.ispas-ev.de\/?attachment_id=4647'><img width=\"150\" height=\"150\" src=\"https:\/\/test.ispas-ev.de\/wp-content\/uploads\/2018\/11\/Sammelblatt-150x150.jpeg\" class=\"attachment-thumbnail size-thumbnail\" alt=\"\" decoding=\"async\" loading=\"lazy\" aria-describedby=\"gallery-5-4647\" srcset=\"https:\/\/test.ispas-ev.de\/wp-content\/uploads\/2018\/11\/Sammelblatt-150x150.jpeg 150w, https:\/\/test.ispas-ev.de\/wp-content\/uploads\/2018\/11\/Sammelblatt-24x24.jpeg 24w, https:\/\/test.ispas-ev.de\/wp-content\/uploads\/2018\/11\/Sammelblatt-48x48.jpeg 48w, https:\/\/test.ispas-ev.de\/wp-content\/uploads\/2018\/11\/Sammelblatt-96x96.jpeg 96w\" sizes=\"(max-width: 150px) 100vw, 150px\" \/><\/a>\n\t\t\t<\/div>\n\t\t\t\t<figcaption class='wp-caption-text gallery-caption' id='gallery-5-4647'>\n\t\t\t\tSammelblatt mit den Stempeln. Jeder Stempel symbolisiert eine Station\n\t\t\t\t<\/figcaption><\/figure><figure class='gallery-item'>\n\t\t\t<div class='gallery-icon landscape'>\n\t\t\t\t<a href='https:\/\/test.ispas-ev.de\/?attachment_id=4628'><img width=\"150\" height=\"150\" src=\"https:\/\/test.ispas-ev.de\/wp-content\/uploads\/2018\/11\/Delegationen4-150x150.jpeg\" class=\"attachment-thumbnail size-thumbnail\" alt=\"\" decoding=\"async\" loading=\"lazy\" aria-describedby=\"gallery-5-4628\" srcset=\"https:\/\/test.ispas-ev.de\/wp-content\/uploads\/2018\/11\/Delegationen4-150x150.jpeg 150w, https:\/\/test.ispas-ev.de\/wp-content\/uploads\/2018\/11\/Delegationen4-24x24.jpeg 24w, https:\/\/test.ispas-ev.de\/wp-content\/uploads\/2018\/11\/Delegationen4-48x48.jpeg 48w, https:\/\/test.ispas-ev.de\/wp-content\/uploads\/2018\/11\/Delegationen4-96x96.jpeg 96w\" sizes=\"(max-width: 150px) 100vw, 150px\" \/><\/a>\n\t\t\t<\/div>\n\t\t\t\t<figcaption class='wp-caption-text gallery-caption' id='gallery-5-4628'>\n\t\t\t\tMit den Vertreter von Ingolstadt und Poznan\n\t\t\t\t<\/figcaption><\/figure><figure class='gallery-item'>\n\t\t\t<div class='gallery-icon portrait'>\n\t\t\t\t<a href='https:\/\/test.ispas-ev.de\/?attachment_id=4629'><img width=\"150\" height=\"150\" src=\"https:\/\/test.ispas-ev.de\/wp-content\/uploads\/2018\/11\/Delegationen-Ingolstadt-150x150.jpeg\" class=\"attachment-thumbnail size-thumbnail\" alt=\"\" decoding=\"async\" loading=\"lazy\" aria-describedby=\"gallery-5-4629\" srcset=\"https:\/\/test.ispas-ev.de\/wp-content\/uploads\/2018\/11\/Delegationen-Ingolstadt-150x150.jpeg 150w, https:\/\/test.ispas-ev.de\/wp-content\/uploads\/2018\/11\/Delegationen-Ingolstadt-24x24.jpeg 24w, https:\/\/test.ispas-ev.de\/wp-content\/uploads\/2018\/11\/Delegationen-Ingolstadt-48x48.jpeg 48w, https:\/\/test.ispas-ev.de\/wp-content\/uploads\/2018\/11\/Delegationen-Ingolstadt-96x96.jpeg 96w\" sizes=\"(max-width: 150px) 100vw, 150px\" \/><\/a>\n\t\t\t<\/div>\n\t\t\t\t<figcaption class='wp-caption-text gallery-caption' id='gallery-5-4629'>\n\t\t\t\tDie Delegation aus Ingolstadt\n\t\t\t\t<\/figcaption><\/figure><figure class='gallery-item'>\n\t\t\t<div class='gallery-icon landscape'>\n\t\t\t\t<a href='https:\/\/test.ispas-ev.de\/?attachment_id=4627'><img width=\"150\" height=\"150\" src=\"https:\/\/test.ispas-ev.de\/wp-content\/uploads\/2018\/11\/Delegationen3-150x150.jpeg\" class=\"attachment-thumbnail size-thumbnail\" alt=\"\" decoding=\"async\" loading=\"lazy\" aria-describedby=\"gallery-5-4627\" srcset=\"https:\/\/test.ispas-ev.de\/wp-content\/uploads\/2018\/11\/Delegationen3-150x150.jpeg 150w, https:\/\/test.ispas-ev.de\/wp-content\/uploads\/2018\/11\/Delegationen3-24x24.jpeg 24w, https:\/\/test.ispas-ev.de\/wp-content\/uploads\/2018\/11\/Delegationen3-48x48.jpeg 48w, https:\/\/test.ispas-ev.de\/wp-content\/uploads\/2018\/11\/Delegationen3-96x96.jpeg 96w\" sizes=\"(max-width: 150px) 100vw, 150px\" \/><\/a>\n\t\t\t<\/div>\n\t\t\t\t<figcaption class='wp-caption-text gallery-caption' id='gallery-5-4627'>\n\t\t\t\tMit den Vertreter von Bra\u0219ov und ingolstadt\n\t\t\t\t<\/figcaption><\/figure><figure class='gallery-item'>\n\t\t\t<div class='gallery-icon landscape'>\n\t\t\t\t<a href='https:\/\/test.ispas-ev.de\/?attachment_id=4625'><img width=\"150\" height=\"150\" src=\"https:\/\/test.ispas-ev.de\/wp-content\/uploads\/2018\/11\/Delegationen-150x150.jpeg\" class=\"attachment-thumbnail size-thumbnail\" alt=\"\" decoding=\"async\" loading=\"lazy\" aria-describedby=\"gallery-5-4625\" srcset=\"https:\/\/test.ispas-ev.de\/wp-content\/uploads\/2018\/11\/Delegationen-150x150.jpeg 150w, https:\/\/test.ispas-ev.de\/wp-content\/uploads\/2018\/11\/Delegationen-24x24.jpeg 24w, https:\/\/test.ispas-ev.de\/wp-content\/uploads\/2018\/11\/Delegationen-48x48.jpeg 48w, https:\/\/test.ispas-ev.de\/wp-content\/uploads\/2018\/11\/Delegationen-96x96.jpeg 96w\" sizes=\"(max-width: 150px) 100vw, 150px\" \/><\/a>\n\t\t\t<\/div>\n\t\t\t\t<figcaption class='wp-caption-text gallery-caption' id='gallery-5-4625'>\n\t\t\t\tDie Delegationen (Wuhan \u6b66\u6c49\u5e02, Sindelfingen, Bra\u0219ov, Ingolstadt und Pozna\u0144)\n\t\t\t\t<\/figcaption><\/figure><figure class='gallery-item'>\n\t\t\t<div class='gallery-icon landscape'>\n\t\t\t\t<a href='https:\/\/test.ispas-ev.de\/?attachment_id=4626'><img width=\"150\" height=\"150\" src=\"https:\/\/test.ispas-ev.de\/wp-content\/uploads\/2018\/11\/Delegationen2-150x150.jpeg\" class=\"attachment-thumbnail size-thumbnail\" alt=\"\" decoding=\"async\" loading=\"lazy\" aria-describedby=\"gallery-5-4626\" srcset=\"https:\/\/test.ispas-ev.de\/wp-content\/uploads\/2018\/11\/Delegationen2-150x150.jpeg 150w, https:\/\/test.ispas-ev.de\/wp-content\/uploads\/2018\/11\/Delegationen2-24x24.jpeg 24w, https:\/\/test.ispas-ev.de\/wp-content\/uploads\/2018\/11\/Delegationen2-48x48.jpeg 48w, https:\/\/test.ispas-ev.de\/wp-content\/uploads\/2018\/11\/Delegationen2-96x96.jpeg 96w\" sizes=\"(max-width: 150px) 100vw, 150px\" \/><\/a>\n\t\t\t<\/div>\n\t\t\t\t<figcaption class='wp-caption-text gallery-caption' id='gallery-5-4626'>\n\t\t\t\tDie Delegationen aus Wuhan \u6b66\u6c49, Sindelfingen, Bra\u0219ov, Ingolstadt und Pozna\u0144\n\t\t\t\t<\/figcaption><\/figure><figure class='gallery-item'>\n\t\t\t<div class='gallery-icon landscape'>\n\t\t\t\t<a href='https:\/\/test.ispas-ev.de\/?attachment_id=4624'><img width=\"150\" height=\"150\" src=\"https:\/\/test.ispas-ev.de\/wp-content\/uploads\/2018\/11\/Delegation-150x150.jpeg\" class=\"attachment-thumbnail size-thumbnail\" alt=\"\" decoding=\"async\" loading=\"lazy\" aria-describedby=\"gallery-5-4624\" srcset=\"https:\/\/test.ispas-ev.de\/wp-content\/uploads\/2018\/11\/Delegation-150x150.jpeg 150w, https:\/\/test.ispas-ev.de\/wp-content\/uploads\/2018\/11\/Delegation-24x24.jpeg 24w, https:\/\/test.ispas-ev.de\/wp-content\/uploads\/2018\/11\/Delegation-48x48.jpeg 48w, https:\/\/test.ispas-ev.de\/wp-content\/uploads\/2018\/11\/Delegation-96x96.jpeg 96w\" sizes=\"(max-width: 150px) 100vw, 150px\" \/><\/a>\n\t\t\t<\/div>\n\t\t\t\t<figcaption class='wp-caption-text gallery-caption' id='gallery-5-4624'>\n\t\t\t\tDie Delegation aus Sindelfingen (G\u00e1bor Bende, Sabine Liedtke, Wolfgang Mehl)\n\t\t\t\t<\/figcaption><\/figure><figure class='gallery-item'>\n\t\t\t<div class='gallery-icon landscape'>\n\t\t\t\t<a href='https:\/\/test.ispas-ev.de\/?attachment_id=4663'><img width=\"150\" height=\"150\" src=\"https:\/\/test.ispas-ev.de\/wp-content\/uploads\/2018\/11\/Stand-150x150.jpeg\" class=\"attachment-thumbnail size-thumbnail\" alt=\"\" decoding=\"async\" loading=\"lazy\" aria-describedby=\"gallery-5-4663\" srcset=\"https:\/\/test.ispas-ev.de\/wp-content\/uploads\/2018\/11\/Stand-150x150.jpeg 150w, https:\/\/test.ispas-ev.de\/wp-content\/uploads\/2018\/11\/Stand-24x24.jpeg 24w, https:\/\/test.ispas-ev.de\/wp-content\/uploads\/2018\/11\/Stand-48x48.jpeg 48w, https:\/\/test.ispas-ev.de\/wp-content\/uploads\/2018\/11\/Stand-96x96.jpeg 96w\" sizes=\"(max-width: 150px) 100vw, 150px\" \/><\/a>\n\t\t\t<\/div>\n\t\t\t\t<figcaption class='wp-caption-text gallery-caption' id='gallery-5-4663'>\n\t\t\t\tDer Stand der Partnerst\u00e4dte im Nationaltheater\n\t\t\t\t<\/figcaption><\/figure><figure class='gallery-item'>\n\t\t\t<div class='gallery-icon landscape'>\n\t\t\t\t<a href='https:\/\/test.ispas-ev.de\/?attachment_id=4677'><img width=\"150\" height=\"150\" src=\"https:\/\/test.ispas-ev.de\/wp-content\/uploads\/2018\/11\/Unser-Auto-vom-Hotel-150x150.jpeg\" class=\"attachment-thumbnail size-thumbnail\" alt=\"\" decoding=\"async\" loading=\"lazy\" aria-describedby=\"gallery-5-4677\" srcset=\"https:\/\/test.ispas-ev.de\/wp-content\/uploads\/2018\/11\/Unser-Auto-vom-Hotel-150x150.jpeg 150w, https:\/\/test.ispas-ev.de\/wp-content\/uploads\/2018\/11\/Unser-Auto-vom-Hotel-24x24.jpeg 24w, https:\/\/test.ispas-ev.de\/wp-content\/uploads\/2018\/11\/Unser-Auto-vom-Hotel-48x48.jpeg 48w, https:\/\/test.ispas-ev.de\/wp-content\/uploads\/2018\/11\/Unser-Auto-vom-Hotel-96x96.jpeg 96w\" sizes=\"(max-width: 150px) 100vw, 150px\" \/><\/a>\n\t\t\t<\/div>\n\t\t\t\t<figcaption class='wp-caption-text gallery-caption' id='gallery-5-4677'>\n\t\t\t\tMit diesem Mietwagen haben wir die zahlreiche B\u00fccher nach Gy\u0151r transportiert. Vielen Dank f\u00fcr die Fahrt f\u00fcr Wolfgang Mehl\n\t\t\t\t<\/figcaption><\/figure><figure class='gallery-item'>\n\t\t\t<div class='gallery-icon landscape'>\n\t\t\t\t<a href='https:\/\/test.ispas-ev.de\/?attachment_id=4676'><img width=\"150\" height=\"150\" src=\"https:\/\/test.ispas-ev.de\/wp-content\/uploads\/2018\/11\/Unser-Auto-in-Bayern-150x150.jpeg\" class=\"attachment-thumbnail size-thumbnail\" alt=\"\" decoding=\"async\" loading=\"lazy\" aria-describedby=\"gallery-5-4676\" srcset=\"https:\/\/test.ispas-ev.de\/wp-content\/uploads\/2018\/11\/Unser-Auto-in-Bayern-150x150.jpeg 150w, https:\/\/test.ispas-ev.de\/wp-content\/uploads\/2018\/11\/Unser-Auto-in-Bayern-24x24.jpeg 24w, https:\/\/test.ispas-ev.de\/wp-content\/uploads\/2018\/11\/Unser-Auto-in-Bayern-48x48.jpeg 48w, https:\/\/test.ispas-ev.de\/wp-content\/uploads\/2018\/11\/Unser-Auto-in-Bayern-96x96.jpeg 96w\" sizes=\"(max-width: 150px) 100vw, 150px\" \/><\/a>\n\t\t\t<\/div>\n\t\t\t\t<figcaption class='wp-caption-text gallery-caption' id='gallery-5-4676'>\n\t\t\t\tMit unserem Mietwagen auf dem R\u00fcckweg in Bayern. Der Marktplatz von Rotthalm\u00fcnster\n\t\t\t\t<\/figcaption><\/figure><figure class='gallery-item'>\n\t\t\t<div class='gallery-icon landscape'>\n\t\t\t\t<a href='https:\/\/test.ispas-ev.de\/?attachment_id=4623'><img width=\"150\" height=\"150\" src=\"https:\/\/test.ispas-ev.de\/wp-content\/uploads\/2018\/11\/Dawin-Restaurant-150x150.jpeg\" class=\"attachment-thumbnail size-thumbnail\" alt=\"\" decoding=\"async\" loading=\"lazy\" aria-describedby=\"gallery-5-4623\" srcset=\"https:\/\/test.ispas-ev.de\/wp-content\/uploads\/2018\/11\/Dawin-Restaurant-150x150.jpeg 150w, https:\/\/test.ispas-ev.de\/wp-content\/uploads\/2018\/11\/Dawin-Restaurant-24x24.jpeg 24w, https:\/\/test.ispas-ev.de\/wp-content\/uploads\/2018\/11\/Dawin-Restaurant-48x48.jpeg 48w, https:\/\/test.ispas-ev.de\/wp-content\/uploads\/2018\/11\/Dawin-Restaurant-96x96.jpeg 96w\" sizes=\"(max-width: 150px) 100vw, 150px\" \/><\/a>\n\t\t\t<\/div>\n\t\t\t\t<figcaption class='wp-caption-text gallery-caption' id='gallery-5-4623'>\n\t\t\t\tDarwin Restaurant in Rotthalm\u00fcnster\n\t\t\t\t<\/figcaption><\/figure><figure class='gallery-item'>\n\t\t\t<div class='gallery-icon landscape'>\n\t\t\t\t<a href='https:\/\/test.ispas-ev.de\/?attachment_id=4618'><img width=\"150\" height=\"150\" src=\"https:\/\/test.ispas-ev.de\/wp-content\/uploads\/2018\/11\/Abendessen2-150x150.jpeg\" class=\"attachment-thumbnail size-thumbnail\" alt=\"\" decoding=\"async\" loading=\"lazy\" aria-describedby=\"gallery-5-4618\" srcset=\"https:\/\/test.ispas-ev.de\/wp-content\/uploads\/2018\/11\/Abendessen2-150x150.jpeg 150w, https:\/\/test.ispas-ev.de\/wp-content\/uploads\/2018\/11\/Abendessen2-24x24.jpeg 24w, https:\/\/test.ispas-ev.de\/wp-content\/uploads\/2018\/11\/Abendessen2-48x48.jpeg 48w, https:\/\/test.ispas-ev.de\/wp-content\/uploads\/2018\/11\/Abendessen2-96x96.jpeg 96w\" sizes=\"(max-width: 150px) 100vw, 150px\" \/><\/a>\n\t\t\t<\/div>\n\t\t\t\t<figcaption class='wp-caption-text gallery-caption' id='gallery-5-4618'>\n\t\t\t\tRotthalm\u00fcnster, Marktplatz\n\t\t\t\t<\/figcaption><\/figure>\n\t\t<\/div>\n\n<p style=\"text-align: justify;\">Alle Bilder von: Sabine Liedtke, Orsolya Gyarmathy, Wolfgang Mehl und G\u00e1bor Bende.<\/p>\n","protected":false},"excerpt":{"rendered":"<p>Ein Jahr ist schon wieder vorbei und Sindelfingen wurde wieder zum diesj\u00e4hrigen Buchsalon in Gy\u0151r eingeladen. F\u00fcr alle, die \u00fcber den Buchsalon noch nichts geh\u00f6rt haben: der Buchsalon ist eine [&hellip;]<\/p>\n","protected":false},"author":21,"featured_media":4672,"comment_status":"closed","ping_status":"closed","sticky":false,"template":"","format":"standard","meta":{"ngg_post_thumbnail":0},"categories":[49,28,30],"tags":[52,53,54,51,56,55],"_links":{"self":[{"href":"https:\/\/test.ispas-ev.de\/index.php?rest_route=\/wp\/v2\/posts\/4598"}],"collection":[{"href":"https:\/\/test.ispas-ev.de\/index.php?rest_route=\/wp\/v2\/posts"}],"about":[{"href":"https:\/\/test.ispas-ev.de\/index.php?rest_route=\/wp\/v2\/types\/post"}],"author":[{"embeddable":true,"href":"https:\/\/test.ispas-ev.de\/index.php?rest_route=\/wp\/v2\/users\/21"}],"replies":[{"embeddable":true,"href":"https:\/\/test.ispas-ev.de\/index.php?rest_route=%2Fwp%2Fv2%2Fcomments&post=4598"}],"version-history":[{"count":49,"href":"https:\/\/test.ispas-ev.de\/index.php?rest_route=\/wp\/v2\/posts\/4598\/revisions"}],"predecessor-version":[{"id":4723,"href":"https:\/\/test.ispas-ev.de\/index.php?rest_route=\/wp\/v2\/posts\/4598\/revisions\/4723"}],"wp:featuredmedia":[{"embeddable":true,"href":"https:\/\/test.ispas-ev.de\/index.php?rest_route=\/wp\/v2\/media\/4672"}],"wp:attachment":[{"href":"https:\/\/test.ispas-ev.de\/index.php?rest_route=%2Fwp%2Fv2%2Fmedia&parent=4598"}],"wp:term":[{"taxonomy":"category","embeddable":true,"href":"https:\/\/test.ispas-ev.de\/index.php?rest_route=%2Fwp%2Fv2%2Fcategories&post=4598"},{"taxonomy":"post_tag","embeddable":true,"href":"https:\/\/test.ispas-ev.de\/index.php?rest_route=%2Fwp%2Fv2%2Ftags&post=4598"}],"curies":[{"name":"wp","href":"https:\/\/api.w.org\/{rel}","templated":true}]}}