{"id":4590,"date":"2018-11-18T18:02:38","date_gmt":"2018-11-18T17:02:38","guid":{"rendered":"https:\/\/www.ispas-ev.de\/?p=4590"},"modified":"2019-06-15T12:16:57","modified_gmt":"2019-06-15T10:16:57","slug":"neubuergertreffen-der-stadt-sindelfingen-am-15-11-2019","status":"publish","type":"post","link":"https:\/\/test.ispas-ev.de\/?p=4590","title":{"rendered":"Neub\u00fcrgertreffen der Stadt Sindelfingen am 15.11.2018"},"content":{"rendered":"<p>Die Stadt Sindelfingen hat am Donnerstag, 15.11.2018, ihr Neub\u00fcrgertreffen veranstaltet. Zum Neub\u00fcrgertreffen werden alle Sindelfinger B\u00fcrger, die im neuen Jahr zugezogen sind, eingeladen, um st\u00e4dtische Einrichtungen, aber vor allem die Sindelfinger Vereine kennenzulernen. Im Stadthallenfoyer werden die St\u00e4nde der Vereine aufgebaut, im Gro\u00dfen Saal gibt OB Dr. V\u00f6hringer einen \u00dcberblick \u00fcber Geschichte, Zielsetzungen und Einrichtungen der Stadt und hei\u00dft die neuen B\u00fcrger willkommen, und ein SWR-Moderator f\u00fchrt durch das anschlie\u00dfende Programm.<\/p>\n<p><a href=\"https:\/\/www.ispas-ev.de\/wp-content\/uploads\/2018\/11\/Neub\u00fcrgertreffen-2018-2.JPG-Kopie.jpg\"><img decoding=\"async\" loading=\"lazy\" class=\"alignnone size-medium wp-image-4591\" src=\"https:\/\/www.ispas-ev.de\/wp-content\/uploads\/2018\/11\/Neub\u00fcrgertreffen-2018-2.JPG-Kopie-300x169.jpg\" alt=\"\" width=\"300\" height=\"169\" srcset=\"https:\/\/test.ispas-ev.de\/wp-content\/uploads\/2018\/11\/Neub\u00fcrgertreffen-2018-2.JPG-Kopie-300x169.jpg 300w, https:\/\/test.ispas-ev.de\/wp-content\/uploads\/2018\/11\/Neub\u00fcrgertreffen-2018-2.JPG-Kopie.jpg 666w\" sizes=\"(max-width: 300px) 100vw, 300px\" \/>von links: Ursula Steinh\u00fcbl, Simone Becker, Brigitte Stegmaier, Ingrid Pitterle, Dagmar B\u00f6hm, Wolfgang Trefz<\/a><\/p>\n<p>Auch wir haben einen Stand gestaltet und vor und nach dem Programm sehr interessante und informative Gespr\u00e4che gef\u00fchrt.<\/p>\n<p>&nbsp;<\/p>\n","protected":false},"excerpt":{"rendered":"<p>Die Stadt Sindelfingen hat am Donnerstag, 15.11.2018, ihr Neub\u00fcrgertreffen veranstaltet. Zum Neub\u00fcrgertreffen werden alle Sindelfinger B\u00fcrger, die im neuen Jahr zugezogen sind, eingeladen, um st\u00e4dtische Einrichtungen, aber vor allem die [&hellip;]<\/p>\n","protected":false},"author":16,"featured_media":4591,"comment_status":"closed","ping_status":"closed","sticky":false,"template":"","format":"standard","meta":{"ngg_post_thumbnail":0},"categories":[1],"tags":[],"_links":{"self":[{"href":"https:\/\/test.ispas-ev.de\/index.php?rest_route=\/wp\/v2\/posts\/4590"}],"collection":[{"href":"https:\/\/test.ispas-ev.de\/index.php?rest_route=\/wp\/v2\/posts"}],"about":[{"href":"https:\/\/test.ispas-ev.de\/index.php?rest_route=\/wp\/v2\/types\/post"}],"author":[{"embeddable":true,"href":"https:\/\/test.ispas-ev.de\/index.php?rest_route=\/wp\/v2\/users\/16"}],"replies":[{"embeddable":true,"href":"https:\/\/test.ispas-ev.de\/index.php?rest_route=%2Fwp%2Fv2%2Fcomments&post=4590"}],"version-history":[{"count":4,"href":"https:\/\/test.ispas-ev.de\/index.php?rest_route=\/wp\/v2\/posts\/4590\/revisions"}],"predecessor-version":[{"id":4818,"href":"https:\/\/test.ispas-ev.de\/index.php?rest_route=\/wp\/v2\/posts\/4590\/revisions\/4818"}],"wp:featuredmedia":[{"embeddable":true,"href":"https:\/\/test.ispas-ev.de\/index.php?rest_route=\/wp\/v2\/media\/4591"}],"wp:attachment":[{"href":"https:\/\/test.ispas-ev.de\/index.php?rest_route=%2Fwp%2Fv2%2Fmedia&parent=4590"}],"wp:term":[{"taxonomy":"category","embeddable":true,"href":"https:\/\/test.ispas-ev.de\/index.php?rest_route=%2Fwp%2Fv2%2Fcategories&post=4590"},{"taxonomy":"post_tag","embeddable":true,"href":"https:\/\/test.ispas-ev.de\/index.php?rest_route=%2Fwp%2Fv2%2Ftags&post=4590"}],"curies":[{"name":"wp","href":"https:\/\/api.w.org\/{rel}","templated":true}]}}