{"id":4326,"date":"2018-07-12T18:33:34","date_gmt":"2018-07-12T16:33:34","guid":{"rendered":"https:\/\/www.ispas-ev.de\/?p=4326"},"modified":"2018-07-17T22:14:37","modified_gmt":"2018-07-17T20:14:37","slug":"buergerfahrt-nach-corbeil-essonnes-2","status":"publish","type":"post","link":"https:\/\/test.ispas-ev.de\/?p=4326","title":{"rendered":"B\u00fcrgerfahrt nach Corbeil-Essonnes"},"content":{"rendered":"<p><strong>Bericht einer Teilnehmerin:<\/strong><br \/>\n<strong>Donnerstag, 28.06.2018<\/strong><br \/>\n6.30 Uhr Abfahrt der 42 Reisenden am Glaspalast. Die Anreise nach Corbeil-Essonnes f\u00fchrte \u00fcber Reims. Erster Aufenthalt mit F\u00fchrung durch die Kathedrale Notre-Dame. Beginn der F\u00fchrung war vor der geschichtstr\u00e4chtigen Kathedrale. Sie ist eine der bedeutendsten gotischen Kirchen Frankreichs mit zwei Rosetten \u00fcber dem Hauptportal, was einzigartig ist.<\/p>\n<p><a href=\"https:\/\/www.ispas-ev.de\/wp-content\/uploads\/2018\/07\/Rosetten-in-Notre-Dame-de-Reims.jpg\"><img decoding=\"async\" loading=\"lazy\" class=\"alignnone wp-image-4353\" src=\"https:\/\/www.ispas-ev.de\/wp-content\/uploads\/2018\/07\/Rosetten-in-Notre-Dame-de-Reims.jpg\" alt=\"\" width=\"172\" height=\"258\" \/><\/a><strong>Die beiden Rosetten im Eingangsbereich,<\/strong><\/p>\n<p>Nicht nur deshalb geh\u00f6rt sie seit 1991 zum Unesco-Weltkulturerbe. Ihre Fassade mit den vielen Durchbr\u00fcchen ist bemerkenswert durch die vielen meterhohen Skulpturen unter anderem auch die der 4,30 m hohen Figuren der K\u00f6nigsgalerie der franz\u00f6sischen K\u00f6nige ab Chlodwig I. Die Kathedrale war die Kr\u00f6nungskirche der franz\u00f6sischen K\u00f6nige. Die Bedeutung dieses Monuments historique f\u00fchrte zur teilweisen Zerst\u00f6rung im Ersten Weltkrieg. Dadurch wurden zum Beispiel auch die historischen Fenster zerst\u00f6rt und konnten nur langsam durch Spenden ersetzt werden.<\/p>\n<p><a href=\"https:\/\/www.ispas-ev.de\/wp-content\/uploads\/2018\/07\/Kathedrale-von-Reims-zwei-Rosetten.jpg\"><img decoding=\"async\" loading=\"lazy\" class=\"attachment-266x266 size-266x266 alignleft\" src=\"https:\/\/www.ispas-ev.de\/wp-content\/uploads\/2018\/07\/Chagall-Fenster-in-Notre-Dame-de-Reims.jpg\" sizes=\"(max-width: 164px) 100vw, 164px\" srcset=\"https:\/\/www.ispas-ev.de\/wp-content\/uploads\/2018\/07\/Chagall-Fenster-in-Notre-Dame-de-Reims.jpg 445w, https:\/\/www.ispas-ev.de\/wp-content\/uploads\/2018\/07\/Chagall-Fenster-in-Notre-Dame-de-Reims-185x300.jpg 185w\" alt=\"\" width=\"164\" height=\"266\" \/><\/a><\/p>\n<p><strong>Die Chagall-Fenster<\/strong><\/p>\n<p>Die Achskapelle in der Mitte des Chorraums wurde 1974 durch Marc Chagall mit neuen Fenstern ausgestattet. Eine beeindruckende Sehensw\u00fcrdigkeit. In den beiden Kapellen links und rechts davon sind seit 2011 abstrakte Fenster des K\u00fcnstlers Imi Knoebel zu sehen, die bewusst in ihrer Farbgebung den Fenstern Chagalls angeglichen sind.<\/p>\n<p>Die Kathedrale ist auch ein Symbol der deutsch-franz\u00f6sischen Beziehungen: Vor dem Hintergrund der Zerst\u00f6rung im Ersten Weltkrieg war sie am 8.\u00a0Juli 1962 der Ort einer Messe, an der Staatspr\u00e4sident Charles de Gaulle und Bundeskanzler Konrad Adenauer w\u00e4hrend eines Staatsbesuchs demonstrativ teilnahmen. Worauf eine in den Boden eingelassene Steintafel vor dem Haupteingang der Kathedrale hinweist. Der Beginn der deutsch-franz\u00f6sischen Freundschaft. Anl\u00e4sslich der 50. Jubil\u00e4ums dieser Messe fand dort am 8.\u00a0Juli 2012 eine Begegnung von Staatspr\u00e4sident Fran\u00e7ois Hollande und Bundeskanzlerin Angela Merkel statt.<\/p>\n<p class=\"hide-if-no-js\"><a id=\"set-post-thumbnail\" class=\"thickbox\" href=\"https:\/\/www.ispas-ev.de\/wp-admin\/media-upload.php?post_id=4326&amp;type=image&amp;TB_iframe=1\" aria-describedby=\"set-post-thumbnail-desc\"><img decoding=\"async\" loading=\"lazy\" class=\"attachment-266x266 size-266x266\" src=\"https:\/\/www.ispas-ev.de\/wp-content\/uploads\/2018\/07\/Gedenktafel-Treffen-Adenauer-de-Gaulle-1.jpg\" sizes=\"(max-width: 266px) 100vw, 266px\" srcset=\"https:\/\/www.ispas-ev.de\/wp-content\/uploads\/2018\/07\/Gedenktafel-Treffen-Adenauer-de-Gaulle-1.jpg 907w, https:\/\/www.ispas-ev.de\/wp-content\/uploads\/2018\/07\/Gedenktafel-Treffen-Adenauer-de-Gaulle-1-300x211.jpg 300w, https:\/\/www.ispas-ev.de\/wp-content\/uploads\/2018\/07\/Gedenktafel-Treffen-Adenauer-de-Gaulle-1-768x539.jpg 768w\" alt=\"\" width=\"266\" height=\"187\" \/>\u00a0\u00a0\u00a0\u00a0\u00a0\u00a0\u00a0<\/a><strong>Gedenktafel vor der Kathedrale<\/strong><\/p>\n<p>Nach so viel Kunst und Geschichte gestaltete sich der Stopp in der nahegelegenen Champagner-Kellerei ganz anders. Die F\u00fchrung war interessant und strapazi\u00f6s durch die vielen Treppen, dankenswerterweise durch den \u00fcbersetzenden Reiseteilnehmer Claus Lehners verst\u00e4ndlich, jedoch auch erholsam durch die Verkostung und die liebevoll hergerichteten Snacks. Nat\u00fcrlich musste die ein oder andere Flasche mit nach Sindelfingen. Ein Gl\u00fcck war daf\u00fcr noch Platz im Bus.<br \/>\nEin gemeinsames Abendessen im Hotel Campanile am Zielort schloss den Tag ab.<\/p>\n<p><strong>Freitag 29.06.2018<\/strong><\/p>\n<p>Dieser Tag wurde durch die Stadt Corbeil-Essonnes gestaltet. Es wurde allen geraten, auf dem Weg zum Rathaus die wundersch\u00f6ne gro\u00dfe Markthalle, erbaut 1893, zu besuchen. Sehr opulent. Zum Gl\u00fcck war auch gerade Kr\u00e4mermarkt, so dass viele sch\u00f6ne Bilder entstanden.<br \/>\nJean-Michel Fritz, der Erste Beigeordnete und Kulturb\u00fcrgermeister der Stadt Corbeil-Essonnes, begr\u00fc\u00dfte alle recht herzlich und erkl\u00e4rte einiges zur Geschichte des Rathauses und der Stadt Corbeil-Essonnes, perfekt und engagiert \u00fcbersetzt von Peter Bausch, allen bekannt als Sindelfinger Redakteur und wahrer Kenner Frankreichs und Corbeil-Essonnes.<\/p>\n<p><a href=\"https:\/\/www.ispas-ev.de\/wp-content\/uploads\/2018\/07\/Empfang-im-Rathaus.jpg\"><img decoding=\"async\" loading=\"lazy\" class=\"alignnone wp-image-4331\" src=\"https:\/\/www.ispas-ev.de\/wp-content\/uploads\/2018\/07\/Empfang-im-Rathaus.jpg\" alt=\"\" width=\"408\" height=\"288\" srcset=\"https:\/\/test.ispas-ev.de\/wp-content\/uploads\/2018\/07\/Empfang-im-Rathaus.jpg 1010w, https:\/\/test.ispas-ev.de\/wp-content\/uploads\/2018\/07\/Empfang-im-Rathaus-300x212.jpg 300w, https:\/\/test.ispas-ev.de\/wp-content\/uploads\/2018\/07\/Empfang-im-Rathaus-768x542.jpg 768w\" sizes=\"(max-width: 408px) 100vw, 408px\" \/><\/a><br \/>\n<strong>Empfang im Eingangsbereich durch Kulturb\u00fcrgermeister Jean-Michel Fritz, der die Geschichte des Rathauses erkl\u00e4rt, und Stadtrat Yacine Amer<\/strong><\/p>\n<p>Anwesend war auch der j\u00fcngste Stadtrat Corbeil-Essonnes, Yacine Amer, der Sindelfingen durch \u201eJugend in Aktion\u201c kennenlernte und dieses Jahr am Stra\u00dfenfest im franz\u00f6sischen Stand Champagner ausgeschenkt hatte. Im Empfangssaal des historischen Rathauses wurden die Sindelfinger mit einem spektakul\u00e4ren Blick auf die Seine belohnt, ebenfalls mit Champagner und H\u00e4ppchen noch einmal willkommen gehei\u00dfen sowie nach ein wenig Small Talk mit einem Mittagessen bewirtet. Monsieur Fritz lie\u00df es sich anschlie\u00dfend nicht nehmen, pers\u00f6nlich seine G\u00e4ste durch seine Stadt zu f\u00fchren.<br \/>\nZuerst zur Kathedrale St-Spire (hl. Exuperius), gegr\u00fcndet 950, um die Reliquie des Heiligen unterzubringen, erbaut in der jetzigen Form im 12. Jhd., eingeweiht 1437.<br \/>\nDanach stellte er die st\u00e4dtische Galerie vor mit der Ausstellung \u201eOpus symphoniques\u201c des K\u00fcnstlers Christophe Mabillon. Der Skulpteur und Maler war selbst anwesend und man konnte ihn zu seinem Werk befragen. Haupts\u00e4chlich Gitarren aus Gestein der Region gefertigt. Beeindruckend. Zuf\u00e4llig betrat gerade der Sindelfinger K\u00fcnstler Joachim Kupke die Galerie, um sich die neueste Ausstellung anzuschauen, als die Sindelfinger Reisegruppe diese verlie\u00df.<\/p>\n<p><a id=\"set-post-thumbnail\" class=\"thickbox\" href=\"https:\/\/www.ispas-ev.de\/wp-admin\/media-upload.php?post_id=4326&amp;type=image&amp;TB_iframe=1\" aria-describedby=\"set-post-thumbnail-desc\"><img decoding=\"async\" loading=\"lazy\" class=\"attachment-266x266 size-266x266\" src=\"https:\/\/www.ispas-ev.de\/wp-content\/uploads\/2018\/07\/Mosaikkunst-am-Geb\u00e4ude-des-Jugendzentrums-e1531329966875.jpg\" sizes=\"(max-width: 203px) 100vw, 203px\" srcset=\"https:\/\/www.ispas-ev.de\/wp-content\/uploads\/2018\/07\/Mosaikkunst-am-Geb\u00e4ude-des-Jugendzentrums-e1531329966875.jpg 536w, https:\/\/www.ispas-ev.de\/wp-content\/uploads\/2018\/07\/Mosaikkunst-am-Geb\u00e4ude-des-Jugendzentrums-e1531329966875-229x300.jpg 229w\" alt=\"\" width=\"203\" height=\"266\" \/><\/a><\/p>\n<p>Vorbei am<strong> Jugendzentrum Fernand L\u00e9ger mit seiner Mosaikfassade<\/strong> f\u00fchrte der Weg zum gro\u00dfen st\u00e4dtischen Theater. St\u00e4ndig bespielt, aber mit wechselnden Ensembles. Kinder und Jugendliche werden an die darstellende Kunst herangef\u00fchrt durch gef\u00f6rderte Workshops. Ein sichtlich stolzer technischer Leiter und der k\u00fcnstlerische Leiter stellten ihr Haus vor und boten einen Blick hinter die Kulissen an. Die ersten Reihen des Zuschauerraums k\u00f6nnen gedreht werden, es gibt einen Orchestergraben. Die Seiten sind so gestaltet worden, dass die Akustik unglaublich gut ist. Getestet von Reiseteilnehmer Uli Becker, der mutig ein Lied zum Besten gab. Ein aktiver Teil der Sindelfinger Besucher stieg Treppen hinauf und hinab und erprobte die interessante Technik, der fu\u00dflahme Teil erholte sich in den bequemen Theatersesseln. Das Ganze wurde souver\u00e4n \u00fcbersetzt von einer Bekannten Peter Bauschs, Leiterin des Goethe-Instituts in Hamburg, die ebenfalls wegen des Musikfestivals in Corbeil-Essonnes war.<br \/>\nNach dem Theater f\u00fchrte Jean-Michel Fritz seine G\u00e4ste zur Commanderie Saint Jean. Das ist die Kapelle des Malteserordens, die als einziges Geb\u00e4ude des Malteser-Ensembles noch erhalten geblieben ist. Sie wird f\u00fcr Kunstausstellungen und andere k\u00fcnstlerische Events genutzt. Zurzeit gibt es die dort die Ausstellung \u201ePousser les murs\u201c (Mauern einsto\u00dfen oder sich vergr\u00f6\u00dfern) der Societ\u00e9 d\u2019art (K\u00fcnstlervereinigung) de Corbeil-Essonnes. Schon interessant, wie verschieden sich die einzelnen K\u00fcnstler dieses Themas angenommen haben.<\/p>\n<p><a id=\"set-post-thumbnail\" class=\"thickbox\" href=\"https:\/\/www.ispas-ev.de\/wp-admin\/media-upload.php?post_id=4326&amp;type=image&amp;TB_iframe=1\" aria-describedby=\"set-post-thumbnail-desc\"><img decoding=\"async\" loading=\"lazy\" class=\"attachment-266x266 size-266x266\" src=\"https:\/\/www.ispas-ev.de\/wp-content\/uploads\/2018\/07\/Abendessen-im-Park-1.jpg\" sizes=\"(max-width: 266px) 100vw, 266px\" srcset=\"https:\/\/www.ispas-ev.de\/wp-content\/uploads\/2018\/07\/Abendessen-im-Park-1.jpg 696w, https:\/\/www.ispas-ev.de\/wp-content\/uploads\/2018\/07\/Abendessen-im-Park-1-300x262.jpg 300w\" alt=\"\" width=\"266\" height=\"232\" \/><\/a><\/p>\n<p>Weiter ging es zu Fu\u00df zum Stadtpark, in dem das Jazz Festival abends beginnen sollte. Ersch\u00f6pft von der Hitze, dem Fu\u00dfmarsch und den tiefen Eindr\u00fccken nahmen die Sindelfinger dankbar das Abendessen der Freiwilligen, die das der Festival am Laufen halten, entgegen. Das Ganze untermalt durch die Proben f\u00fcr die Abendauff\u00fchrung der st\u00e4dtischen Musikschule. Wunderbare kr\u00e4ftige Stimmen und gute Musik. Einige hatten sich vorgenommen, die Er\u00f6ffnung abends anzuh\u00f6ren. Aber mit Blick auf die nicht vorhandenen Sitzm\u00f6glichkeiten, die eineinhalb Stunden Wartezeit, die Hitze und die Musik, die man teils ja schon geh\u00f6rt hatte, entschlossen sich die meisten, in das Hotel zur\u00fcckzukehren. Nur ein harter Kern blieb.<\/p>\n<p><a id=\"set-post-thumbnail\" class=\"thickbox\" href=\"https:\/\/www.ispas-ev.de\/wp-admin\/media-upload.php?post_id=4326&amp;type=image&amp;TB_iframe=1\" aria-describedby=\"set-post-thumbnail-desc\"><img decoding=\"async\" loading=\"lazy\" class=\"attachment-266x266 alignnone\" src=\"https:\/\/www.ispas-ev.de\/wp-content\/uploads\/2018\/07\/Musikschule-bei-der-Probe-1-300x300.jpg\" sizes=\"(max-width: 266px) 100vw, 266px\" srcset=\"https:\/\/www.ispas-ev.de\/wp-content\/uploads\/2018\/07\/Musikschule-bei-der-Probe-1-300x300.jpg 300w, https:\/\/www.ispas-ev.de\/wp-content\/uploads\/2018\/07\/Musikschule-bei-der-Probe-1-150x150.jpg 150w, https:\/\/www.ispas-ev.de\/wp-content\/uploads\/2018\/07\/Musikschule-bei-der-Probe-1.jpg 601w\" alt=\"\" width=\"266\" height=\"266\" \/><\/a><br \/>\nDer Kulturb\u00fcrgermeister hatte vollstes Verst\u00e4ndnis. Die Vorsitzende Brigitte Stegmaier bedankte sich noch einmal herzlich bei ihm und der Bus fuhr ins Hotel zur\u00fcck, wo man den Abend gem\u00fctlich auf der Terrasse ausklingen lie\u00df. Auch zusammen mit der Sindelfinger Band \u201eIf you wanted to\u201c. Es war eigentlich geplant gewesen, diese Sindelfinger Band anzuh\u00f6ren. Aber die Auftrittspl\u00e4ne des Festivals und die Pl\u00e4ne der Stadt Corbeil-Essonnes f\u00fcr die B\u00fcrgerfahrt passten in dieser Hinsicht leider nicht zusammen.<\/p>\n<p><strong>Samstag 30.06.2018<\/strong><\/p>\n<p>P\u00fcnktlich um 9.30 Uhr startete die Reisegruppe zusammen mit OB Dr. Bernd V\u00f6hringer nach Giverny in der Normandie zum Besuch der ber\u00fchmten G\u00e4rten des Malers Claude Monet. Leider waren Ferienbeginn und Wochenende zusammengefallen und deshalb sowohl die Nationalstra\u00dfe als auch die Autobahn durch Staus verstopft. Also wurden in Giverny die beiden Besichtigungsgruppen zusammengelegt; das ging ganz gut, weil weniger Besucher als sonst Monets G\u00e4rten und das Haus sehen und fotografieren wollten. Wundersch\u00f6ne Anlagen, die nach Monets Vorgaben angelegt und gepflegt wurden. Sie wirkten auch besonders, weil Sonnenschein die Blumen duften und strahlen lie\u00df. Im Innern des Hauses konnte man sich das Familienleben Monets ganz gut vorstellen, sehr interessant auch die Erkl\u00e4rungen der F\u00fchrerin dazu.<\/p>\n<p class=\"hide-if-no-js\"><a id=\"set-post-thumbnail\" class=\"thickbox\" href=\"https:\/\/www.ispas-ev.de\/wp-admin\/media-upload.php?post_id=4326&amp;type=image&amp;TB_iframe=1\" aria-describedby=\"set-post-thumbnail-desc\"><img decoding=\"async\" loading=\"lazy\" class=\"attachment-266x266 size-266x266\" src=\"https:\/\/www.ispas-ev.de\/wp-content\/uploads\/2018\/07\/Feuerwerk-im-Park-von-Versailles2.jpg\" sizes=\"(max-width: 266px) 100vw, 266px\" srcset=\"https:\/\/www.ispas-ev.de\/wp-content\/uploads\/2018\/07\/Feuerwerk-im-Park-von-Versailles2.jpg 660w, https:\/\/www.ispas-ev.de\/wp-content\/uploads\/2018\/07\/Feuerwerk-im-Park-von-Versailles2-300x271.jpg 300w\" alt=\"\" width=\"266\" height=\"241\" \/><\/a><a id=\"set-post-thumbnail\" class=\"thickbox\" href=\"https:\/\/www.ispas-ev.de\/wp-admin\/media-upload.php?post_id=4326&amp;type=image&amp;TB_iframe=1\" aria-describedby=\"set-post-thumbnail-desc\"><img decoding=\"async\" loading=\"lazy\" class=\"attachment-266x266 \" src=\"https:\/\/www.ispas-ev.de\/wp-content\/uploads\/2018\/07\/Gruppe-auf-den-Stufen-vor-Monets-Haus.jpg\" sizes=\"(max-width: 266px) 100vw, 266px\" srcset=\"https:\/\/www.ispas-ev.de\/wp-content\/uploads\/2018\/07\/Gruppe-auf-den-Stufen-vor-Monets-Haus.jpg 719w, https:\/\/www.ispas-ev.de\/wp-content\/uploads\/2018\/07\/Gruppe-auf-den-Stufen-vor-Monets-Haus-300x248.jpg 300w\" alt=\"\" width=\"294\" height=\"243\" \/><\/a><\/p>\n<p>Die R\u00fcckfahrt nach Paris ging schneller und so war man p\u00fcnktlich vor dem Schloss in Versailles. Die Reisegruppe wurde geteilt. Gruppe 1 fand sich vor dem Einlassbereich des Schlosses ein, Gruppe 2 ging in ein Bistro. Die Hitze mit 34\u00b0 vor dem Einlassbereich und das lange Warten brachte so manchen an seine Ersch\u00f6pfungsgrenze. Was f\u00fcr ein riesiges, pr\u00e4chtiges Schloss und viele, viele Menschen darin. Die Pracht dieses Schlosses und der Aufwand, den der Sonnenk\u00f6nig hier betrieben hat, um seine Adeligen zu kontrollieren, verschl\u00e4gt einem den Atem.<\/p>\n<p class=\"hide-if-no-js\"><a id=\"set-post-thumbnail\" class=\"thickbox\" href=\"https:\/\/www.ispas-ev.de\/wp-admin\/media-upload.php?post_id=4326&amp;type=image&amp;TB_iframe=1\" aria-describedby=\"set-post-thumbnail-desc\"><img decoding=\"async\" loading=\"lazy\" class=\"attachment-266x266 size-266x266\" src=\"https:\/\/www.ispas-ev.de\/wp-content\/uploads\/2018\/07\/Versailles.jpg\" sizes=\"(max-width: 266px) 100vw, 266px\" srcset=\"https:\/\/www.ispas-ev.de\/wp-content\/uploads\/2018\/07\/Versailles.jpg 563w, https:\/\/www.ispas-ev.de\/wp-content\/uploads\/2018\/07\/Versailles-300x291.jpg 300w\" alt=\"\" width=\"266\" height=\"258\" \/><\/a><a id=\"set-post-thumbnail\" class=\"thickbox\" href=\"https:\/\/www.ispas-ev.de\/wp-admin\/media-upload.php?post_id=4326&amp;type=image&amp;TB_iframe=1\" aria-describedby=\"set-post-thumbnail-desc\"><img decoding=\"async\" loading=\"lazy\" class=\"attachment-266x266 \" src=\"https:\/\/www.ispas-ev.de\/wp-content\/uploads\/2018\/07\/Spiegelsaal.jpg\" sizes=\"(max-width: 266px) 100vw, 266px\" srcset=\"https:\/\/www.ispas-ev.de\/wp-content\/uploads\/2018\/07\/Spiegelsaal.jpg 614w, https:\/\/www.ispas-ev.de\/wp-content\/uploads\/2018\/07\/Spiegelsaal-300x268.jpg 300w\" alt=\"\" width=\"288\" height=\"258\" \/><\/a><\/p>\n<p class=\"hide-if-no-js\">Auch wenn man schon dar\u00fcber gelesen hat, kann man wohl erst dann verstehen, wie all das funktioniert hat, wenn man davorsteht. Auch weil man mit etwas Fantasie die vielen Menschen mit anderen Kleidern versehen und sich so das Hofleben vorstellen kann.<br \/>\nAnschlie\u00dfend wechselten die Gruppen den Ort. Um 20 Uhr war Einlass in den Schlosspark f\u00fcr die abendlichen Musik- und Wasserspiele \u201eLes Grandes Eaux Nocturnes\u201c.\u00a0 Barockmusik, Lichtinstallationen, pr\u00e4chtige Wasserspiele gipfelten um ca. 22.45 in ein wundersch\u00f6nes Feuerwerk.<\/p>\n<p><a href=\"https:\/\/www.ispas-ev.de\/wp-content\/uploads\/2018\/07\/Feuers\u00e4ulen.jpg\"><img decoding=\"async\" loading=\"lazy\" class=\"alignnone wp-image-4333 size-medium\" src=\"https:\/\/www.ispas-ev.de\/wp-content\/uploads\/2018\/07\/Feuers\u00e4ulen-300x253.jpg\" alt=\"\" width=\"300\" height=\"253\" srcset=\"https:\/\/test.ispas-ev.de\/wp-content\/uploads\/2018\/07\/Feuers\u00e4ulen-300x253.jpg 300w, https:\/\/test.ispas-ev.de\/wp-content\/uploads\/2018\/07\/Feuers\u00e4ulen.jpg 680w\" sizes=\"(max-width: 300px) 100vw, 300px\" \/><\/a><a href=\"https:\/\/www.ispas-ev.de\/wp-content\/uploads\/2018\/07\/Feuerwerk-im-Park-von-Versailles-2.jpg\"><img decoding=\"async\" loading=\"lazy\" class=\"alignnone wp-image-4335 \" src=\"https:\/\/www.ispas-ev.de\/wp-content\/uploads\/2018\/07\/Feuerwerk-im-Park-von-Versailles-2-251x300.jpg\" alt=\"\" width=\"303\" height=\"362\" srcset=\"https:\/\/test.ispas-ev.de\/wp-content\/uploads\/2018\/07\/Feuerwerk-im-Park-von-Versailles-2-251x300.jpg 251w, https:\/\/test.ispas-ev.de\/wp-content\/uploads\/2018\/07\/Feuerwerk-im-Park-von-Versailles-2.jpg 467w\" sizes=\"(max-width: 303px) 100vw, 303px\" \/><\/a><br \/>\nDazwischen blieb Zeit zur freien Verf\u00fcgung, um sich beim Herumschlendern alles gem\u00fctlich anzusehen oder sich ersch\u00f6pft auf einer der vielen B\u00e4nke auszuruhen. Der f\u00fcrsorgliche Fahrer hatte den Bus um 23.15 Uhr schon nahe am Ausgang geparkt und so konnten alle um kurz vor eins m\u00fcde vom anstrengenden Tag ihre Zimmer aufsuchen.<\/p>\n<p><a class=\"thickbox\" href=\"https:\/\/www.ispas-ev.de\/wp-admin\/media-upload.php?post_id=4326&amp;type=image&amp;TB_iframe=1\" aria-describedby=\"set-post-thumbnail-desc\"><img decoding=\"async\" loading=\"lazy\" class=\"attachment-266x266 alignnone\" src=\"https:\/\/www.ispas-ev.de\/wp-content\/uploads\/2018\/07\/Wasserspiele.jpg\" sizes=\"(max-width: 266px) 100vw, 266px\" srcset=\"https:\/\/www.ispas-ev.de\/wp-content\/uploads\/2018\/07\/Wasserspiele.jpg 618w, https:\/\/www.ispas-ev.de\/wp-content\/uploads\/2018\/07\/Wasserspiele-300x276.jpg 300w\" alt=\"\" width=\"321\" height=\"295\" \/><\/a><a href=\"https:\/\/www.ispas-ev.de\/wp-content\/uploads\/2018\/07\/Ersch\u00f6pft-von-der-Hitze.jpg\"><img decoding=\"async\" loading=\"lazy\" class=\"alignnone wp-image-4332 \" src=\"https:\/\/www.ispas-ev.de\/wp-content\/uploads\/2018\/07\/Ersch\u00f6pft-von-der-Hitze-300x238.jpg\" alt=\"\" width=\"323\" height=\"256\" srcset=\"https:\/\/test.ispas-ev.de\/wp-content\/uploads\/2018\/07\/Ersch\u00f6pft-von-der-Hitze-300x238.jpg 300w, https:\/\/test.ispas-ev.de\/wp-content\/uploads\/2018\/07\/Ersch\u00f6pft-von-der-Hitze.jpg 706w\" sizes=\"(max-width: 323px) 100vw, 323px\" \/><\/a><\/p>\n<p><strong>Sonntag 01.07.2018<\/strong><\/p>\n<p>Nach einem sp\u00e4ten Fr\u00fchst\u00fcck war der n\u00e4chste Programmpunkt das nicht weit entfernte Dorf Barbizon. Es liegt am Wald von Fontainebleau und ist ber\u00fchmt wegen der K\u00fcnstlerkolonie um Jean-Fran\u00e7ois Millet. Mit Erfindung der Eisenbahn und der Tubenfarben Anfang des 19. Jahrhunderts konnten die Maler einfach von Paris nach Barbizon fahren und in der freien Natur malen. Der Wald von Fontainebleau mit seinem besonderen Licht hatte es ihnen angetan und so siedelten sich auch einige von ihnen hier an. Es entstand eine freie Gruppe von befreundeten K\u00fcnstlerkollegen, die einen starken Einfluss auf die europ\u00e4ische Landschaftsmalerei aus\u00fcbte und den Impressionismus vorbereitete. Der gef\u00fchrte Rundgang begann in Barbizon und folgte dem Weg der Landschaftsmaler durch den Wald von Fontainebleau mit interessanten Bildern, Anekdoten und Erkl\u00e4rungen.<a href=\"https:\/\/www.ispas-ev.de\/wp-content\/uploads\/2018\/07\/Barbizon.jpg\"><img decoding=\"async\" loading=\"lazy\" class=\"alignnone wp-image-4329\" src=\"https:\/\/www.ispas-ev.de\/wp-content\/uploads\/2018\/07\/Barbizon.jpg\" alt=\"\" width=\"340\" height=\"273\" srcset=\"https:\/\/test.ispas-ev.de\/wp-content\/uploads\/2018\/07\/Barbizon.jpg 703w, https:\/\/test.ispas-ev.de\/wp-content\/uploads\/2018\/07\/Barbizon-300x241.jpg 300w\" sizes=\"(max-width: 340px) 100vw, 340px\" \/><\/a><a href=\"https:\/\/www.ispas-ev.de\/wp-content\/uploads\/2018\/07\/Wald-von-Fontainebleau.jpg\"><img decoding=\"async\" loading=\"lazy\" class=\"alignnone wp-image-4349 \" src=\"https:\/\/www.ispas-ev.de\/wp-content\/uploads\/2018\/07\/Wald-von-Fontainebleau.jpg\" alt=\"\" width=\"337\" height=\"309\" srcset=\"https:\/\/test.ispas-ev.de\/wp-content\/uploads\/2018\/07\/Wald-von-Fontainebleau.jpg 627w, https:\/\/test.ispas-ev.de\/wp-content\/uploads\/2018\/07\/Wald-von-Fontainebleau-300x275.jpg 300w\" sizes=\"(max-width: 337px) 100vw, 337px\" \/><\/a><br \/>\nEs war naheliegend, dass man anschlie\u00dfend auch das Schloss Fontainebleau besuchte. Napoleons Gem\u00e4cher, seine Geschichte, seine Hinterlassenschaften sind hier ganz nah. Ber\u00fchmt ist es jedoch vor allem f\u00fcr seine Innenausstattung aus der Zeit der Renaissance, an der vor allem italienische K\u00fcnstler arbeiteten. Wirklich wundervoll die Grands Apartements, f\u00fcr die, mit Audioguides gef\u00fchrt, alle schw\u00e4rmten. Das Schloss wurde im Laufe der Zeit mehrfach umgebaut.\u00a0 1981 wurde es von der Unesco zum Weltkulturerbe erkl\u00e4rt.<\/p>\n<p><a href=\"https:\/\/www.ispas-ev.de\/wp-content\/uploads\/2018\/07\/Fontainebleau.jpg\"><img decoding=\"async\" loading=\"lazy\" class=\"alignnone wp-image-4338 \" src=\"https:\/\/www.ispas-ev.de\/wp-content\/uploads\/2018\/07\/Fontainebleau.jpg\" alt=\"\" width=\"438\" height=\"294\" srcset=\"https:\/\/test.ispas-ev.de\/wp-content\/uploads\/2018\/07\/Fontainebleau.jpg 685w, https:\/\/test.ispas-ev.de\/wp-content\/uploads\/2018\/07\/Fontainebleau-300x201.jpg 300w\" sizes=\"(max-width: 438px) 100vw, 438px\" \/><\/a><br \/>\nLudwig der XIV lie\u00df in den G\u00e4rten ein neues Parterre im Stil des Barocks, einen Kanal und neue Parks anlegen. Die Parks sind wundersch\u00f6n, \u00f6ffentlich und werden von Einheimischen und Touristen, wie man sah, flei\u00dfig genutzt. Ein gemeinsames Abendessen beschloss den Tag.<\/p>\n<p><strong>Montag 02.07.2018<\/strong><\/p>\n<p>Sehr fr\u00fch am Morgen ging es mit einem attraktiven Programm los Richtung Heimat.<\/p>\n<p>Erster Halt war in Troyes, einer vom Keltenstamm der Tricasses gegr\u00fcndeten, fr\u00fcher sehr bekannten Stadt (Schlacht auf den Katalaunischen Feldern, Talmud-Gelehrter Raschi, Konzil von Troyes, mittelalterlicher Dichter Chr\u00e9tien de Troyes mit der Parzival-Erz\u00e4hlung etc.). Der sogenannte <strong>Lettner in der Kirche St. Madeleine<\/strong> ist der einzige noch vollst\u00e4ndig erhaltene Vorl\u00e4ufer der Kanzel und stammt aus dem fr\u00fchen 16. Jahrhundert.<\/p>\n<p><a href=\"https:\/\/www.ispas-ev.de\/wp-content\/uploads\/2018\/07\/Lettner-in-Troyes.jpg\"><img decoding=\"async\" loading=\"lazy\" class=\"alignnone wp-image-4360 size-medium\" src=\"https:\/\/www.ispas-ev.de\/wp-content\/uploads\/2018\/07\/Lettner-in-Troyes-300x227.jpg\" alt=\"\" width=\"300\" height=\"227\" srcset=\"https:\/\/test.ispas-ev.de\/wp-content\/uploads\/2018\/07\/Lettner-in-Troyes-300x227.jpg 300w, https:\/\/test.ispas-ev.de\/wp-content\/uploads\/2018\/07\/Lettner-in-Troyes.jpg 529w\" sizes=\"(max-width: 300px) 100vw, 300px\" \/><\/a><br \/>\nBei der F\u00fchrung durch die Kathedrale und die wunderbar restaurierten Fachwerkh\u00e4user aus dem 16. bis 18. Jahrhundert beeindruckten nicht nur das Fachwissen der Stadtf\u00fchrerin und ihr Charme, sondern auch die Anmut, mit der sie auf 8-cm-Abs\u00e4tzen \u00fcber das ungleichm\u00e4\u00dfige Kopfsteinpflaster schwebte. Tiefe Ehrfurcht bei den Damen der Gruppe.<\/p>\n<p><a href=\"https:\/\/www.ispas-ev.de\/wp-content\/uploads\/2018\/07\/Saarburg-Chagalls-Fenster-e1531326303628.jpg\"><img decoding=\"async\" loading=\"lazy\" class=\"alignnone wp-image-4344 size-medium\" src=\"https:\/\/www.ispas-ev.de\/wp-content\/uploads\/2018\/07\/Saarburg-Chagalls-Fenster-e1531326303628-225x300.jpg\" alt=\"\" width=\"225\" height=\"300\" srcset=\"https:\/\/test.ispas-ev.de\/wp-content\/uploads\/2018\/07\/Saarburg-Chagalls-Fenster-e1531326303628-225x300.jpg 225w, https:\/\/test.ispas-ev.de\/wp-content\/uploads\/2018\/07\/Saarburg-Chagalls-Fenster-e1531326303628-768x1024.jpg 768w, https:\/\/test.ispas-ev.de\/wp-content\/uploads\/2018\/07\/Saarburg-Chagalls-Fenster-e1531326303628.jpg 1040w\" sizes=\"(max-width: 225px) 100vw, 225px\" \/><\/a><strong>Chagall-Fenster: Frieden<br \/>\n<\/strong><br \/>\nN\u00e4chster Stopp war in Sarrebourg (Saarburg). Hier war 1970 die Kapelle eines ehemaligen Franziskanerkonvents restauriert worden. Durch den Abbruch eines Geb\u00e4udes war die Kapelle nach Osten hin offen. Marc Chagall wurde beauftragt, die L\u00fccke mit einem Buntglasfenster zu schlie\u00dfen. 1976 wurde das monumentale Fenster, das den Frieden als Motiv hat, sowie weitere Seitenfenster fertiggestellt und eingeweiht. Das Bild ist \u00fcberall pr\u00e4sent, aber wenn man vor dem 12 Meter hohen und 7 Meter breiten Kunstwerk den Kopf in den Nacken legt und ehrf\u00fcrchtig die Einzelheiten zu entziffern versucht, ist das noch mal etwas anderes.<\/p>\n<p><a href=\"https:\/\/www.ispas-ev.de\/wp-content\/uploads\/2018\/07\/Gedicht-der-Teilnehmer.jpg\"><img decoding=\"async\" loading=\"lazy\" class=\"alignnone wp-image-4340 size-medium\" src=\"https:\/\/www.ispas-ev.de\/wp-content\/uploads\/2018\/07\/Gedicht-der-Teilnehmer-300x184.jpg\" alt=\"\" width=\"300\" height=\"184\" srcset=\"https:\/\/test.ispas-ev.de\/wp-content\/uploads\/2018\/07\/Gedicht-der-Teilnehmer-300x184.jpg 300w, https:\/\/test.ispas-ev.de\/wp-content\/uploads\/2018\/07\/Gedicht-der-Teilnehmer.jpg 553w\" sizes=\"(max-width: 300px) 100vw, 300px\" \/><\/a><br \/>\nAbendessen mit els\u00e4ssischem Flammkuchen gab es anschlie\u00dfend in Roeschwoog. Dort wurden Busfahrer Hansi Schwab und die anwesenden Mitorganisatorinnen Brigitte Stegmaier und Karoline Hassler von Barbara Speer \u00fcberrascht, die ein Gedicht vortrug, das von ihr und den kreativen Hinterb\u00e4nklern im Bus erdacht worden war.<\/p>\n<p>Das Gedicht:<\/p>\n<p>Liebe Biggi, liebe Karoline, lieber Hansi,<\/p>\n<p>Die Reise nach Corbeil,<br \/>\nsie ist jetzt bald vorbei<br \/>\nCinques jours sont pass\u00e9es,<br \/>\njetzt kommt das Res\u00fcmee.<\/p>\n<p>Die Brigitte, sie reist sehr gern<br \/>\nin die Partnerst\u00e4dte nah und fern<br \/>\nCorbeil-Essonnes war unser Ziel,<br \/>\nBiggi und Karo planen viel.<\/p>\n<p>Monet, Chagall, Versailles,<br \/>\ndie N\u00e4chte sind kurz,<br \/>\nder OB dabei.<\/p>\n<p>Die Sonne sticht,<br \/>\ndie Truppe st\u00f6hnt,<br \/>\nvom Orga-Team wird sie verw\u00f6hnt.<br \/>\nKapellen \u2013 Kirchen \u2013 Galerien sind ein Muss,<br \/>\nwir laufen durch Hitze und Staub<br \/>\nf\u00fcr den Kunstgenuss.<\/p>\n<p>Das Reisen im Hassler-Bus uns gut gef\u00e4llt,<br \/>\nder Hansi rechtzeitig ein Bier kaltstellt.<br \/>\nHansi und die Karoline \u2013<br \/>\nzusammen sind sie ein super Team<\/p>\n<p>Elegant t\u00e4nzelt sie durch den Bus<br \/>\nf\u00fcr unseren leiblichen Genuss.<br \/>\nMit Obst, Gem\u00fcse und Hefezopf<br \/>\nErfrischt sie unseren Leib und Kopf.<\/p>\n<p>Karoline verbreitet gute Laune,<br \/>\ndass man nur so staune.<br \/>\nNur einmal war sie sehr gequ\u00e4lt,<br \/>\nals pl\u00f6tzlich ihre Tasche fehlt<br \/>\nPapiere, Karten, die Unterlagen sind weg &#8211;<br \/>\nso ein Schreck!<\/p>\n<p>Ihr Blutdruck steigt zu ungewohnter Zeit,<br \/>\nNervenkitzel pur \u2013<br \/>\nwas mach ich jetzt nur?<br \/>\nHansi als Retter in der Not<br \/>\nbringt Karoline zur\u00fcck ins Lot.<br \/>\nDen goldenen Flaschen\u00f6ffner hat er sich hoch verdient \u2013<br \/>\nnur mit Applaus ist da nicht gedient.<\/p>\n<p>Danke f\u00fcr dein Temperament und Engagement<br \/>\nschaffsch sogar dein eigna M\u00f4 \u2013<br \/>\nund sch\u00f4 wieder bringt se an Keks des Wegs.<\/p>\n<p>Wir danken dir f\u00fcr deine Zeit<br \/>\nUnd fahren mit dir zu jeder Zeit<br \/>\nim Hassler-Bus<br \/>\negal wohin<br \/>\negal wie weit . . .<\/p>\n<p>Gel\u00e4chter und Applaus belohnt die Angesprochenen und die kreativen K\u00f6pfe. Das Gedicht zeigt anschaulich die gute Stimmung w\u00e4hrend der Reise.<\/p>\n<p>M\u00fcde und mit vielen unvergesslichen Eindr\u00fccken stiegen alle um 22 Uhr aus dem Bus.<br \/>\nEs hat sich wieder einmal gelohnt, eine B\u00fcrgerfahrt mitgemacht zu haben.<\/p>\n","protected":false},"excerpt":{"rendered":"<p>Bericht einer Teilnehmerin: Donnerstag, 28.06.2018 6.30 Uhr Abfahrt der 42 Reisenden am Glaspalast. Die Anreise nach Corbeil-Essonnes f\u00fchrte \u00fcber Reims. Erster Aufenthalt mit F\u00fchrung durch die Kathedrale Notre-Dame. Beginn der [&hellip;]<\/p>\n","protected":false},"author":16,"featured_media":4341,"comment_status":"closed","ping_status":"closed","sticky":false,"template":"","format":"standard","meta":{"ngg_post_thumbnail":0},"categories":[25],"tags":[],"_links":{"self":[{"href":"https:\/\/test.ispas-ev.de\/index.php?rest_route=\/wp\/v2\/posts\/4326"}],"collection":[{"href":"https:\/\/test.ispas-ev.de\/index.php?rest_route=\/wp\/v2\/posts"}],"about":[{"href":"https:\/\/test.ispas-ev.de\/index.php?rest_route=\/wp\/v2\/types\/post"}],"author":[{"embeddable":true,"href":"https:\/\/test.ispas-ev.de\/index.php?rest_route=\/wp\/v2\/users\/16"}],"replies":[{"embeddable":true,"href":"https:\/\/test.ispas-ev.de\/index.php?rest_route=%2Fwp%2Fv2%2Fcomments&post=4326"}],"version-history":[{"count":11,"href":"https:\/\/test.ispas-ev.de\/index.php?rest_route=\/wp\/v2\/posts\/4326\/revisions"}],"predecessor-version":[{"id":4372,"href":"https:\/\/test.ispas-ev.de\/index.php?rest_route=\/wp\/v2\/posts\/4326\/revisions\/4372"}],"wp:featuredmedia":[{"embeddable":true,"href":"https:\/\/test.ispas-ev.de\/index.php?rest_route=\/wp\/v2\/media\/4341"}],"wp:attachment":[{"href":"https:\/\/test.ispas-ev.de\/index.php?rest_route=%2Fwp%2Fv2%2Fmedia&parent=4326"}],"wp:term":[{"taxonomy":"category","embeddable":true,"href":"https:\/\/test.ispas-ev.de\/index.php?rest_route=%2Fwp%2Fv2%2Fcategories&post=4326"},{"taxonomy":"post_tag","embeddable":true,"href":"https:\/\/test.ispas-ev.de\/index.php?rest_route=%2Fwp%2Fv2%2Ftags&post=4326"}],"curies":[{"name":"wp","href":"https:\/\/api.w.org\/{rel}","templated":true}]}}