{"id":4212,"date":"2018-03-24T16:01:06","date_gmt":"2018-03-24T15:01:06","guid":{"rendered":"https:\/\/www.ispas-ev.de\/?p=4212"},"modified":"2018-04-16T23:15:58","modified_gmt":"2018-04-16T21:15:58","slug":"buergerfahrt-nach-corbeil-essonnes","status":"publish","type":"post","link":"https:\/\/test.ispas-ev.de\/?p=4212","title":{"rendered":"B\u00fcrgerfahrt nach Corbeil-Essonnes"},"content":{"rendered":"<p><a href=\"https:\/\/www.ispas-ev.de\/wp-content\/uploads\/2018\/03\/Ausgebucht.png\"><img decoding=\"async\" loading=\"lazy\" class=\"wp-image-4275 size-medium aligncenter\" src=\"https:\/\/www.ispas-ev.de\/wp-content\/uploads\/2018\/03\/Ausgebucht-300x150.png\" alt=\"\" width=\"300\" height=\"150\" srcset=\"https:\/\/test.ispas-ev.de\/wp-content\/uploads\/2018\/03\/Ausgebucht-300x150.png 300w, https:\/\/test.ispas-ev.de\/wp-content\/uploads\/2018\/03\/Ausgebucht-768x384.png 768w, https:\/\/test.ispas-ev.de\/wp-content\/uploads\/2018\/03\/Ausgebucht.png 800w\" sizes=\"(max-width: 300px) 100vw, 300px\" \/><\/a>Aufgrund der gro\u00dfen Nachfrage ist die B\u00fcrgerfahrt in unsere franz\u00f6sische Partnerstadt Corbeil-Essonnesvom 28.6. bis 2.7.18 <strong>schon ausgebucht<\/strong>. Es k\u00f6nnen leider keine neuen Anmeldungen angenommen werden<\/p>\n","protected":false},"excerpt":{"rendered":"<p>Aufgrund der gro\u00dfen Nachfrage ist die B\u00fcrgerfahrt in unsere franz\u00f6sische Partnerstadt Corbeil-Essonnesvom 28.6. bis 2.7.18 schon ausgebucht. Es k\u00f6nnen leider keine neuen Anmeldungen angenommen werden<\/p>\n","protected":false},"author":16,"featured_media":586,"comment_status":"closed","ping_status":"closed","sticky":false,"template":"","format":"standard","meta":{"ngg_post_thumbnail":0},"categories":[1],"tags":[],"_links":{"self":[{"href":"https:\/\/test.ispas-ev.de\/index.php?rest_route=\/wp\/v2\/posts\/4212"}],"collection":[{"href":"https:\/\/test.ispas-ev.de\/index.php?rest_route=\/wp\/v2\/posts"}],"about":[{"href":"https:\/\/test.ispas-ev.de\/index.php?rest_route=\/wp\/v2\/types\/post"}],"author":[{"embeddable":true,"href":"https:\/\/test.ispas-ev.de\/index.php?rest_route=\/wp\/v2\/users\/16"}],"replies":[{"embeddable":true,"href":"https:\/\/test.ispas-ev.de\/index.php?rest_route=%2Fwp%2Fv2%2Fcomments&post=4212"}],"version-history":[{"count":9,"href":"https:\/\/test.ispas-ev.de\/index.php?rest_route=\/wp\/v2\/posts\/4212\/revisions"}],"predecessor-version":[{"id":4281,"href":"https:\/\/test.ispas-ev.de\/index.php?rest_route=\/wp\/v2\/posts\/4212\/revisions\/4281"}],"wp:featuredmedia":[{"embeddable":true,"href":"https:\/\/test.ispas-ev.de\/index.php?rest_route=\/wp\/v2\/media\/586"}],"wp:attachment":[{"href":"https:\/\/test.ispas-ev.de\/index.php?rest_route=%2Fwp%2Fv2%2Fmedia&parent=4212"}],"wp:term":[{"taxonomy":"category","embeddable":true,"href":"https:\/\/test.ispas-ev.de\/index.php?rest_route=%2Fwp%2Fv2%2Fcategories&post=4212"},{"taxonomy":"post_tag","embeddable":true,"href":"https:\/\/test.ispas-ev.de\/index.php?rest_route=%2Fwp%2Fv2%2Ftags&post=4212"}],"curies":[{"name":"wp","href":"https:\/\/api.w.org\/{rel}","templated":true}]}}