{"id":4058,"date":"2017-11-25T22:55:59","date_gmt":"2017-11-25T21:55:59","guid":{"rendered":"http:\/\/www.ispas-ev.de\/?p=4058"},"modified":"2018-01-03T15:36:14","modified_gmt":"2018-01-03T14:36:14","slug":"wir-schreiben-das-jahr-2037-europe-reloaded","status":"publish","type":"post","link":"https:\/\/test.ispas-ev.de\/?p=4058","title":{"rendered":"Wir schreiben das Jahr 2037: EUROPE RELOADED!!!"},"content":{"rendered":"<p><a href=\"http:\/\/www.ispas-ev.de\/wp-content\/uploads\/2018\/01\/Europa_Reloaded_UvdM_20171118_192253.jpg\"><img decoding=\"async\" loading=\"lazy\" class=\"alignnone size-large wp-image-4061\" src=\"http:\/\/www.ispas-ev.de\/wp-content\/uploads\/2018\/01\/Europa_Reloaded_UvdM_20171118_192253-1024x768.jpg\" alt=\"\" width=\"1024\" height=\"768\" srcset=\"https:\/\/test.ispas-ev.de\/wp-content\/uploads\/2018\/01\/Europa_Reloaded_UvdM_20171118_192253-1024x768.jpg 1024w, https:\/\/test.ispas-ev.de\/wp-content\/uploads\/2018\/01\/Europa_Reloaded_UvdM_20171118_192253-300x225.jpg 300w, https:\/\/test.ispas-ev.de\/wp-content\/uploads\/2018\/01\/Europa_Reloaded_UvdM_20171118_192253-768x576.jpg 768w\" sizes=\"(max-width: 1024px) 100vw, 1024px\" \/><\/a><\/p>\n<h4 style=\"text-align: justify;\">40 Jugendliche aus 20 L\u00e4ndern erarbeiten eine faszinierende Performance<\/h4>\n<p style=\"text-align: justify;\"><strong>\u201eHier war ich ja noch nie!\u201c, das waren die immer wieder zu h\u00f6renden Begr\u00fc\u00dfungsworte von jungen und \u00e4lteren Besuchern, die die Zuschauerr\u00e4nge im \u201eS\u00dcD. Treffpunkt f\u00fcr Jugendkultur\u201c in Sindelfingen bei den beiden Auff\u00fchrungen bis auf den letzten Platz f\u00fcllten. Und sie sollten ihren erstmaligen Besuch nicht bereuen! Denn was die 40 Jugendlichen unter Anleitung der Theaterp\u00e4dagoginnen und Regisseurinnen Annette von der M\u00fclbe und Anke Marx in ihrer Performance auf die B\u00fchne brachten, zog alle Zuschauer in ihren Bann: Es gab viel zu lachen, aber auch ungeheuer packende Momente, so dass einem der Atem stockte und man nur hoffen konnte, dass alles gut ausgeht!<\/strong><\/p>\n<p style=\"text-align: justify;\">Doch jetzt der Reihe nach: Zum achten Mal hatte ISPAS mit der finanziellen Unterst\u00fctzung von Erasmus+ 40 Jugendliche und ihre BegleiterInnen aus England, Frankreich, Italien, Kroatien, Polen und Ungarn eingeladen. Gastgeber waren die Jugendlichen der Gottlieb-Daimler-Schule 2 \u2013 vorwiegend Migranten und Fl\u00fcchtlinge. Gemeinsam erarbeiteten sie eine Performance zu dem Thema: BACK TO THE FUTURE \u2013 ZUR\u00dcCK IN DIE ZUKUNFT. Dazu hatten die Jugendlichen Collagen angefertigt, die sie mit nach Sindelfingen brachten.<\/p>\n<p><a href=\"http:\/\/www.ispas-ev.de\/wp-content\/uploads\/2018\/01\/Europa_Reloaded_UvdM_20171118_192539.jpg\"><img decoding=\"async\" loading=\"lazy\" class=\"alignnone size-large wp-image-4062\" src=\"http:\/\/www.ispas-ev.de\/wp-content\/uploads\/2018\/01\/Europa_Reloaded_UvdM_20171118_192539-1024x768.jpg\" alt=\"\" width=\"1024\" height=\"768\" srcset=\"https:\/\/test.ispas-ev.de\/wp-content\/uploads\/2018\/01\/Europa_Reloaded_UvdM_20171118_192539-1024x768.jpg 1024w, https:\/\/test.ispas-ev.de\/wp-content\/uploads\/2018\/01\/Europa_Reloaded_UvdM_20171118_192539-300x225.jpg 300w, https:\/\/test.ispas-ev.de\/wp-content\/uploads\/2018\/01\/Europa_Reloaded_UvdM_20171118_192539-768x576.jpg 768w\" sizes=\"(max-width: 1024px) 100vw, 1024px\" \/><\/a><\/p>\n<p style=\"text-align: justify;\">Und dann ging es los: Inspiriert von all diesen interessanten Collagen, entwickelten sie in wenigen Tagen Szenen, in denen sie sich vorstellten, wie sich ihr Leben in den n\u00e4chsten 20 Jahren ver\u00e4ndern wird. Die beiden Regisseurinnen formten daraus ein dramaturgisches Ganzes: EUROPE RELOADED 2037, in dem sich jeder der Jugendlichen zwischen 15 und 20 Jahren in verschiedenen Rollen pr\u00e4sentierte. Nicht nur diese Szenen wurden gemeinsam im S\u00dcD erarbeitet, sondern auch alle Requisiten und Kulissen mit den einfachsten Mitteln gestaltet.<\/p>\n<p style=\"text-align: justify;\">Das Spiel begann an der \u201eBar of Broken Dreams\u201c, wo &#8211; nach einer kurzen Begr\u00fc\u00dfung durch die Vorsitzende von ISPAS, Brigitte Stegmaier &#8211; inmitten der Zuschauer, Jugendliche aus allen L\u00e4ndern sich mit ihren gescheiterten Hoffnungen vorstellten und anschlie\u00dfend in den Theatersaal f\u00fchrten. Dort k\u00fcndigten sogleich Nachrichtensprecher und Reporter von \u201eWorld News\u201c Bedeutendes an: Die Geberkonferenz der D5 &#8211; der f\u00fcnf m\u00e4chtigsten Diktatoren der Welt &#8211; zur angeblichen Rettung des Weltklimas und gleichzeitig die gro\u00dfe Demonstration gegen die Regierenden.<\/p>\n<p><a href=\"http:\/\/www.ispas-ev.de\/wp-content\/uploads\/2018\/01\/Europa_Reloaded_UvdM_20171118_195221.jpg\"><img decoding=\"async\" loading=\"lazy\" class=\"alignnone size-large wp-image-4063\" src=\"http:\/\/www.ispas-ev.de\/wp-content\/uploads\/2018\/01\/Europa_Reloaded_UvdM_20171118_195221-1024x768.jpg\" alt=\"\" width=\"1024\" height=\"768\" srcset=\"https:\/\/test.ispas-ev.de\/wp-content\/uploads\/2018\/01\/Europa_Reloaded_UvdM_20171118_195221-1024x768.jpg 1024w, https:\/\/test.ispas-ev.de\/wp-content\/uploads\/2018\/01\/Europa_Reloaded_UvdM_20171118_195221-300x225.jpg 300w, https:\/\/test.ispas-ev.de\/wp-content\/uploads\/2018\/01\/Europa_Reloaded_UvdM_20171118_195221-768x576.jpg 768w\" sizes=\"(max-width: 1024px) 100vw, 1024px\" \/><\/a><\/p>\n<p style=\"text-align: justify;\">Und dann ging es Schlag auf Schlag in die Welt von 2037: Die au\u00dfer Rand und Band geratenden Maschinen der Arbeitswelt, die ihren Ingenieur feuern, bis hin zu dem von Robotern beherrschten Alltag der Jugendlichen: Roboter, die vom Z\u00e4hneputzen bis zum Schulunterricht alles erledigen. Selbst im Krankenhaus werden die Menschen von &#8211; im wahrsten Sinne des Wortes \u2013 gnadenloser Effizienz bestimmt. Das klingt in dieser Zusammenfassung ziemlich d\u00fcster, aber war es trotzdem nicht: Durch die vielfach slapstickhaften, \u00fcbertriebenen Darstellungsformen wirkte vieles wirklich sehr komisch, wenn auch den Zuschauern das Lachen oft im Halse steckenblieb. So auch bei den Reportagen, die \u201eWorld News\u201c vom \u201eJahrtausend-Sturm Nr. 23 in der Schweiz\u201c brachte, von der \u201eJahrtausend-D\u00fcrre Nr. 42\u201c in Schweden und der \u201eJahrtausend-\u00dcberschwemmung Nr. 311\u201c in der Sahara. Logische Folge dieser Katastrophen war eben besagte Klimakonferenz. Aber die f\u00fcnf, die Welt beherrschenden Diktatoren, die sich &#8211; wie einst Charlie Chaplin in der \u201eDer gro\u00dfe Diktator\u201c &#8211; am\u00fcsiert den Erdkugel-Ballon zuspielen, finden nat\u00fcrlich keine gemeinsame L\u00f6sung &#8211; zu sehr stehen stets ihre eigenen Eitelkeiten im Vordergrund: So beklagt sich zum Beispiel einer der Diktatoren \u00fcber den Smog, der ihn daran hindert, seine sch\u00f6ne Frau klar zu sehen!<\/p>\n<p><a href=\"http:\/\/www.ispas-ev.de\/wp-content\/uploads\/2018\/01\/Europa_Reloaded_UvdM_20171118_195300.jpg\"><img decoding=\"async\" loading=\"lazy\" class=\"alignnone size-large wp-image-4064\" src=\"http:\/\/www.ispas-ev.de\/wp-content\/uploads\/2018\/01\/Europa_Reloaded_UvdM_20171118_195300-1024x768.jpg\" alt=\"\" width=\"1024\" height=\"768\" srcset=\"https:\/\/test.ispas-ev.de\/wp-content\/uploads\/2018\/01\/Europa_Reloaded_UvdM_20171118_195300-1024x768.jpg 1024w, https:\/\/test.ispas-ev.de\/wp-content\/uploads\/2018\/01\/Europa_Reloaded_UvdM_20171118_195300-300x225.jpg 300w, https:\/\/test.ispas-ev.de\/wp-content\/uploads\/2018\/01\/Europa_Reloaded_UvdM_20171118_195300-768x576.jpg 768w\" sizes=\"(max-width: 1024px) 100vw, 1024px\" \/><\/a><\/p>\n<p style=\"text-align: justify;\">Und so kommt es zum Showdown: Die Jugendlichen, die sich doch endlich zur Demonstration aufgerafft haben, werden von den Bodyguards der Diktatoren zusammengepfercht und ihnen droht die Erschie\u00dfung! Doch wie Shakespeare schon sagte: \u201eAll&#8217;s Well What Ends Well!\u201c Denn die Jugendlichen zu exekutieren, bringen selbst die h\u00e4rtesten Schergen der D5 letztendlich nicht zustande. So geht es zum guten Schluss den Diktatoren an den Kragen, und die Jugendlichen feiern die Positiven Perspektiven einer Gesellschaft, f\u00fcr die sie gek\u00e4mpft haben: f\u00fcr Toleranz, f\u00fcr Meinungsfreiheit und f\u00fcr den schonenden Umgang mit der Natur! Und so ist der letzte Wunsch einer ungarischen Demonstrantin. \u201eF\u00fcr Europa in 20 Jahren, hoffen wir, dass es noch existiert!\u201c<\/p>\n<p style=\"text-align: justify;\">Wirklich eine fulminante Performance, f\u00fcr die sich das Publikum an beiden Abenden mit gro\u00dfem Jubel bei den jungen Akteuren, ihren BegleitlehrerInnen und vor allem bei ihren beiden Regisseurinnen bedankte!<\/p>\n","protected":false},"excerpt":{"rendered":"<p>40 Jugendliche aus 20 L\u00e4ndern erarbeiten eine faszinierende Performance \u201eHier war ich ja noch nie!\u201c, das waren die immer wieder zu h\u00f6renden Begr\u00fc\u00dfungsworte von jungen und \u00e4lteren Besuchern, die die [&hellip;]<\/p>\n","protected":false},"author":13,"featured_media":4064,"comment_status":"closed","ping_status":"closed","sticky":false,"template":"","format":"standard","meta":{"ngg_post_thumbnail":0},"categories":[44,45,26],"tags":[],"_links":{"self":[{"href":"https:\/\/test.ispas-ev.de\/index.php?rest_route=\/wp\/v2\/posts\/4058"}],"collection":[{"href":"https:\/\/test.ispas-ev.de\/index.php?rest_route=\/wp\/v2\/posts"}],"about":[{"href":"https:\/\/test.ispas-ev.de\/index.php?rest_route=\/wp\/v2\/types\/post"}],"author":[{"embeddable":true,"href":"https:\/\/test.ispas-ev.de\/index.php?rest_route=\/wp\/v2\/users\/13"}],"replies":[{"embeddable":true,"href":"https:\/\/test.ispas-ev.de\/index.php?rest_route=%2Fwp%2Fv2%2Fcomments&post=4058"}],"version-history":[{"count":6,"href":"https:\/\/test.ispas-ev.de\/index.php?rest_route=\/wp\/v2\/posts\/4058\/revisions"}],"predecessor-version":[{"id":4068,"href":"https:\/\/test.ispas-ev.de\/index.php?rest_route=\/wp\/v2\/posts\/4058\/revisions\/4068"}],"wp:featuredmedia":[{"embeddable":true,"href":"https:\/\/test.ispas-ev.de\/index.php?rest_route=\/wp\/v2\/media\/4064"}],"wp:attachment":[{"href":"https:\/\/test.ispas-ev.de\/index.php?rest_route=%2Fwp%2Fv2%2Fmedia&parent=4058"}],"wp:term":[{"taxonomy":"category","embeddable":true,"href":"https:\/\/test.ispas-ev.de\/index.php?rest_route=%2Fwp%2Fv2%2Fcategories&post=4058"},{"taxonomy":"post_tag","embeddable":true,"href":"https:\/\/test.ispas-ev.de\/index.php?rest_route=%2Fwp%2Fv2%2Ftags&post=4058"}],"curies":[{"name":"wp","href":"https:\/\/api.w.org\/{rel}","templated":true}]}}