{"id":4029,"date":"2018-01-03T14:56:56","date_gmt":"2018-01-03T13:56:56","guid":{"rendered":"http:\/\/www.ispas-ev.de\/?p=4029"},"modified":"2018-01-03T15:45:47","modified_gmt":"2018-01-03T14:45:47","slug":"baden-wuerttembergische-literaturtage-boeblingen-sindelfingen-2017","status":"publish","type":"post","link":"https:\/\/test.ispas-ev.de\/?p=4029","title":{"rendered":"Baden-W\u00fcrttembergische Literaturtage B\u00f6blingen \/ Sindelfingen 2017"},"content":{"rendered":"<h3 style=\"text-align: justify;\">Tagebuchaufzeichnungen von Priska Steinebrunner, Frick \/ Schweiz<\/h3>\n<p style=\"text-align: justify;\"><strong>Im Rahmen der Literaturtage in Sindelfingen reisten Elif und ich (Priska) dorthin, um an einem Schreibperformance-Workshop teilzunehmen. Wir blieben hier vom 16.10.17 bis zum 21.10.17.<\/strong><\/p>\n<h5 style=\"text-align: justify;\">16.10.17<\/h5>\n<p style=\"text-align: justify;\">Heute ging es los. Nach dem Mittagessen wurden wir von Gudrun Stauffer abgeholt und fuhren nach Sindelfingen. Nach einem k\u00fcrzeren Aufenthalt im Haus ging es weiter in den Ortskern,<\/p>\n<p style=\"text-align: justify;\">wo wir die Sch\u00fclerinnen aus Torgau trafen, etwas a\u00dfen und danach eine kurze F\u00fchrung durch die Stadt erhielten. Sindelfingen erlebte im 20. Jahrhundert einen starken Bev\u00f6lkerungsaufschwung, als die Daimler-Mercedes-Werke hierher verlegt wurden. Davor war Sindelfingen ein kleiner Ort mit einem mittelalterlichen Kern. Hier stehen sehr viele Fachwerkh\u00e4user, f\u00fcr die Sindelfingen heute noch sehr bekannt ist. Das \u00e4lteste Geb\u00e4ude ist die Martinskirche, gebaut im romanischen Stil. Nach der F\u00fchrung besuchten wir eine Lesung \u00fcber das Buch Paula. Ich bin gespannt, was morgen kommt.<\/p>\n<div id='gallery-1' class='gallery galleryid-4029 gallery-columns-4 gallery-size-medium'><figure class='gallery-item'>\n\t\t\t<div class='gallery-icon portrait'>\n\t\t\t\t<a href='https:\/\/test.ispas-ev.de\/wp-content\/uploads\/2018\/01\/Tagebucheintr\u00e4ge_von_Priska_Steinebrunner_Bild.1-e1514985026601.jpg'><img width=\"169\" height=\"300\" src=\"https:\/\/test.ispas-ev.de\/wp-content\/uploads\/2018\/01\/Tagebucheintr\u00e4ge_von_Priska_Steinebrunner_Bild.1-e1514985026601-169x300.jpg\" class=\"attachment-medium size-medium\" alt=\"\" decoding=\"async\" loading=\"lazy\" srcset=\"https:\/\/test.ispas-ev.de\/wp-content\/uploads\/2018\/01\/Tagebucheintr\u00e4ge_von_Priska_Steinebrunner_Bild.1-e1514985026601-169x300.jpg 169w, https:\/\/test.ispas-ev.de\/wp-content\/uploads\/2018\/01\/Tagebucheintr\u00e4ge_von_Priska_Steinebrunner_Bild.1-e1514985026601.jpg 395w\" sizes=\"(max-width: 169px) 100vw, 169px\" \/><\/a>\n\t\t\t<\/div><\/figure><figure class='gallery-item'>\n\t\t\t<div class='gallery-icon portrait'>\n\t\t\t\t<a href='https:\/\/test.ispas-ev.de\/wp-content\/uploads\/2018\/01\/Tagebucheintr\u00e4ge_von_Priska_Steinebrunner_Bild.2-e1514985040391.jpg'><img width=\"169\" height=\"300\" src=\"https:\/\/test.ispas-ev.de\/wp-content\/uploads\/2018\/01\/Tagebucheintr\u00e4ge_von_Priska_Steinebrunner_Bild.2-e1514985040391-169x300.jpg\" class=\"attachment-medium size-medium\" alt=\"\" decoding=\"async\" loading=\"lazy\" srcset=\"https:\/\/test.ispas-ev.de\/wp-content\/uploads\/2018\/01\/Tagebucheintr\u00e4ge_von_Priska_Steinebrunner_Bild.2-e1514985040391-169x300.jpg 169w, https:\/\/test.ispas-ev.de\/wp-content\/uploads\/2018\/01\/Tagebucheintr\u00e4ge_von_Priska_Steinebrunner_Bild.2-e1514985040391.jpg 391w\" sizes=\"(max-width: 169px) 100vw, 169px\" \/><\/a>\n\t\t\t<\/div><\/figure>\n\t\t<\/div>\n\n<h5 style=\"text-align: justify;\">17.10.17<\/h5>\n<div id='gallery-2' class='gallery galleryid-4029 gallery-columns-2 gallery-size-medium'><figure class='gallery-item'>\n\t\t\t<div class='gallery-icon landscape'>\n\t\t\t\t<a href='https:\/\/test.ispas-ev.de\/wp-content\/uploads\/2018\/01\/Tagebucheintr\u00e4ge_von_Priska_Steinebrunner_Bild.4.jpg'><img width=\"300\" height=\"169\" src=\"https:\/\/test.ispas-ev.de\/wp-content\/uploads\/2018\/01\/Tagebucheintr\u00e4ge_von_Priska_Steinebrunner_Bild.4-300x169.jpg\" class=\"attachment-medium size-medium\" alt=\"\" decoding=\"async\" loading=\"lazy\" srcset=\"https:\/\/test.ispas-ev.de\/wp-content\/uploads\/2018\/01\/Tagebucheintr\u00e4ge_von_Priska_Steinebrunner_Bild.4-300x169.jpg 300w, https:\/\/test.ispas-ev.de\/wp-content\/uploads\/2018\/01\/Tagebucheintr\u00e4ge_von_Priska_Steinebrunner_Bild.4.jpg 631w\" sizes=\"(max-width: 300px) 100vw, 300px\" \/><\/a>\n\t\t\t<\/div><\/figure><figure class='gallery-item'>\n\t\t\t<div class='gallery-icon landscape'>\n\t\t\t\t<a href='https:\/\/test.ispas-ev.de\/wp-content\/uploads\/2018\/01\/Tagebucheintr\u00e4ge_von_Priska_Steinebrunner_Bild.3.jpg'><img width=\"300\" height=\"168\" src=\"https:\/\/test.ispas-ev.de\/wp-content\/uploads\/2018\/01\/Tagebucheintr\u00e4ge_von_Priska_Steinebrunner_Bild.3-300x168.jpg\" class=\"attachment-medium size-medium\" alt=\"\" decoding=\"async\" loading=\"lazy\" srcset=\"https:\/\/test.ispas-ev.de\/wp-content\/uploads\/2018\/01\/Tagebucheintr\u00e4ge_von_Priska_Steinebrunner_Bild.3-300x168.jpg 300w, https:\/\/test.ispas-ev.de\/wp-content\/uploads\/2018\/01\/Tagebucheintr\u00e4ge_von_Priska_Steinebrunner_Bild.3.jpg 672w\" sizes=\"(max-width: 300px) 100vw, 300px\" \/><\/a>\n\t\t\t<\/div><\/figure>\n\t\t<\/div>\n\n<p style=\"text-align: justify;\">Heute ging der eigentliche Workshop los. Zuerst machten wir einige Kennenlern- und Aufw\u00e4rmspiele, bevor wir anfingen, mit Peter H\u00e4rtlings Gedicht \u00abDu mit der Kinderstimme\u00bb zu arbeiten, eigene Eindr\u00fccke aufzuschreiben und dann darzustellen. Der Vormittag war sehr spannend und inspirierend. Nachmittags ging es nach Stuttgart. Eigentlich sollten wir eine F\u00fchrung erhalten, doch der F\u00fchrer tauchte nicht auf, und so machten wir unsere eigene Tour durch Stuttgart, a\u00dfen schw\u00e4bische Maultaschen und Eis und beendeten die Tour mit dem Besuch des Fernsehturms. Es war ein sch\u00f6ner, aber auch anstrengender Tag und ich bin froh, jetzt ins Bett zu k\u00f6nnen.<\/p>\n<h5>18.10.17<\/h5>\n<p style=\"text-align: justify;\"><a href=\"http:\/\/www.ispas-ev.de\/wp-content\/uploads\/2018\/01\/Tagebucheintr\u00e4ge_von_Priska_Steinebrunner_Bild.5.jpg\"><img decoding=\"async\" loading=\"lazy\" class=\"alignleft wp-image-4035 size-medium\" src=\"http:\/\/www.ispas-ev.de\/wp-content\/uploads\/2018\/01\/Tagebucheintr\u00e4ge_von_Priska_Steinebrunner_Bild.5-300x225.jpg\" alt=\"\" width=\"300\" height=\"225\" srcset=\"https:\/\/test.ispas-ev.de\/wp-content\/uploads\/2018\/01\/Tagebucheintr\u00e4ge_von_Priska_Steinebrunner_Bild.5-300x225.jpg 300w, https:\/\/test.ispas-ev.de\/wp-content\/uploads\/2018\/01\/Tagebucheintr\u00e4ge_von_Priska_Steinebrunner_Bild.5.jpg 570w\" sizes=\"(max-width: 300px) 100vw, 300px\" \/><\/a>Der heutige Workshop unterschied sich nicht besonders von dem gestrigen. Wir arbeiteten mit unseren Texten, aber spielten auch auf der B\u00fchne. Nach einem sehr gesunden Mittagessen bei McDonalds besuchten wir ein Museum, das extra f\u00fcr uns ge\u00f6ffnet hatte und betrachteten eine Lichtskulptur und verschiedene Bilder. Danach hatten wir die M\u00f6glichkeit, in einem Einkaufszentrum herumzulaufen, doch Elif und ich sind ziemlich schnell bei der Buchhandlung h\u00e4ngen geblieben. Sp\u00e4ter ging es zur\u00fcck Richtung Stadtkern, wo wir etwas a\u00dfen und ein Jugendcaf\u00e9 besuchten. Um 19 Uhr begann dann die Lesung von Manfred Mai \u00fcber seine B\u00fccher Winterjahre und Fr\u00fchlingsboten. Auch dieser Tag war sehr anstrengend, aber wir haben einiges gelernt.<\/p>\n<h5 style=\"text-align: justify;\"><a href=\"http:\/\/www.ispas-ev.de\/wp-content\/uploads\/2018\/01\/Tagebucheintr\u00e4ge_von_Priska_Steinebrunner_Bild.6.jpg\"><img decoding=\"async\" loading=\"lazy\" class=\"alignnone wp-image-4036 size-full\" src=\"http:\/\/www.ispas-ev.de\/wp-content\/uploads\/2018\/01\/Tagebucheintr\u00e4ge_von_Priska_Steinebrunner_Bild.6.jpg\" alt=\"\" width=\"713\" height=\"401\" srcset=\"https:\/\/test.ispas-ev.de\/wp-content\/uploads\/2018\/01\/Tagebucheintr\u00e4ge_von_Priska_Steinebrunner_Bild.6.jpg 713w, https:\/\/test.ispas-ev.de\/wp-content\/uploads\/2018\/01\/Tagebucheintr\u00e4ge_von_Priska_Steinebrunner_Bild.6-300x169.jpg 300w\" sizes=\"(max-width: 713px) 100vw, 713px\" \/><\/a><br \/>\n19.10.17<\/h5>\n<div id='gallery-3' class='gallery galleryid-4029 gallery-columns-2 gallery-size-medium'><figure class='gallery-item'>\n\t\t\t<div class='gallery-icon landscape'>\n\t\t\t\t<a href='https:\/\/test.ispas-ev.de\/wp-content\/uploads\/2018\/01\/Tagebucheintr\u00e4ge_von_Priska_Steinebrunner_Bild.8.jpg'><img width=\"300\" height=\"207\" src=\"https:\/\/test.ispas-ev.de\/wp-content\/uploads\/2018\/01\/Tagebucheintr\u00e4ge_von_Priska_Steinebrunner_Bild.8-300x207.jpg\" class=\"attachment-medium size-medium\" alt=\"\" decoding=\"async\" loading=\"lazy\" srcset=\"https:\/\/test.ispas-ev.de\/wp-content\/uploads\/2018\/01\/Tagebucheintr\u00e4ge_von_Priska_Steinebrunner_Bild.8-300x207.jpg 300w, https:\/\/test.ispas-ev.de\/wp-content\/uploads\/2018\/01\/Tagebucheintr\u00e4ge_von_Priska_Steinebrunner_Bild.8.jpg 653w\" sizes=\"(max-width: 300px) 100vw, 300px\" \/><\/a>\n\t\t\t<\/div><\/figure><figure class='gallery-item'>\n\t\t\t<div class='gallery-icon landscape'>\n\t\t\t\t<a href='https:\/\/test.ispas-ev.de\/wp-content\/uploads\/2018\/01\/Tagebucheintr\u00e4ge_von_Priska_Steinebrunner_Bild.7.jpg'><img width=\"300\" height=\"175\" src=\"https:\/\/test.ispas-ev.de\/wp-content\/uploads\/2018\/01\/Tagebucheintr\u00e4ge_von_Priska_Steinebrunner_Bild.7-300x175.jpg\" class=\"attachment-medium size-medium\" alt=\"\" decoding=\"async\" loading=\"lazy\" srcset=\"https:\/\/test.ispas-ev.de\/wp-content\/uploads\/2018\/01\/Tagebucheintr\u00e4ge_von_Priska_Steinebrunner_Bild.7-300x175.jpg 300w, https:\/\/test.ispas-ev.de\/wp-content\/uploads\/2018\/01\/Tagebucheintr\u00e4ge_von_Priska_Steinebrunner_Bild.7.jpg 751w\" sizes=\"(max-width: 300px) 100vw, 300px\" \/><\/a>\n\t\t\t<\/div><\/figure>\n\t\t<\/div>\n\n<p style=\"text-align: justify;\">Heute begannen wir mit der eigentlichen Ausarbeitung der Performance f\u00fcr morgen. Die beiden Theaterp\u00e4dagoginnen hatten auf heute einen Ablauf zusammengeschrieben, den wir ausgearbeitet haben. Ich glaube, das wird eine sehr lustige und auch spannende Show. Nach dem Mittagessen ging es mit dem Kleinbus zu einem ehemaligen Kloster und Jagdschloss, welches wir besichtigten. Danach fuhren wir zur Fabrik von Ritter Sport, wo wir allerdings nur eine hei\u00dfe Schokolade tranken und den Laden ausr\u00e4umten. Allerdings muss man sagen, dass die Schweizer ein gr\u00f6\u00dferes Sortiment, aber auch die viel teurere Schokolade haben. Den Abend verbrachten wir in einem Jugendhaus in Darmsheim mit Air-Hockey, Billard, Tischfu\u00dfball etc. Wir hatten viel Spa\u00df und freuen uns auf morgen.<\/p>\n<h5>20.10.17<\/h5>\n<div id='gallery-4' class='gallery galleryid-4029 gallery-columns-2 gallery-size-medium'><figure class='gallery-item'>\n\t\t\t<div class='gallery-icon landscape'>\n\t\t\t\t<a href='https:\/\/test.ispas-ev.de\/wp-content\/uploads\/2018\/01\/Tagebucheintr\u00e4ge_von_Priska_Steinebrunner_Bild.10.jpg'><img width=\"300\" height=\"225\" src=\"https:\/\/test.ispas-ev.de\/wp-content\/uploads\/2018\/01\/Tagebucheintr\u00e4ge_von_Priska_Steinebrunner_Bild.10-300x225.jpg\" class=\"attachment-medium size-medium\" alt=\"\" decoding=\"async\" loading=\"lazy\" srcset=\"https:\/\/test.ispas-ev.de\/wp-content\/uploads\/2018\/01\/Tagebucheintr\u00e4ge_von_Priska_Steinebrunner_Bild.10-300x225.jpg 300w, https:\/\/test.ispas-ev.de\/wp-content\/uploads\/2018\/01\/Tagebucheintr\u00e4ge_von_Priska_Steinebrunner_Bild.10.jpg 727w\" sizes=\"(max-width: 300px) 100vw, 300px\" \/><\/a>\n\t\t\t<\/div><\/figure><figure class='gallery-item'>\n\t\t\t<div class='gallery-icon landscape'>\n\t\t\t\t<a href='https:\/\/test.ispas-ev.de\/wp-content\/uploads\/2018\/01\/Tagebucheintr\u00e4ge_von_Priska_Steinebrunner_Bild.9.jpg'><img width=\"300\" height=\"225\" src=\"https:\/\/test.ispas-ev.de\/wp-content\/uploads\/2018\/01\/Tagebucheintr\u00e4ge_von_Priska_Steinebrunner_Bild.9-300x225.jpg\" class=\"attachment-medium size-medium\" alt=\"\" decoding=\"async\" loading=\"lazy\" srcset=\"https:\/\/test.ispas-ev.de\/wp-content\/uploads\/2018\/01\/Tagebucheintr\u00e4ge_von_Priska_Steinebrunner_Bild.9-300x225.jpg 300w, https:\/\/test.ispas-ev.de\/wp-content\/uploads\/2018\/01\/Tagebucheintr\u00e4ge_von_Priska_Steinebrunner_Bild.9.jpg 664w\" sizes=\"(max-width: 300px) 100vw, 300px\" \/><\/a>\n\t\t\t<\/div><\/figure>\n\t\t<\/div>\n\n<p style=\"text-align: justify;\">Heute war die Intensivprobe, die bis in den Nachmittag dauerte. Wir spielten die ganze Performance mehrmals durch, anfangs noch stockend und mit vielen Wiederholungen in den Szenen, dann aber fl\u00fcssiger. Zum Mittagessen gab es Riesenpizzas, bei denen ein St\u00fcck so gro\u00df war wie vier normale St\u00fccke. Nach der Probe hatten wir noch etwas Zeit bis zur Auff\u00fchrung, die wir zum Eis essen und einem l\u00e4ngeren Spaziergang nutzten. Die Nervosit\u00e4t stieg, bis wir schlie\u00dflich alle hinter der B\u00fchne standen und warteten, dass es losgeht. Die Auff\u00fchrung war ein totaler Erfolg und die Zuschauer waren begeistert. Nachdem wir alles aufger\u00e4umt hatten, gingen wir zusammen in das Geb\u00e4ude der Musikschule, um dort zu essen und einfach zum letzten Mal zusammen zu sein, bevor es f\u00fcr die Torgauer und f\u00fcr uns zur\u00fcck nach Hause geht. Morgen fahren wir ab. Es war eine tolle Woche, wir hatten viel Spa\u00df und haben auch viel gelernt. Ich hoffe, wir k\u00f6nnen den Kontakt zu den anderen halten und vielleicht mal wieder bei so etwas mitmachen.<\/p>\n<p style=\"text-align: justify;\">Priska Steinebrunner<\/p>\n","protected":false},"excerpt":{"rendered":"<p>Tagebuchaufzeichnungen von Priska Steinebrunner, Frick \/ Schweiz Im Rahmen der Literaturtage in Sindelfingen reisten Elif und ich (Priska) dorthin, um an einem Schreibperformance-Workshop teilzunehmen. Wir blieben hier vom 16.10.17 bis [&hellip;]<\/p>\n","protected":false},"author":8,"featured_media":4040,"comment_status":"closed","ping_status":"closed","sticky":false,"template":"","format":"standard","meta":{"ngg_post_thumbnail":0},"categories":[44,48],"tags":[],"_links":{"self":[{"href":"https:\/\/test.ispas-ev.de\/index.php?rest_route=\/wp\/v2\/posts\/4029"}],"collection":[{"href":"https:\/\/test.ispas-ev.de\/index.php?rest_route=\/wp\/v2\/posts"}],"about":[{"href":"https:\/\/test.ispas-ev.de\/index.php?rest_route=\/wp\/v2\/types\/post"}],"author":[{"embeddable":true,"href":"https:\/\/test.ispas-ev.de\/index.php?rest_route=\/wp\/v2\/users\/8"}],"replies":[{"embeddable":true,"href":"https:\/\/test.ispas-ev.de\/index.php?rest_route=%2Fwp%2Fv2%2Fcomments&post=4029"}],"version-history":[{"count":19,"href":"https:\/\/test.ispas-ev.de\/index.php?rest_route=\/wp\/v2\/posts\/4029\/revisions"}],"predecessor-version":[{"id":4069,"href":"https:\/\/test.ispas-ev.de\/index.php?rest_route=\/wp\/v2\/posts\/4029\/revisions\/4069"}],"wp:featuredmedia":[{"embeddable":true,"href":"https:\/\/test.ispas-ev.de\/index.php?rest_route=\/wp\/v2\/media\/4040"}],"wp:attachment":[{"href":"https:\/\/test.ispas-ev.de\/index.php?rest_route=%2Fwp%2Fv2%2Fmedia&parent=4029"}],"wp:term":[{"taxonomy":"category","embeddable":true,"href":"https:\/\/test.ispas-ev.de\/index.php?rest_route=%2Fwp%2Fv2%2Fcategories&post=4029"},{"taxonomy":"post_tag","embeddable":true,"href":"https:\/\/test.ispas-ev.de\/index.php?rest_route=%2Fwp%2Fv2%2Ftags&post=4029"}],"curies":[{"name":"wp","href":"https:\/\/api.w.org\/{rel}","templated":true}]}}